{"id":10017,"date":"2013-09-06T11:49:13","date_gmt":"2013-09-06T09:49:13","guid":{"rendered":"http:\/\/www.invarena.cz\/?p=10017"},"modified":"2014-10-20T20:09:43","modified_gmt":"2014-10-20T18:09:43","slug":"nevidomi-usednou-za-volant-auta-i-traktoru","status":"publish","type":"post","link":"https:\/\/www.invarena.cz\/?p=10017","title":{"rendered":"Nevidom\u00ed usednou za volant auta i traktoru"},"content":{"rendered":"<p><strong>M\u016f\u017ee nevidom\u00fd usednout za volant auta, zast\u0159\u00edlet si nebo se projet na kole? Snadn\u00e9 to sice nen\u00ed, ale nen\u00ed to ani nemo\u017en\u00e9. P\u0159esv\u011bd\u010dit se o tom mohou lid\u00e9, kte\u0159\u00ed si o v\u00edkendu najdou cestu na chebsk\u00e9 leti\u0161t\u011b. Ztr\u00e1ta zraku toti\u017e nemus\u00ed b\u00fdt jednosm\u011brnou cestou k izolaci. <\/strong><\/p>\n<p><!--more--><\/p>\n<p>Na uzav\u0159en\u00e9m chebsk\u00e9m leti\u0161ti si v sobotu 7.9.\u00a0 nevidom\u00ed a slabozrac\u00ed z cel\u00e9ho Karlovarsk\u00e9ho kraje, pochopiteln\u011b pod dozorem zku\u0161en\u00fdch instruktor\u016f, vyzkou\u0161ej\u00ed, co obn\u00e1\u0161\u00ed \u0159\u00edzen\u00ed nejen osobn\u00edho auta, ale tak\u00e9 traktoru, nebo dokonce autobusu.<\/p>\n<p>&#8222;Auto\u0161kola Beetle z Chebu n\u00e1m zap\u016fj\u010d\u00ed na tuto akci jedno osobn\u00ed auto, ostatn\u00ed vozidla n\u00e1m poskytne chebsk\u00e1 Auto\u0161kola integrovan\u00e9 st\u0159edn\u00ed \u0161koly. Cel\u00e1 akce se uskute\u010dn\u00ed za odborn\u00e9 instrukt\u00e1\u017ee u\u010ditel\u016f auto\u0161kol,&#8220; \u0159ekl pracovn\u00edk chebsk\u00e9ho Tyflocentra Emil Mikl\u00f3\u0161. Ten si ovl\u00e1d\u00e1n\u00ed auta vyzkou\u0161el u\u017e p\u0159ed n\u011bkolika roky a st\u00e1le na neoby\u010dejn\u00fd z\u00e1\u017eitek vzpom\u00edn\u00e1.<\/p>\n<p>&#8222;Jakmile jsem poprv\u00e9 usedl za volant, c\u00edtil jsem, jak mi stoup\u00e1 krevn\u00ed tlak. Vzru\u0161en\u00ed se stup\u0148ovalo, kdy\u017e jsem oto\u010dil kl\u00ed\u010dkem a motor nasko\u010dil. Je to fantastick\u00fd pocit, kdy\u017e pomalu a s citem pou\u0161t\u00edte spojku a sou\u010dasn\u011b p\u0159id\u00e1v\u00e1te plyn a c\u00edt\u00edte, jak se auto rozj\u00ed\u017ed\u00ed,&#8220; \u0159ekl Mikl\u00f3\u0161, podle n\u011bj\u017e i kr\u00e1tk\u00e1 zku\u0161enost za volantem umo\u017e\u0148uje zrakov\u011b posti\u017een\u00fdm l\u00e9pe pochopit, co se d\u011bje, kdy\u017e jedou autem jako spolujezdci. A zbavit je strachu a nejistoty.<\/p>\n<p>&#8222;Te\u010f u\u017e m\u00e1m z j\u00edzdy autem mnohem lep\u0161\u00ed pocit. V duchu si \u0159\u00edk\u00e1m, te\u010f \u0159idi\u010d \u0159ad\u00ed, pou\u0161t\u00ed spojku. P\u0159ipad\u00e1 mi, jako bych trochu v\u016fz ovl\u00e1dal s n\u00edm,&#8220; podotkl Emil Mikl\u00f3\u0161. Pochopen\u00ed na\u0161li zrakov\u011b posti\u017een\u00ed i u chebsk\u00e9ho Ultralight clubu. V sobotu mohou mal\u00e1 letadla bez rozpak\u016f prozkoumat hmatem.<\/p>\n<p>&#8222;Jist\u011b dojde i na mnoh\u00e9 zv\u00eddav\u00e9 dotazy, kter\u00e9 n\u00e1m letci r\u00e1di zodpov\u00ed,&#8220; v\u011b\u0159\u00ed Mikl\u00f3\u0161.<\/p>\n<p>Na sobotn\u00ed akci si mohou lid\u00e9 prohl\u00e9dnout vybran\u00e9 kompenza\u010dn\u00ed pom\u016fcky pro zrakov\u011b posti\u017een\u00e9, kter\u00e9 jim usnad\u0148uj\u00ed \u017eivot. Nap\u0159\u00edklad \u0161ablony pro psan\u00ed nebo rozpozn\u00e1n\u00ed bankovek, m\u011b\u0159idla hladiny, hodinky, teplom\u011bry \u010di mobiln\u00ed telefony a po\u010d\u00edta\u010de s hlasov\u00fdm v\u00fdstupem.<\/p>\n<p>&#8222;Prohl\u00e9dnout lze tak\u00e9 prodejn\u00ed v\u00fdstavku v\u00fdrobk\u016f z prout\u00ed, keramiky, textili\u00ed a vosku, zhotoven\u00e9 frekventanty rekvalifika\u010dn\u00edch kurz\u016f v Praze na D\u011bdin\u011b,&#8220; dodal Emil Mikl\u00f3\u0161.<\/p>\n<p>Mlad\u00e1 fronta DNES<\/p>\n<h2>A jak akce dopadla? aneb nevidom\u00ed si d\u011blali &#8222;\u0159idi\u010d\u00e1k&#8220;<\/h2>\n<p>Zrakov\u011b posti\u017een\u00ed si u\u017e\u00edvali v sobotu neobvykl\u00e9 z\u00e1\u017eitky na chebsk\u00e9m leti\u0161ti. S pomoc\u00ed instruktor\u016f auto\u0161kol si mohli vyzkou\u0161et, jak\u00e9 je to \u0159\u00eddit osobn\u00ed auto, traktor nebo dokonce n\u00e1kladn\u00ed v\u016fz.<\/p>\n<p>&#8222;Podobnou akci jsme uspo\u0159\u00e1dali u\u017e po \u0161est\u00e9, je to pro n\u00e1s p\u0159\u00edle\u017eitost, vyzkou\u0161et si to, co je pro ostatn\u00ed samoz\u0159ejm\u00e9,&#8220; \u0159ekl vedouc\u00ed chebsk\u00e9ho Tyflocentra Emil Mikl\u00f3\u0161.<\/p>\n<p>Na leti\u0161t\u011b letos zav\u00edtalo t\u00e9m\u011b\u0159 \u0161est des\u00edtek zrakov\u011b posti\u017een\u00fdch. Hlavn\u011b z Chebu a okol\u00ed, ale tak\u00e9 z Karlovarsk\u00e9ho kraje. &#8222;P\u0159ijeli i nevidom\u00ed z Prahy, \u010cesk\u00e9 L\u00edpy nebo \u00dast\u00ed nad Labem,&#8220; doplnil Emil Mikl\u00f3\u0161, podle n\u011bj\u017e si v\u011bt\u0161ina \u0159\u00edzen\u00ed vyzkou\u0161ela.<\/p>\n<p>Ten je vd\u011b\u010dn\u00fd za podporu auto\u0161koly Beetle i chebsk\u00e9 Integrovan\u00e9 st\u0159edn\u00ed \u0161koly, kter\u00e1 p\u0159istavila traktor a n\u00e1kladn\u00ed v\u016fz a zajistila instruktory.<\/p>\n<p>T\u0159e\u0161ni\u010dkou na dortu byl pro \u00fa\u010dastn\u00edky akce i speci\u00e1ln\u00ed \u0159idi\u010dsk\u00fd pr\u016fkaz, k jeho\u017e z\u00edsk\u00e1n\u00ed bylo ale nutn\u00e9 zodpov\u011bd\u011bt dv\u011b n\u00e1hodn\u00e9 ot\u00e1zky z pravidel silni\u010dn\u00edho provozu.<\/p>\n<p>&#8222;Je to ohromn\u00fd z\u00e1\u017eitek. Vyzkou\u0161el jsem si j\u00edzdu v osobn\u00edm i v n\u00e1kladn\u00edm aut\u011b. Nejv\u00edc na m\u011b asi zap\u016fsobila j\u00edzda v traktoru. I kdy\u017e byl hodn\u011b hlu\u010dn\u00fd a trochu sk\u00e1kal,&#8220; zhodnotil dvaat\u0159icetilet\u00fd Tom\u00e1\u0161 Vrchlavsk\u00fd z Podhradu u Chebu.<\/p>\n<p>&#8222;Jsem r\u00e1d, \u017ee jsem se dok\u00e1zal rozjet bez velk\u00e9ho cuk\u00e1n\u00ed, \u017ee jsem si to mohl pro\u017e\u00edt a vyzkou\u0161et,&#8220; podotkl Vrchlavsk\u00fd, kter\u00fd m\u00e1 jen minim\u00e1ln\u00ed zbytky zraku. &#8222;Vid\u011bt jsem p\u0159estal asi v p\u011bti letech. Jsem vlastn\u011b docela r\u00e1d, \u017ee si to nepamatuji. D\u00edt\u011b to sn\u00e1\u0161\u00ed asi l\u00e9pe ne\u017e dosp\u011bl\u00fd, nem\u00e1 takov\u00e9 psychick\u00e9 probl\u00e9my,&#8220; nazna\u010dil Tom\u00e1\u0161.<\/p>\n<p>Mo\u017enost vyzkou\u0161et \u0159\u00edzen\u00ed nebyla zdaleka jedinou atrakc\u00ed setk\u00e1n\u00ed na chebsk\u00e9m leti\u0161ti. &#8222;Mohli jsme si auta i traktor osahat, stejn\u011b jako ultralehk\u00e1 letadla. Kdo cht\u011bl, mohl se i prolet\u011bt. To u\u017e ale bohu\u017eel nebylo zadarmo,&#8220; poznamenal Emil Mikl\u00f3\u0161.<\/p>\n<p>Organiz\u00e1to\u0159i z krajsk\u00e9 servisn\u00ed organizace pro zrakov\u011b posti\u017een\u00e9 p\u0159ipravili i tandemov\u00e9 kolo. Velk\u00fd z\u00e1jem byl o st\u0159elbu elektronick\u00fdm paprskem z policejn\u00ed pistole r\u00e1\u017ee 7.65 na ozvu\u010den\u00fd c\u00edl.<\/p>\n<p>Na leti\u0161tn\u00ed plochu si na\u0161li cestu i lid\u00e9 z Chebu a okol\u00ed. Ti se mohli sezn\u00e1mit s kompenza\u010dn\u00edmi pom\u016fckami, kter\u00e9 nevidom\u00fdm a slabozrak\u00fdm pom\u00e1haj\u00ed p\u0159ekon\u00e1vat \u00faskal\u00ed b\u011b\u017en\u00e9ho \u017eivota. Nap\u0159\u00edklad \u0161ablony pro psan\u00ed nebo rozpozn\u00e1n\u00ed bankovek, m\u011b\u0159idla hladiny, hodinky, teplom\u011bry \u010di mobiln\u00ed telefony a po\u010d\u00edta\u010de s hlasov\u00fdm v\u00fdstupem.<\/p>\n<p>&#8222;P\u0159ipravili jsme prodejn\u00ed v\u00fdstavku v\u00fdrobk\u016f z prout\u00ed, keramiky, textili\u00ed a vosku, zhotoven\u00e9 frekventanty rekvalifika\u010dn\u00edch kurz\u016f v Praze na D\u011bdin\u011b,&#8220; dodal Emil Mikl\u00f3\u0161. O p\u0159\u00edjemnou atmosf\u00e9ru se tradi\u010dn\u011b postarali nevidom\u00ed zp\u011bv\u00e1ci a hudebn\u00edci.<\/p>\n<p>Mlad\u00e1 fronta DNES<\/p>\n<p>Michal Houdek<\/p>\n","protected":false},"excerpt":{"rendered":"<div class=\"mh-excerpt\"><p>M\u016f\u017ee nevidom\u00fd usednout za volant auta, zast\u0159\u00edlet si nebo se projet na kole? Snadn\u00e9 to sice nen\u00ed, ale nen\u00ed to ani nemo\u017en\u00e9. P\u0159esv\u011bd\u010dit se o <a class=\"mh-excerpt-more\" href=\"https:\/\/www.invarena.cz\/?p=10017\" title=\"Nevidom\u00ed usednou za volant auta i traktoru\">[&#8230;]<\/a><\/p>\n<\/div>","protected":false},"author":1,"featured_media":10018,"comment_status":"open","ping_status":"open","sticky":false,"template":"","format":"standard","meta":{"footnotes":""},"categories":[7],"tags":[],"class_list":["post-10017","post","type-post","status-publish","format-standard","has-post-thumbnail","hentry","category-spolecnost"],"_links":{"self":[{"href":"https:\/\/www.invarena.cz\/index.php?rest_route=\/wp\/v2\/posts\/10017","targetHints":{"allow":["GET"]}}],"collection":[{"href":"https:\/\/www.invarena.cz\/index.php?rest_route=\/wp\/v2\/posts"}],"about":[{"href":"https:\/\/www.invarena.cz\/index.php?rest_route=\/wp\/v2\/types\/post"}],"author":[{"embeddable":true,"href":"https:\/\/www.invarena.cz\/index.php?rest_route=\/wp\/v2\/users\/1"}],"replies":[{"embeddable":true,"href":"https:\/\/www.invarena.cz\/index.php?rest_route=%2Fwp%2Fv2%2Fcomments&post=10017"}],"version-history":[{"count":0,"href":"https:\/\/www.invarena.cz\/index.php?rest_route=\/wp\/v2\/posts\/10017\/revisions"}],"wp:featuredmedia":[{"embeddable":true,"href":"https:\/\/www.invarena.cz\/index.php?rest_route=\/wp\/v2\/media\/10018"}],"wp:attachment":[{"href":"https:\/\/www.invarena.cz\/index.php?rest_route=%2Fwp%2Fv2%2Fmedia&parent=10017"}],"wp:term":[{"taxonomy":"category","embeddable":true,"href":"https:\/\/www.invarena.cz\/index.php?rest_route=%2Fwp%2Fv2%2Fcategories&post=10017"},{"taxonomy":"post_tag","embeddable":true,"href":"https:\/\/www.invarena.cz\/index.php?rest_route=%2Fwp%2Fv2%2Ftags&post=10017"}],"curies":[{"name":"wp","href":"https:\/\/api.w.org\/{rel}","templated":true}]}}