{"id":10051,"date":"2013-09-21T19:39:04","date_gmt":"2013-09-21T17:39:04","guid":{"rendered":"http:\/\/www.invarena.cz\/?p=10051"},"modified":"2013-09-21T19:39:04","modified_gmt":"2013-09-21T17:39:04","slug":"do-roku-2015-ma-postupne-zaniknout-statut-osoby-zdravotne-znevyhodnene","status":"publish","type":"post","link":"https:\/\/www.invarena.cz\/?p=10051","title":{"rendered":"Do roku 2015 m\u00e1 postupn\u011b zaniknout statut osoby zdravotn\u011b znev\u00fdhodn\u011bn\u00e9"},"content":{"rendered":"<p><strong>Do roku 2015 m\u00e1 postupn\u011b zaniknout statut osoby zdravotn\u011b znev\u00fdhodn\u011bn\u00e9. Na z\u00e1klad\u011b novelizace z\u00e1kona u\u017e letos za\u010dalo ministerstvo pr\u00e1ce a soci\u00e1ln\u00edch v\u011bc\u00ed vy\u0159azovat z evidence lidi s nejleh\u010d\u00ed diagn\u00f3zou.<!--more--><\/strong><\/p>\n<p>C\u00edlem je u\u0161et\u0159it pen\u00edze na soci\u00e1ln\u00edch v\u00fddaj\u00edch st\u00e1tu. Mnoha lidem ale po odebr\u00e1n\u00ed t\u00e9to klasifikace hroz\u00ed ztr\u00e1ta zam\u011bstn\u00e1n\u00ed v chr\u00e1n\u011bn\u00fdch d\u00edln\u00e1ch \u010di v\u00fdrobn\u00edch dru\u017estvech.<\/p>\n<p>Nap\u0159\u00edklad chemick\u00e9 V\u00fdrobn\u00ed dru\u017estvo D\u016fbrava ve Vala\u0161sk\u00fdch Klobouk\u00e1ch zam\u011bstn\u00e1valo a\u017e do leto\u0161n\u00edho pololet\u00ed 60 % lid\u00ed s nejr\u016fzn\u011bj\u0161\u00edm stupn\u011bm posti\u017een\u00ed.<\/p>\n<p>&#8222;15 rok\u016f m\u00e1m sn\u00ed\u017eenou pracovn\u00ed schopnost a te\u010fka d\u00edky nov\u00e9mu z\u00e1konu budu zdrav\u00e1,&#8220; \u0159ekla v report\u00e1\u017ei \u010cesk\u00e9ho rozhlasu Zdislava PSOTOV\u00c1, d\u011blnice z V\u00fdrobn\u00edho dru\u017estva D\u016fbrava, Vala\u0161sk\u00e9 Klobouky.<\/p>\n<p>Jeho p\u0159edseda Emil Z\u016fbek sice v\u011bt\u0161inu sv\u00fdch sice v\u011bt\u0161inu sv\u00fdch zam\u011bstnanc\u016f udr\u017eel, ni\u017e\u0161\u00ed v\u00fdkony, kter\u00e9 d\u0159\u00edv dorovn\u00e1val st\u00e1t, ale dotuje podnik.<\/p>\n<p>&#8222;Z hlediska lidsk\u00e9ho, mor\u00e1ln\u00edho je dost t\u011b\u017eko ty lidi propustit. Zat\u00edm to dr\u017e\u00edme, pokud to bude \u00fanosn\u00e9, tak se budeme sna\u017eit to udr\u017eet, v p\u0159\u00edpad\u011b, \u017ee to u\u017e opravdu bude ne\u00fanosn\u00e9, tak bohu\u017eel bude muset doj\u00edt k tomu, co si nikdo z n\u00e1s nep\u0159eje a \u010d\u00e1st lid\u00ed budeme muset uvolnit,&#8220; \u0159ekl Z\u00fabek.<\/p>\n<p>podle \u010cRo &#8211; Brno zaznamenala invArena<\/p>\n","protected":false},"excerpt":{"rendered":"<div class=\"mh-excerpt\"><p>Do roku 2015 m\u00e1 postupn\u011b zaniknout statut osoby zdravotn\u011b znev\u00fdhodn\u011bn\u00e9. Na z\u00e1klad\u011b novelizace z\u00e1kona u\u017e letos za\u010dalo ministerstvo pr\u00e1ce a soci\u00e1ln\u00edch v\u011bc\u00ed vy\u0159azovat z evidence <a class=\"mh-excerpt-more\" href=\"https:\/\/www.invarena.cz\/?p=10051\" title=\"Do roku 2015 m\u00e1 postupn\u011b zaniknout statut osoby zdravotn\u011b znev\u00fdhodn\u011bn\u00e9\">[&#8230;]<\/a><\/p>\n<\/div>","protected":false},"author":1,"featured_media":1171,"comment_status":"open","ping_status":"open","sticky":false,"template":"","format":"standard","meta":{"footnotes":""},"categories":[7],"tags":[],"class_list":["post-10051","post","type-post","status-publish","format-standard","has-post-thumbnail","hentry","category-spolecnost"],"_links":{"self":[{"href":"https:\/\/www.invarena.cz\/index.php?rest_route=\/wp\/v2\/posts\/10051","targetHints":{"allow":["GET"]}}],"collection":[{"href":"https:\/\/www.invarena.cz\/index.php?rest_route=\/wp\/v2\/posts"}],"about":[{"href":"https:\/\/www.invarena.cz\/index.php?rest_route=\/wp\/v2\/types\/post"}],"author":[{"embeddable":true,"href":"https:\/\/www.invarena.cz\/index.php?rest_route=\/wp\/v2\/users\/1"}],"replies":[{"embeddable":true,"href":"https:\/\/www.invarena.cz\/index.php?rest_route=%2Fwp%2Fv2%2Fcomments&post=10051"}],"version-history":[{"count":0,"href":"https:\/\/www.invarena.cz\/index.php?rest_route=\/wp\/v2\/posts\/10051\/revisions"}],"wp:featuredmedia":[{"embeddable":true,"href":"https:\/\/www.invarena.cz\/index.php?rest_route=\/wp\/v2\/media\/1171"}],"wp:attachment":[{"href":"https:\/\/www.invarena.cz\/index.php?rest_route=%2Fwp%2Fv2%2Fmedia&parent=10051"}],"wp:term":[{"taxonomy":"category","embeddable":true,"href":"https:\/\/www.invarena.cz\/index.php?rest_route=%2Fwp%2Fv2%2Fcategories&post=10051"},{"taxonomy":"post_tag","embeddable":true,"href":"https:\/\/www.invarena.cz\/index.php?rest_route=%2Fwp%2Fv2%2Ftags&post=10051"}],"curies":[{"name":"wp","href":"https:\/\/api.w.org\/{rel}","templated":true}]}}