{"id":10056,"date":"2013-09-06T17:47:02","date_gmt":"2013-09-06T15:47:02","guid":{"rendered":"http:\/\/www.invarena.cz\/?p=10056"},"modified":"2013-09-06T23:49:35","modified_gmt":"2013-09-06T21:49:35","slug":"kampan-ruce-na-prsa-nauci-zeny-jak-si-vysetrovat-nadra","status":"publish","type":"post","link":"https:\/\/www.invarena.cz\/?p=10056","title":{"rendered":"Kampa\u0148 Ruce na prsa nau\u010d\u00ed \u017eeny, jak se vy\u0161et\u0159ovat"},"content":{"rendered":"<p><strong>Kampa\u0148 Ruce na prsa nau\u010d\u00ed \u017eeny na modelu, jak si prsa vy\u0161et\u0159ovat. Tv\u00e1\u0159\u00ed kampan\u011b se stala moder\u00e1torka a here\u010dka Iva Kubelkov\u00e1.<\/strong><\/p>\n<p><!--more--><\/p>\n<p><strong>\u00a0<\/strong>V preventivn\u00ed kampani Ruce na prsa se \u017eeny nau\u010d\u00ed na modelu, jak si maj\u00ed spr\u00e1vn\u011b vy\u0161et\u0159ovat \u0148adra. Mohou tak v\u010das odhalit po\u010d\u00ednaj\u00edc\u00ed rakovinu prsu.<\/p>\n<p>Pravideln\u00fd screening na mamografu plat\u00ed zdravotn\u00ed poji\u0161\u0165ovny \u017een\u00e1m od 45 let jednou za dva roky. V mezidob\u00ed by si m\u011bly prsa ka\u017ed\u00fd m\u011bs\u00edc vy\u0161et\u0159it samy. Vy\u0161et\u0159ovat by si je m\u011bly tak\u00e9 dva miliony \u017een od 20 do 45 let v\u011bku, kter\u00e9 do pravideln\u00e9ho screeningu nespadaj\u00ed.<\/p>\n<p>Vzd\u011bl\u00e1vac\u00ed akce odstartovala dnes v Praze, obecn\u011b prosp\u011b\u0161n\u00e1 spole\u010dnost Dialog Jessenius s n\u00ed zav\u00edt\u00e1 b\u011bhem roku do 18 obchodn\u00edch center v cel\u00e9 \u010cR.<\/p>\n<p>V \u010cesku \u017eije 72.000 \u017een, kter\u00e9 rakovinu prsu m\u011bly nebo maj\u00ed, ka\u017ed\u00fd rok dal\u0161\u00edch 7000 p\u0159ib\u00fdv\u00e1. &#8222;\u00dasp\u011b\u0161nost l\u00e9\u010dby je p\u0159itom p\u0159i v\u010dasn\u00e9 diagn\u00f3ze daleko lep\u0161\u00ed a l\u00e9\u010dba m\u00e9n\u011b zat\u011b\u017euj\u00edc\u00ed,&#8220; \u0159ekla patronka kampan\u011b, p\u0159edn\u00ed \u010desk\u00e1 onkolo\u017eka docentka Petra Tesa\u0159ov\u00e1 z V\u0161eobecn\u00e9 fakultn\u00ed nemocnice.<\/p>\n<p>&#8222;Sta\u010d\u00ed opravdu m\u00e1lo, aby se b\u011b\u017enou a pravidelnou sou\u010d\u00e1st\u00ed p\u00e9\u010de o na\u0161e t\u011blo stalo ka\u017ed\u00fd m\u011bs\u00edc samovy\u0161et\u0159en\u00ed prs\u016f, kter\u00e9 m\u016f\u017ee zachr\u00e1nit \u017eivot,&#8220; dodala.<\/p>\n<p>&#8222;\u017deny, kter\u00e9 nav\u0161t\u00edv\u00ed st\u00e1nek Dialogu Jessenius b\u011bhem jeho \u010dtrn\u00e1ctidenn\u00edch zast\u00e1vek v jednotliv\u00fdch m\u00edstech republiky, si mohou samy na speci\u00e1ln\u00edm fantomu vyzkou\u0161et, jak samovy\u0161et\u0159en\u00ed prov\u00e1d\u011bt a jak poznat, kdy\u017e se v prsu nach\u00e1z\u00ed n\u011bco, co tam nepat\u0159\u00ed,&#8220; \u0159ekla moder\u00e1torka a here\u010dka Iva Kubelkov\u00e1, kter\u00e1 je tv\u00e1\u0159\u00ed kampan\u011b.<\/p>\n<p>Jako prvn\u00ed si mohou vyzkou\u0161et samovy\u0161et\u0159en\u00ed z\u00e1kaznice v pra\u017esk\u00e9m obchodn\u00edm centru Nov\u00fd Sm\u00edchov v prvn\u00edm nadzemn\u00edm podla\u017e\u00ed od 5. do 22. z\u00e1\u0159\u00ed.<\/p>\n<p>Dal\u0161\u00ed p\u0159\u00edle\u017eitost bude v ned\u011bli v Praze p\u0159i charitativn\u00edm b\u011bhu Harfand\u011bn\u00ed, jeho\u017e v\u00fdt\u011b\u017eek poputuje pr\u00e1v\u011b na podporu t\u00e9to kampan\u011b.<\/p>\n<p>Rady a informace z\u00edskaj\u00ed \u017eeny tak\u00e9 p\u0159i p\u0159edn\u00e1\u0161k\u00e1ch v s\u00eddlech sokolsk\u00fdch organizac\u00ed po cel\u00e9 \u010cR a v \u010dek\u00e1rn\u00e1ch gynekologick\u00fdch ordinac\u00ed. V instrukt\u00e1\u017en\u00edm videu porad\u00ed &#8222;\u010desk\u00fd doktor House&#8220; Martin Str\u00e1nsk\u00fd, kter\u00fd seri\u00e1lov\u00e9ho l\u00e9ka\u0159e daboval, mlad\u00e9 \u017een\u011b, jak p\u0159i samovy\u0161et\u0159en\u00ed postupovat.<\/p>\n<p>&nbsp;<\/p>\n<p>&nbsp;<\/p>\n","protected":false},"excerpt":{"rendered":"<div class=\"mh-excerpt\"><p>Kampa\u0148 Ruce na prsa nau\u010d\u00ed \u017eeny na modelu, jak si prsa vy\u0161et\u0159ovat. Tv\u00e1\u0159\u00ed kampan\u011b se stala moder\u00e1torka a here\u010dka Iva Kubelkov\u00e1.<\/p>\n<\/div>","protected":false},"author":1,"featured_media":0,"comment_status":"open","ping_status":"open","sticky":false,"template":"","format":"standard","meta":{"footnotes":""},"categories":[11],"tags":[],"class_list":["post-10056","post","type-post","status-publish","format-standard","hentry","category-zdravi"],"_links":{"self":[{"href":"https:\/\/www.invarena.cz\/index.php?rest_route=\/wp\/v2\/posts\/10056","targetHints":{"allow":["GET"]}}],"collection":[{"href":"https:\/\/www.invarena.cz\/index.php?rest_route=\/wp\/v2\/posts"}],"about":[{"href":"https:\/\/www.invarena.cz\/index.php?rest_route=\/wp\/v2\/types\/post"}],"author":[{"embeddable":true,"href":"https:\/\/www.invarena.cz\/index.php?rest_route=\/wp\/v2\/users\/1"}],"replies":[{"embeddable":true,"href":"https:\/\/www.invarena.cz\/index.php?rest_route=%2Fwp%2Fv2%2Fcomments&post=10056"}],"version-history":[{"count":0,"href":"https:\/\/www.invarena.cz\/index.php?rest_route=\/wp\/v2\/posts\/10056\/revisions"}],"wp:attachment":[{"href":"https:\/\/www.invarena.cz\/index.php?rest_route=%2Fwp%2Fv2%2Fmedia&parent=10056"}],"wp:term":[{"taxonomy":"category","embeddable":true,"href":"https:\/\/www.invarena.cz\/index.php?rest_route=%2Fwp%2Fv2%2Fcategories&post=10056"},{"taxonomy":"post_tag","embeddable":true,"href":"https:\/\/www.invarena.cz\/index.php?rest_route=%2Fwp%2Fv2%2Ftags&post=10056"}],"curies":[{"name":"wp","href":"https:\/\/api.w.org\/{rel}","templated":true}]}}