{"id":10087,"date":"2013-09-07T13:00:41","date_gmt":"2013-09-07T11:00:41","guid":{"rendered":"http:\/\/www.invarena.cz\/?p=10087"},"modified":"2013-09-07T13:46:22","modified_gmt":"2013-09-07T11:46:22","slug":"ministerstvo-prace-dopady-zakonu-nezajimaji","status":"publish","type":"post","link":"https:\/\/www.invarena.cz\/?p=10087","title":{"rendered":"Ministerstvo pr\u00e1ce nezaj\u00edmaj\u00ed dopady z\u00e1kon\u016f"},"content":{"rendered":"<p><strong>\u0158ada rodin pe\u010duj\u00edc\u00edch o handicapovan\u00e9 d\u011bti p\u0159i\u0161la kv\u016fli zm\u011bn\u00e1m prosazen\u00fdm b\u00fdvalou vl\u00e1dou Petra Ne\u010dase o p\u0159\u00edsp\u011bvky na p\u00e9\u010di. V\u00fdbor pro pr\u00e1va d\u00edt\u011bte Rady vl\u00e1dy pro lidsk\u00e1 pr\u00e1va po\u017eaduje p\u0159ezkum metodik a zm\u011bnu z\u00e1kon\u016f v t\u00e9to oblasti.<\/strong><\/p>\n<p><!--more--><\/p>\n<p>Problematikou d\u00e1vkov\u00fdch syst\u00e9m\u016f, kter\u00e9 se t\u00fdkaj\u00ed t\u011blesn\u011b posti\u017een\u00fdch d\u011bt\u00ed, se v\u00fdbor zab\u00fdval na sv\u00e9m \u010dtvrte\u010dn\u00edm jedn\u00e1n\u00ed.<\/p>\n<p>Sou\u010dasn\u00fd stav ost\u0159e kritizovala <strong>Anna \u010curdov\u00e1 <\/strong>(na sn\u00edmku), \u010dlenka \u010cesk\u00e9 sekce DCI \u2013 Sdru\u017een\u00ed zast\u00e1nc\u016f d\u011btsk\u00fdch pr\u00e1v.<\/p>\n<p>\u00bbSyst\u00e9m, kter\u00fd se tady v posledn\u00edch letech vytvo\u0159il, zp\u016fsobil, \u017ee cel\u00e1 \u0159ada rodin s d\u011btmi, kter\u00e9 jsou t\u011blesn\u011b nebo psychicky handicapovan\u00e9, p\u0159i\u0161la o p\u0159\u00edsp\u011bvky na p\u00e9\u010di,\u00ab uvedla \u010curdov\u00e1 na\u0161emu listu.<\/p>\n<p>Zp\u016fsobily to podle n\u00ed jak p\u0159ijat\u00e9 z\u00e1kony, tak ale i p\u0159\u00edstup posudkov\u00fdch l\u00e9ka\u0159\u016f. \u00bbMnoho hlavn\u011b psychick\u00fdch posti\u017een\u00ed \u0159e\u0161ili l\u00e9ka\u0159i, kte\u0159\u00ed s t\u011bmito p\u0159\u00edpady nebyli sezn\u00e1meni a \u010dasto ani nev\u011bd\u011bli, \u017ee d\u00edt\u011b trp\u00ed nap\u0159\u00edklad autismem,\u00ab p\u0159ibl\u00ed\u017eila sou\u010dasnou praxi.<\/p>\n<p>V\u00fdbor proto usiluje o n\u00e1pravu tohoto stavu, po\u017eaduje p\u0159ezkum metodik ministerstva pr\u00e1ce a soci\u00e1ln\u00edch v\u011bc\u00ed (MPSV) a zm\u011bnu p\u0159\u00edslu\u0161n\u00fdch z\u00e1kon\u016f.<\/p>\n<p>Aktivitu v\u00fdboru uv\u00edtala jedni\u010dka pra\u017esk\u00e9 kandid\u00e1tky KS\u010cM Marta Semelov\u00e1. Problematika p\u00e9\u010de o posti\u017een\u00e9 d\u011bti je podle n\u00ed velice v\u00e1\u017en\u00e9 t\u00e9ma, kter\u00e9 m\u00e1 na \u0159adu rodin velmi negativn\u00ed dopady a je proto dobr\u00e9, \u017ee v\u00fdbor se touto ot\u00e1zkou zab\u00fdv\u00e1.<\/p>\n<p>\u00bbVl\u00e1da Petra Ne\u010dase v t\u00e9to oblasti zkazila, co se dalo. V\u00fdrazn\u011b po\u0161kodila rodiny, kter\u00e9 se staraj\u00ed o posti\u017een\u00e9 d\u011bti, mnoh\u00e9 z nich p\u0159i\u0161ly o d\u00e1vky a r\u016fzn\u00e9 v\u00fdhody,\u00ab konstatovala Semelov\u00e1. Z\u00e1rove\u0148 ujistila, \u017ee KS\u010cM bude i v dal\u0161\u00edm volebn\u00edm obdob\u00ed usilovat o takov\u00e9 zm\u011bny, kter\u00e9 zajist\u00ed, aby rodiny s handicapovan\u00fdmi d\u011btmi ji\u017e nem\u011bly probl\u00e9my, do kter\u00fdch se kv\u016fli asoci\u00e1ln\u00ed politice b\u00fdval\u00e9 vl\u00e1dy dostaly.<\/p>\n<p>Jedn\u00e1n\u00ed v\u00fdboru se z\u00fa\u010dastnili tak\u00e9 z\u00e1stupci MPSV, kte\u0159\u00ed si odm\u00edtli jak\u00e9koli pochyben\u00ed p\u0159iznat. \u00bbJejich reakce byla pro m\u011b velmi zar\u00e1\u017eej\u00edc\u00ed. V podstat\u011b n\u00e1m vysv\u011btlili, \u017ee n\u00e1prava tohoto stavu u\u017e prob\u011bhla a \u017ee je vlastn\u011b v\u0161echno v po\u0159\u00e1dku, \u00ab rozho\u0159\u010dila se \u010curdov\u00e1, podle n\u00ed\u017e jde o syst\u00e9movou vadu. Zar\u00e1\u017eej\u00edc\u00ed je podle n\u00ed tak\u00e9 fakt, \u017ee MPSV neprov\u00e1d\u00ed \u017e\u00e1dnou anal\u00fdzu dopadu opat\u0159en\u00ed, kter\u00e9 p\u0159ij\u00edm\u00e1.<\/p>\n<p>\u00bbMinisterstvo nem\u00e1 zanalyzovan\u00e9 dopady sv\u00fdch z\u00e1kon\u016f a to ani t\u011bch, kter\u00e9 v\u00fdrazn\u011b zasahuj\u00ed do \u017eivota mnoha rodin,\u00ab dodala \u010curdov\u00e1.<\/p>\n<p>Vad\u00ed j\u00ed tak\u00e9, \u017ee ot\u00e1zka d\u011bt\u00ed a jejich budoucnosti nen\u00ed pro politiky p\u0159\u00edli\u0161 zaj\u00edmav\u00e1 a atraktivn\u00ed. Sv\u011bd\u010d\u00ed o tom podle n\u00ed i prohl\u00e1\u0161en\u00ed nyn\u011bj\u0161\u00ed vl\u00e1dy, kter\u00e9 neobsahuje ani slovo o rodin\u011b a o pr\u00e1vech d\u00edt\u011bte.<\/p>\n<p>Hal\u00f3 noviny<\/p>\n","protected":false},"excerpt":{"rendered":"<div class=\"mh-excerpt\"><p>\u0158ada rodin pe\u010duj\u00edc\u00edch o handicapovan\u00e9 d\u011bti p\u0159i\u0161la kv\u016fli zm\u011bn\u00e1m prosazen\u00fdm b\u00fdvalou vl\u00e1dou Petra Ne\u010dase o p\u0159\u00edsp\u011bvky na p\u00e9\u010di. V\u00fdbor pro pr\u00e1va d\u00edt\u011bte Rady vl\u00e1dy pro <a class=\"mh-excerpt-more\" href=\"https:\/\/www.invarena.cz\/?p=10087\" title=\"Ministerstvo pr\u00e1ce nezaj\u00edmaj\u00ed dopady z\u00e1kon\u016f\">[&#8230;]<\/a><\/p>\n<\/div>","protected":false},"author":1,"featured_media":10093,"comment_status":"open","ping_status":"open","sticky":false,"template":"","format":"standard","meta":{"footnotes":""},"categories":[6],"tags":[],"class_list":["post-10087","post","type-post","status-publish","format-standard","has-post-thumbnail","hentry","category-politika"],"_links":{"self":[{"href":"https:\/\/www.invarena.cz\/index.php?rest_route=\/wp\/v2\/posts\/10087","targetHints":{"allow":["GET"]}}],"collection":[{"href":"https:\/\/www.invarena.cz\/index.php?rest_route=\/wp\/v2\/posts"}],"about":[{"href":"https:\/\/www.invarena.cz\/index.php?rest_route=\/wp\/v2\/types\/post"}],"author":[{"embeddable":true,"href":"https:\/\/www.invarena.cz\/index.php?rest_route=\/wp\/v2\/users\/1"}],"replies":[{"embeddable":true,"href":"https:\/\/www.invarena.cz\/index.php?rest_route=%2Fwp%2Fv2%2Fcomments&post=10087"}],"version-history":[{"count":0,"href":"https:\/\/www.invarena.cz\/index.php?rest_route=\/wp\/v2\/posts\/10087\/revisions"}],"wp:featuredmedia":[{"embeddable":true,"href":"https:\/\/www.invarena.cz\/index.php?rest_route=\/wp\/v2\/media\/10093"}],"wp:attachment":[{"href":"https:\/\/www.invarena.cz\/index.php?rest_route=%2Fwp%2Fv2%2Fmedia&parent=10087"}],"wp:term":[{"taxonomy":"category","embeddable":true,"href":"https:\/\/www.invarena.cz\/index.php?rest_route=%2Fwp%2Fv2%2Fcategories&post=10087"},{"taxonomy":"post_tag","embeddable":true,"href":"https:\/\/www.invarena.cz\/index.php?rest_route=%2Fwp%2Fv2%2Ftags&post=10087"}],"curies":[{"name":"wp","href":"https:\/\/api.w.org\/{rel}","templated":true}]}}