{"id":10158,"date":"2013-09-11T20:22:32","date_gmt":"2013-09-11T18:22:32","guid":{"rendered":"http:\/\/www.invarena.cz\/?p=10158"},"modified":"2014-10-20T20:16:38","modified_gmt":"2014-10-20T18:16:38","slug":"tipy-na-vikend-7","status":"publish","type":"post","link":"https:\/\/www.invarena.cz\/?p=10158","title":{"rendered":"Tipy na v\u00edkend"},"content":{"rendered":"<p><strong>Tento v\u00edkend na v\u00e1s \u010dekaj\u00ed super z\u00e1bavn\u00e9 akce s pou\u0165ov\u00fdmi atrakcemi, kapelami \u010di sout\u011b\u017eemi, nap\u0159\u00edklad Hornick\u00e1 pou\u0165 v Sokolov\u011b nebo Roudnick\u00e9 vinobran\u00ed.\u00a0 Pobav\u00edte se ale i na country festivalu, na Zahrad\u011b \u010cech nebo v Sklen\u011bn\u00e9m m\u011bste\u010dku. Skv\u011bl\u00e9 z\u00e1\u017eitky v\u00e1s neminou ani v T\u00e1bo\u0159e.<\/strong><\/p>\n<h2><!--more--><\/h2>\n<h2><\/h2>\n<h2>Hornick\u00e1 pou\u0165 chyst\u00e1 novinky<\/h2>\n<p>Na sv\u00e9 si pr\u00fd p\u0159ijdou v\u0161echny generace. Chyb\u011bt nebude ani d\u011btsk\u00e1 farma<\/p>\n<p>Sokolov \u2013 P\u0159i leto\u0161n\u00ed Hornick\u00e9 pouti v Sokolov\u011b se pr\u00fd nenajde nikdo, kdo by si nevybral z bohat\u00e9ho programu. Alespo\u0148 to p\u0159i pohledu na program tvrd\u00ed \u0159editel M\u011bstsk\u00e9ho domu kultury Sokolov Jan Picka.<br \/>\nNa tradi\u010dn\u00ed oslavy horn\u00edk\u016f se sj\u00ed\u017ed\u011bj\u00ed ka\u017ed\u00fd rok lid\u00e9 z cel\u00e9ho regionu. Chyst\u00e1 se nejen n\u011bkolik novinek, ale i kontroly po\u017e\u00edv\u00e1n\u00ed alkoholu u mladistv\u00fdch. Celkov\u00e9 n\u00e1klady na akci se pohybuj\u00ed kolem jednoho milionu korun.<\/p>\n<p><strong>&#8211; Kdy se pou\u0165 kon\u00e1? Co uvid\u00ed letos n\u00e1v\u0161t\u011bvn\u00edci nov\u00e9ho?<\/strong><\/p>\n<p>Hornick\u00e1 pou\u0165 odstartuje 14. z\u00e1\u0159\u00ed v 10 hodin a potrv\u00e1 zhruba do 23. hodiny. Co se t\u00fdk\u00e1 novinek, tak zm\u00edn\u00edm kapelu, kter\u00e1 p\u0159ijede z p\u0159\u00e1telsk\u00e9ho m\u011bsta Schwandorf a n\u00e1klady na jej\u00ed \u00fa\u010dast hrad\u00ed n\u011bmeck\u00e1 strana. Je to pro na\u0161e m\u011bsto jak\u00fdsi d\u00e1rek, proto\u017ee kapela nen\u00ed zrovna nejlevn\u011bj\u0161\u00ed. Potom bych cht\u011bl upozornit na doslova bombu pro prcky. Pro n\u011b bude toti\u017e v are\u00e1lu Bohemia d\u011btsk\u00e1 farma.<\/p>\n<p><strong>&#8211; Co tam \u010dek\u00e1 d\u011bti tak zaj\u00edmav\u00e9ho?<\/strong><\/p>\n<p>Nap\u0159\u00edklad s\u00e1zen\u00ed rostlin, ale i jejich skl\u00edzen\u00ed, krmen\u00ed a dojen\u00ed zv\u00ed\u0159at, stav\u011bn\u00ed a loven\u00ed, hled\u00e1n\u00ed a kreslen\u00ed, farm\u00e1\u0159sk\u00e9 speci\u00e1ln\u00ed stanovi\u0161t\u011b, farm\u00e1\u0159sk\u00e9 kr\u00e1mky a ob\u010derstven\u00ed \u010di farm\u00e1\u0159sk\u00e1 stodola s bohat\u00fdm doprovodn\u00fdm programem, a to v\u0161e zdarma.<\/p>\n<p><strong>&#8211; Zdarma bude i cel\u00e1 pou\u0165?<\/strong><\/p>\n<p>Jako v\u017edy v\u0161echny koncerty, programy, stanovi\u0161t\u011b jsou zdarma, s jedinou v\u00fdjimkou. Tou je n\u00e1v\u0161t\u011bva hrobky Nostic\u016f, kter\u00e1 se otv\u00edr\u00e1 jen p\u0159\u00edle\u017eitostn\u011b. Zde bude vstupn\u00e9 dvacetikoruna.<\/p>\n<p><strong>&#8211; Kolik o\u010dek\u00e1v\u00e1te letos n\u00e1v\u0161t\u011bvn\u00edk\u016f? Jste na n\u011b p\u0159ipraveni?<\/strong><\/p>\n<p>Odhaduji, \u017ee se za cel\u00fd den prost\u0159\u00edd\u00e1 v cel\u00e9m Sokolov\u011b zhruba 20 a\u017e 25 tis\u00edc lid\u00ed. V t\u011bchto chv\u00edl\u00edch se dola\u010fuj\u00ed detaily, co se t\u00fd\u010de parkov\u00e1n\u00ed. V z\u00e1loze m\u00e1me i b\u00fdval\u00e9 autobusov\u00e9 n\u00e1dra\u017e\u00ed v t\u011bsn\u00e9 bl\u00edzkosti are\u00e1lu Bohemia. Jedinou nev\u00fdhodou, za kterou se n\u00e1v\u0161t\u011bvn\u00edk\u016fm omlouv\u00e1m, jsou zav\u0159en\u00e9 toalety v MDK. Jsou pr\u00e1v\u011b v celkov\u00e9 rekonstrukci. Ale v sobotu budou k dispozici dal\u0161\u00ed, z boku budovy. D\u00e1le pos\u00edl\u00edme hl\u00eddky m\u011bstsk\u00e9 policie, kter\u00e1 bude \u00fazce spolupracovat se st\u00e1tn\u00ed polici\u00ed, \u017eivnostensk\u00fdm odborem i odborem soci\u00e1ln\u00edch v\u011bc\u00ed.<\/p>\n<p><strong>&#8211; Ti v\u0161ichni budou v ter\u00e9nu spolu?<\/strong><\/p>\n<p>Ano. Cht\u011bl bych t\u00edmto apelovat zejm\u00e9na na mladistv\u00e9, \u017ee na Hornick\u00e9 pouti u nich budeme kontrolovat, zda nepo\u017e\u00edvaj\u00ed alkoholick\u00e9 n\u00e1poje. P\u0159\u00edpadn\u00e9 h\u0159\u00ed\u0161n\u00edky tak bude m\u00edt v patrnosti i soci\u00e1lka.<\/p>\n<p><strong>&#8211; Na co se t\u011b\u0161\u00edte vy osobn\u011b?<\/strong><\/p>\n<p>J\u00e1 jsem p\u0159\u00edznivcem ve\u0161ker\u00e9ho hudebn\u00edho stylu. Nejv\u00edce se v\u0161ak t\u011b\u0161\u00edm na kapelu Katapult.<\/p>\n<p>&#8212;<\/p>\n<p><strong>PROGRAM HORNICK\u00c9 POUTI<\/strong><br \/>\nSobota 14. z\u00e1\u0159\u00ed \u2013 10 a\u017e 23 hodin<br \/>\nHlavn\u00ed p\u00f3dium \u2013 n\u00e1m\u011bst\u00ed Budovatel\u016f<br \/>\n10:00 \u2013 10:30 Dechov\u00fd orchestr ZU\u0160 Sokolov a ma\u017eoretky<br \/>\n10:30 \u2013 11:10 Hornick\u00e1 dechov\u00e1 hudba Barbora<br \/>\n10.45 \u2013 Zah\u00e1jen\u00ed pouti p\u0159edstaviteli Sokolova<br \/>\n11:20 \u2013 12:20 Big Band MDK Sokolov<br \/>\n12:40 \u2013 13:30 Bigband Saalfeld<br \/>\n13:50 \u2013 14:45 Ma\u010farsk\u00fd vysoko\u0161kolsk\u00fd soubor Nitnik\u00e9k Csalog\u00e1nyok<br \/>\n15:10 \u2013 15:45 Eddy Gabler &amp; friends, Schwandorf<br \/>\n16:00 \u2013 17:00 Krist\u00edna \u2013 popul\u00e1rn\u00ed slovensk\u00e1 pop star<br \/>\n17:40 \u2013 18:40 Xindl X<br \/>\n19:00 \u2013 20:00 The Backwords \u2013 Beatles revival<br \/>\n20:30 \u2013 21:45 Katapult \u2013 rockov\u00e1 legenda<br \/>\nDoprovodn\u00fd program \u2013 tane\u010dn\u00ed skupiny p\u016fsob\u00edc\u00ed p\u0159i MDK Sokolov:<br \/>\n11:00 \u2013 11:20 D.C. Butterfly<br \/>\n12:20 \u2013 12:40 D.C. Butterfly<br \/>\n13:30 \u2013 13:50 TS Glazur<br \/>\n14:45 \u2013 15:10 TS Mir\u00e1kl<br \/>\n15:45 \u2013 16:00 TK Formace<br \/>\n17:00 \u2013 17:40 TS Mir\u00e1kl<br \/>\n18:40 \u2013 19:00 Tane\u010dn\u00ed \u0161kola Romana Kr\u00e1tk\u00e9ho<br \/>\n20:00 \u2013 20:30 TS Funky vinylis<br \/>\nDivadeln\u00ed foyer MDK Sokolov:<br \/>\n14:30 \u2013 vernis\u00e1\u017e v\u00fdstavy 14. setk\u00e1n\u00ed p\u0159es hranici, spole\u010dn\u011b vystavuj\u00ed<br \/>\nfotoklub FOS Sokolov, o.s., FAC Saalfeld\/Rudolstadt e.V. a Fotogruppe<br \/>\nelektron L\u00fcbbenau e.V., v\u00fdstava bude p\u0159\u00edstupn\u00e1 denn\u011b do<br \/>\n30. \u0159\u00edjna 2013<br \/>\nUl. 5. kv\u011btna<br \/>\n\u2013 prodej radni\u010dn\u00edch buchet, prezentace Sokolovsk\u00e9ho infocentra,<br \/>\nM\u011bstsk\u00e9 policie v Sokolov\u011b, ob\u010dansk\u00e9ho sdru\u017een\u00ed Chr\u00e1n\u011bn\u00e9 bydlen\u00ed<br \/>\nSokolov, Domu d\u011bt\u00ed a ml\u00e1de\u017ee Sokolov, Chr\u00e1n\u011bn\u00fdch d\u00edlen Sokolov,<br \/>\nDomova pro osoby se zdravotn\u00edm posti\u017een\u00edm Sokol\u00edk<br \/>\nUl. Odboje (od MDK k ul. Pion\u00fdr\u016f)<br \/>\n10:00 \u2013 18:00 Sk\u00e1kac\u00ed nafukovac\u00ed hrad po cel\u00fd den pro d\u011bti zdarma<br \/>\n11:00 \u2013 14:00 Kon\u011b s bry\u010dkou \u2013 stanovi\u0161t\u011b na silnici u bo\u010dn\u00edho<br \/>\nvchodu do divadla<br \/>\nUl. Pion\u00fdr\u016f (p\u0159ed Z\u0160 Pion\u00fdr\u016f)<br \/>\n14:00 \u2013 17:00 Policie \u010cR \u2013 uk\u00e1zka policejn\u00edho vozidla s v\u00fdkladem<br \/>\n14:00 \u2013 17:00 Hasi\u010dsk\u00fd z\u00e1chrann\u00fd sbor \u2013 uk\u00e1zka hasi\u010dsk\u00e9ho vozidla<br \/>\ns v\u00fdkladem po cel\u00fd den pro d\u011bti zdarma<br \/>\n10:00 \u2013 18:00 Sk\u00e1kac\u00ed nafukovac\u00ed hrad po cel\u00fd den pro d\u011bti zdarma<br \/>\nZelen\u00fd p\u00e1s u MDK<br \/>\n9:00 \u2013 17:00 Prodejn\u00ed v\u00fdstava kaktus\u016f a sukulent\u016f<br \/>\n9:00 \u2013 15:00 Simult\u00e1nn\u00ed \u0161achov\u00e1 partie<br \/>\n10:00 \u2013 22:00 Stanovi\u0161t\u011b slu\u017eby MS VZS \u010cCK (M\u00edstn\u00ed skupina<br \/>\nVodn\u00ed z\u00e1chrann\u00e9 slu\u017eby \u010cesk\u00e9ho \u010derven\u00e9ho k\u0159\u00ed\u017ee) Sokolov a Oblastn\u00edho<br \/>\nspolku \u010cesk\u00e9ho \u010derven\u00e9ho k\u0159\u00ed\u017ee Cheb<br \/>\n10:00 \u2013 18:00 Sk\u00e1kac\u00ed nafukovac\u00ed hrad po cel\u00fd den pro d\u011bti zdarma<br \/>\nZelen\u00e1 plocha za MDK<br \/>\n10:00 \u2013 12:00 Rozli\u010dn\u00e9 zaj\u00edmav\u00e9 sout\u011b\u017ee pro d\u011bti o sladk\u00e9 ceny<br \/>\n(D\u016fm d\u011bt\u00ed a ml\u00e1de\u017ee)<br \/>\nFolkov\u00e9 p\u00f3dium, N\u00e1b\u0159e\u017en\u00ed ulice<br \/>\n12:00 \u2013 12:45 DRC<br \/>\n13:00 \u2013 13:45 Bourbon Grass<br \/>\n14:00 \u2013 14:45 Bodlo<br \/>\n15:00 \u2013 15:45 Spektrum<br \/>\n16:00 \u2013 16:45 Net\u0159\u00edsk<br \/>\n17:00 \u2013 18:00 F\u00edci<\/p>\n<p><strong>DAL\u0160\u00cd AKCE NA HORNICK\u00c9 POUTI<\/strong><br \/>\nHistorick\u00e9 a jarmare\u010dn\u00ed p\u00f3dium, Star\u00e9 n\u00e1m\u011bst\u00ed 10:00 \u2013 19:00<br \/>\n10:00 \u2013 18:00 Staro\u010desk\u00fd trh s programem, \u0161erm\u00ed\u0159i Equites, starov\u011bk\u00e1<br \/>\nhudba Flagrans, fak\u00edr Ben Ghan, st\u00e1nky \u2013 praktick\u00e1 uk\u00e1zka \u0159emesel, historick\u00e9<br \/>\nsout\u011b\u017ee pro d\u011bti: hod podkovou, \u0161ipky, st\u0159elba z ku\u0161e, h\u00e1zen\u00ed seker<br \/>\natd. Turkovo divadlo a vojensk\u00e9 le\u017een\u00ed s mu\u0161ket\u00fdry Silmarion, pouli\u010dn\u00ed divadlo,<br \/>\nkatovsk\u00e9 \u0159emeslo a vystoupen\u00ed provazochodce<br \/>\nDen n\u00e1rodnostn\u00edch men\u0161in Karlovarsk\u00e9ho kraje, Star\u00e9 n\u00e1m\u011bst\u00ed<br \/>\n10:20 \u2013 Zah\u00e1jen\u00ed p\u0159iv\u00edt\u00e1n\u00edm host\u016f a \u00fa\u010dinkuj\u00edc\u00edch<br \/>\n10:40 \u2013 Vystoupen\u00ed romsk\u00e9 cimb\u00e1lov\u00e9 muziky Siv\u00e1kovci z Kraslic<br \/>\n11:20 \u2013 Vystoupen\u00ed souboru Heimatchor N\u011bmecko<br \/>\n11:40 \u2013 Hra na citeru a zp\u011bv \u2013 n\u011bmeck\u00e1 men\u0161ina<br \/>\n12:00 \u2013 Vystoupen\u00ed slovensk\u00fdch skupin<br \/>\n12:20 \u2013 Vystoupen\u00ed vietnamsk\u00fdch tane\u010dn\u00edch skupin<br \/>\n12:40 \u2013 Tradi\u010dn\u00ed romsk\u00e9 tance skupiny &#8222;Khamoro&#8220;<br \/>\n13:00 \u2013 Vystoupen\u00ed rusk\u00fdch a b\u011blorusk\u00fdch tane\u010dn\u00edch skupin<br \/>\n13:40 \u2013 Vystoupen\u00ed skupiny DRC z Ostrova<br \/>\n14:00 \u2013 Vystoupen\u00ed ukrajinsk\u00e9 skupiny<br \/>\n14:30 \u2013 Vystoupen\u00ed ma\u010farsk\u00e9 skupiny Nyitnik\u00e9k<br \/>\n15:20 \u2013 Spole\u010dn\u00e9 vystoupen\u00ed men\u0161in &#8222;\u017dijeme a bav\u00edme se spole\u010dn\u011b&#8220;<br \/>\n15:40 \u2013 Vystoupen\u00ed skupiny DRC z Ostrova<br \/>\n16:00 \u2013 Ukon\u010den\u00ed programu<br \/>\nUk\u00e1zky n\u00e1rodnostn\u00edch kuchyn\u00ed: b\u011blorusk\u00e9, ma\u010farsk\u00e9, romsk\u00e9, rusk\u00e9, slovensk\u00e9,<br \/>\nn\u011bmeck\u00e9, ukrajinsk\u00e9 a vietnamsk\u00e9.<br \/>\nDoprovodn\u00fd program na Star\u00e9m n\u00e1m\u011bst\u00ed<br \/>\n10:00 \u2013 18:00 Staro\u010desk\u00e9 tr\u017ei\u0161t\u011b<br \/>\n10:00 \u2013 18:00 Pali\u010dkovan\u00e9 v\u00fdrobky, uk\u00e1zky pali\u010dkov\u00e1n\u00ed<br \/>\n10:00 \u2013 19:00 Pivn\u00ed stan Permon<br \/>\n10:00 \u2013 16:00 Prezentace infocenter Karlovarsk\u00e9ho kraje<br \/>\n10:00 \u2013 17:00 \u010cesk\u00fd svaz v\u010dela\u0159\u016f<\/p>\n<p>Den\u00edk\u00a0 Roman Cichocki<\/p>\n<p>&nbsp;<\/p>\n<h2>Dobr\u00e1 zpr\u00e1va pro p\u0159\u00edznivce country hudby<\/h2>\n<p>nada\u010dn\u00ed country festival Valdeck\u00fd h\u00e1j se kon\u00e1 v sobotu 14. z\u00e1\u0159\u00ed v <strong>Bra\u0161kov<\/strong>\u011b. Vstupn\u00e9 je dobrovoln\u00e9 ve prosp\u011bch posti\u017een\u00fdch klient\u016f Letohr\u00e1dku Vendula v Horn\u00edm Bezd\u011bkov\u011b. Na festivalu bude pok\u0159t\u011bno druh\u00e9 CDskupiny Gladly S. W.<\/p>\n<h2><\/h2>\n<h2>\u017delezn\u00fd Brod: Sklen\u011bn\u00e9 m\u011bste\u010dko<\/h2>\n<p>\u00bb Tip MF DNES Festival nab\u00eddne uk\u00e1zky pr\u00e1ce skl\u00e1\u0159\u016f, sklen\u011bn\u00e9 v\u00fdtvarn\u00e9 d\u00edlny i muziku<\/p>\n<p>Setk\u00e1n\u00ed skl\u00e1\u0159\u016f, um\u011blc\u016f, skl\u00e1\u0159sk\u00fdch \u0159emesln\u00edk\u016f a v\u00fdrobc\u016f, p\u0159\u00edznivc\u016f a obdivovatel\u016f skl\u00e1\u0159sk\u00e9ho \u0159emesla.<br \/>\nT\u00edm v\u0161\u00edm je festival Skl\u00e1\u0159sk\u00e9 m\u011bste\u010dko, kter\u00fd se v sobotu a v ned\u011bli kon\u00e1 v \u017delezn\u00e9m Brod\u011b. Krom skla v mnoha podob\u00e1ch nab\u00eddne tak\u00e9 spoustu dal\u0161\u00ed z\u00e1bavy pro d\u011bti i pro dosp\u011bl\u00e9; mezi v\u0161emi m\u00edsty, kde se n\u011bco bude d\u00edt, pojede dokonce v\u00fdletn\u00ed vl\u00e1\u010dek.<br \/>\n&#8222;Sklen\u011bn\u00e9 m\u011bste\u010dko pova\u017euji za nejlep\u0161\u00ed akci \u017deleznobrodska, kter\u00e1 prezentuje na\u0161e m\u011bsto takov\u00e9 jak\u00e9 je &#8211; jako skl\u00e1\u0159sk\u00e9. I p\u0159es krizi v tomto oboru zde st\u00e1le zde m\u00e1me des\u00edtky firem, kter\u00e9 \u010dasto \u00fasp\u011b\u0161n\u011b funguj\u00ed, m\u00e1me zde prvn\u00ed \u010deskou skl\u00e1\u0159skou \u0161kolu vysok\u00e9 \u00farovn\u011b anebo skl\u00e1\u0159sk\u00e9 muzeum. To v\u0161e d\u00e1v\u00e1 na\u0161emu m\u011bstu v\u00fdjime\u010dnost, a tu chceme o v\u00edkendu p\u0159edstavit,&#8220; uvedl starosta \u017delezn\u00e9ho Brodu Andr\u00e9 Jakubi\u010dka.<br \/>\nLeto\u0161n\u00ed kulturn\u00ed program Sklen\u011bn\u00e9ho m\u011bste\u010dka na Mal\u00e9m n\u00e1m\u011bst\u00ed vsadil na rozmanitost. &#8222;Na festivalu se pod\u00edlej\u00ed pol\u0161t\u00ed partne\u0159i z partnersk\u00e9 obce Olszyna a m\u011bsta Jelenia G\u00f3ra a Polsko bude v hudb\u011b zastupovat dechov\u00e1 hudba Orkiestra Reprezentacyjna Miasta Gminy z Olszyny, d\u00e1le jelenohorsk\u00fd instrument\u00e1ln\u00ed septet Finezja a rockov\u00e1 skupina CoEra z t\u00e9ho\u017e m\u011bsta,&#8220; \u0159ekla Iva Chaloupkov\u00e1, vedouc\u00ed \u017eeleznobrodsk\u00e9ho informa\u010dn\u00edho a kulturn\u00edho st\u0159ediska. Program vypln\u00ed t\u0159eba libereck\u00fd Big&#8217;O&#8217;Band, l\u00e1kadlem bude skupina The Tap Tap, kterou tvo\u0159\u00ed p\u0159ev\u00e1\u017en\u011b muzikanti se zdravotn\u00edm posti\u017een\u00edm \u010di Vypsan\u00e1 fiXa.<br \/>\nCel\u00fd program je na www.sklenenemestecko. cz a www.zelbrod.cz.<\/p>\n<p>Mlad\u00e1 fronta DNES<\/p>\n<h2><\/h2>\n<h2><\/h2>\n<h2>Roudnick\u00e9 vinobran\u00ed na z\u00e1mku tak\u00e9 letos obohat\u00ed velk\u00e1 p\u0159ehl\u00eddka historick\u00fdch vozidel<\/h2>\n<p>Br\u00e1ny cel\u00e9ho z\u00e1meck\u00e9ho are\u00e1lu v Roudnici nad Labem se po roce op\u011bt otev\u0159ou ve\u0159ejnosti. V sobotu 14. z\u00e1\u0159\u00ed zde toti\u017e prob\u011bhne hlavn\u00ed program Roudnick\u00e9ho vinobran\u00ed na z\u00e1mku.<br \/>\nTak\u00e9 letos se jeho n\u00e1v\u0161t\u011bvn\u00edci mohou t\u011b\u0161it na tradi\u010dn\u00ed slavnost s bohat\u00fdm kulturn\u00edm a doprovodn\u00fdm programem, prodejem \u010desk\u00e9ho i moravsk\u00e9ho v\u00edna a bur\u010d\u00e1ku, jarmarkem a pou\u0165ov\u00fdmi atrakcemi&#8230;<\/p>\n<p><strong>Na dvou p\u00f3di\u00edch<\/strong><\/p>\n<p>&#8222;Na dvou p\u00f3di\u00edch vystoup\u00ed nap\u0159. Verona, No Name, Petr Kotvald s kapelou a tane\u010dn\u00ed skupinou Dance company, Jaksi Taksi, ale tak\u00e9 Yvetta Simonov\u00e1, Le\u0161ek Semelka \u010di Josef Z\u00edma. P\u0159ipravena je tak\u00e9 tane\u010dn\u00ed sc\u00e9na. P\u0159i sestavov\u00e1n\u00ed programu jsme zkr\u00e1tka mysleli na v\u0161echny v\u011bkov\u00e9 kategorie,&#8220; \u0159ekla Den\u00edku Jana Vran\u00e1 z programov\u00e9ho odd\u011blen\u00ed KZM Roudnice nad Labem, kter\u00e9 vinobran\u00ed po\u0159\u00e1d\u00e1.<\/p>\n<p><strong>Pro d\u011bti<\/strong><\/p>\n<p>Pro d\u011bti po\u0159adal\u00e9 p\u0159ipravili \u0161irok\u00fd v\u00fdb\u011br pou\u0165ov\u00fdch atrakc\u00ed. P\u0159edstav\u00ed se tak\u00e9 Sv\u00e1\u0165ovo dividlo s loutkov\u00fdmi poh\u00e1dkami pro d\u011bti. Prob\u00edhat budou proj\u00ed\u017e\u010fky na koni, uk\u00e1zky sokolnictv\u00ed, malov\u00e1n\u00ed na obli\u010dej, vystoupen\u00ed \u0161erm\u00ed\u0159\u016f a sout\u011b\u017ee. D\u011bti budou v z\u00e1meck\u00e9m parku vypou\u0161t\u011bt balonky se sv\u00fdmi p\u0159\u00e1n\u00ed\u010dky.<\/p>\n<p><strong>Na 150 expon\u00e1t\u016f<\/strong><\/p>\n<p>Bohat\u00fd je tak\u00e9 doprovodn\u00fd program. Za zm\u00ednku stoj\u00ed dal\u0161\u00ed ro\u010dn\u00edk v\u00fdstavy historick\u00fdch vozidel Historici v Roudnici se spanilou j\u00edzdou regionem a pl\u00e1novanou \u00fa\u010dast\u00ed 150 expon\u00e1t\u016f, \u010di festival komorn\u00ed hudby Roudnick\u00e9 konsonance. V are\u00e1lu barokn\u00edho z\u00e1mku po\u0159\u00e1d\u00e1 Pod\u0159ipsk\u00e9 muzeum unik\u00e1tn\u00ed v\u00fdstavu antick\u00fdch v\u00e1z. P\u0159ipravena bude tak\u00e9 v\u00fdstava kaktus\u016f a sukulent\u016f. Do z\u00e1meck\u00e9ho parku dosko\u010d\u00ed tak\u00e9 para\u0161utist\u00e9 z roudnick\u00e9ho aeroklubu.<\/p>\n<p><strong>Zp\u0159\u00edstupn\u00ed pam\u00e1tky<\/strong><\/p>\n<p>Zp\u0159\u00edstupn\u011bny budou vybran\u00e9 roudnick\u00e9 pam\u00e1tky \u2013 v\u011b\u017e Hl\u00e1ska, kaple sv. Josefa, kaple sv. Vil\u00e9ma, Kostel Narozen\u00ed Panny Marie, rom\u00e1nsk\u00fd hrad a kaple.<br \/>\n&#8222;V\u011b\u0159\u00edm, \u017ee Roudni\u010dt\u00ed s hrdost\u00ed p\u0159iv\u00edtaj\u00ed o vinobran\u00ed \u0159adu nov\u00fdch host\u016f, a douf\u00e1m, \u017ee z nich se stanou pravideln\u00ed n\u00e1v\u0161t\u011bvn\u00edci Roudnice nad Labem. V\u0161em \u00fa\u010dastn\u00edk\u016fm pak p\u0159eji slunn\u00e9 po\u010das\u00ed a skute\u010dn\u011b dobr\u00fd den,&#8220; \u0159ekla \u0159editelka KZM Marie Imbrov\u00e1.<br \/>\nV p\u00e1tek od 17 hodin prob\u011bhne v z\u00e1meck\u00e9m parku festival p\u0159edev\u0161\u00edm region\u00e1ln\u00edch kapel. Vystoup\u00ed Bad, Houba, Blueroom, Chor\u00e9 vz\u0165ahy, Wild roses, DTR, The Fialky. Vstupn\u00e9 na tuto akci je 50 K\u010d.<\/p>\n<p>P\u0159edprodej u\u0161et\u0159\u00ed<\/p>\n<p>P\u0159edprodej vstupenek za zv\u00fdhodn\u011bnou cenu zaji\u0161\u0165uje a\u017e do p\u00e1tku 13. z\u00e1\u0159\u00ed roudnick\u00e9 informa\u010dn\u00ed centrum a M\u011bstsk\u00e1 knihovna v Roudnici nad Labem. Po\u0159adatel\u00e9 upozor\u0148uj\u00ed, \u017ee do z\u00e1meck\u00e9ho are\u00e1lu je zak\u00e1z\u00e1n vstup se zv\u00ed\u0159aty.<br \/>\nV\u00edce informac\u00ed naleznete na internetov\u00fdch str\u00e1nk\u00e1ch www.roudnickevinobrani. cz<\/p>\n<p>&#8212;<\/p>\n<p><strong>Program Roudnick\u00e9ho vinobran\u00ed na z\u00e1mku v sobotu 14. z\u00e1\u0159\u00ed 2013<\/strong><br \/>\nHlavn\u00ed Z\u00e1meck\u00fd sc\u00e9na park \u2013<br \/>\n11.40 Koncert v barv\u00e1ch<br \/>\nSeMaForu<br \/>\n13.10 Pavel Houfek &amp; B<br \/>\n14.40 Verona<br \/>\n16.00 No Name<br \/>\n17.30 UMP<br \/>\n19.00 Toxique<br \/>\n20.30 Petr Kotvald s kapelou<br \/>\na Dance company<br \/>\n22.00 Jaksi Taksi<br \/>\n23.10 Vyn\u00e1lez zk\u00e1zy<br \/>\nSc\u00e9na N\u00e1dvo\u0159\u00ed<br \/>\n12.00 Zora Kohoutov\u00e1<br \/>\n13.20 Yvetta Simonov\u00e1<br \/>\n14.25 Josef Z\u00edma<br \/>\n15.55 Funny Fellows<br \/>\n17.15 Ji\u0159\u00ed Helekal<br \/>\n18.35 Le\u0161ek Semelka<br \/>\n19.55 Largo<br \/>\nTane\u010dn\u00ed sc\u00e9na<br \/>\n11.00\u201316.00 Marky P,<br \/>\nNou\u010drs, Cyrax a dal\u0161\u00ed<br \/>\n(elektro, house, breakbeat)<br \/>\n16.00\u201322.00 IM CYBER,<br \/>\nBABE LN, BEAST67,<br \/>\nSKINY (drum and bass)<br \/>\nNav\u00edc:<br \/>\n14.05 a 16.55 ryt\u00ed\u0159sk\u00e9<br \/>\nsouboje na n\u00e1dvo\u0159\u00ed<br \/>\n17.10 seskok para\u0161utist\u016f<br \/>\ndo z\u00e1meck\u00e9ho parku a<br \/>\nvypou\u0161t\u011bn\u00ed balonk\u016f p\u0159\u00e1n\u00ed<br \/>\n15.00 a 17.00 Sv\u00e1\u0165ovo<br \/>\ndividlo<br \/>\nVstupn\u00e9:<br \/>\n1. srpna 2013 \u2013 13. z\u00e1\u0159\u00ed<br \/>\n2013:<br \/>\nDosp\u011bl\u00fd, nad 15 let \u2013 120<br \/>\nK\u010d<br \/>\nD\u016fchodce, od 7 do 15 let \u2013<br \/>\n80 K\u010d<br \/>\nZTP, ZTP+P \u2013 50 K\u010d<br \/>\nD\u011bti do 6 let \u2013 0 K\u010d<br \/>\nV den akce na m\u00edst\u011b:<br \/>\nDosp\u011bl\u00fd, nad 15 let \u2013 150<br \/>\nK\u010d<br \/>\nD\u016fchodce, od 7 do 15 let \u2013<br \/>\n100 K\u010d<br \/>\n<strong>ZTP, ZTP+P \u2013 50 K\u010d<\/strong><br \/>\nD\u011bti do 6 let \u2013 0 K\u010d<\/p>\n<p>Chomutovsk\u00fd den\u00edk<\/p>\n<h2><\/h2>\n<h2>Souzn\u011bn\u00ed, festival zdravotn\u011b posti\u017een\u00fdch<\/h2>\n<p>Festival zdravotn\u011b posti\u017een\u00fdch Souzn\u011bn\u00ed se uskute\u010dn\u00ed v p\u00e1tek 13. z\u00e1\u0159\u00ed a v sobotu 14. z\u00e1\u0159\u00ed. Na co se mohou n\u00e1v\u0161t\u011bvn\u00edci t\u011b\u0161it?<\/p>\n<p>nab\u00eddne skv\u011bl\u00fd kulturn\u00ed z\u00e1\u017eitek. Hlavn\u00ed \u010d\u00e1st festivalu je p\u0159ehl\u00eddkou um\u011bleck\u00e9 tvorby zdravotn\u011b posti\u017een\u00fdch um\u011blc\u016f z cel\u00e9 republiky i zahrani\u010d\u00ed. Jako host\u00e9 jsou na Souzn\u011bn\u00ed zv\u00e1ni profesion\u00e1ln\u00ed um\u011blci hraj\u00edc\u00ed p\u0159edev\u0161\u00edm folkovou, country a rockovou hudbu. Pozv\u00e1n\u00ed letos p\u0159ijali New Age of Smokie, Smokie revival a Koke\u0161 Jazz Trio. V p\u00e1tek se uskute\u010dn\u00ed koncert pro \u0161koly. Ten za\u010d\u00edn\u00e1 v 10 hodin v s\u00e1le 4. z\u00e1kladn\u00ed \u0161koly v Chebu. Na sv\u00e9 si p\u0159ijdou i Franti\u0161kol\u00e1ze\u0148\u0161t\u00ed, a to na kolon\u00e1dn\u00edm koncert\u011b. Ten se uskute\u010dn\u00ed v p\u00e1tek ve 14 hodin na Sadov\u00e9 kolon\u00e1d\u011b. V sobotu si pak hudby u\u017eij\u00ed lid\u00e9 v Karlov\u00fdch Varech ve 14 hodin na promen\u00e1d\u011b a pak v 19 hodin v mal\u00e9m s\u00e1le hotelu Thermal, kde se p\u0159edstav\u00ed Koke\u0161 Jazz Trio.<\/p>\n<p>Chebsk\u00fd den\u00edk<\/p>\n<p>&nbsp;<\/p>\n<h2><strong>\u017di\u017eka, Koller, Pra\u017esk\u00fd v\u00fdb\u011br, pr\u016fvod, medovina, souboje<\/strong><\/h2>\n<p>UZAV\u00cdRKY<\/p>\n<p>\u0158idi\u010di musej\u00ed po\u010d\u00edtat s \u010d\u00e1ste\u010dn\u00fdmi, ale i \u00fapln\u00fdmi uzav\u00edrkami v ulic\u00edch a na n\u00e1m\u011bst\u00edch:<br \/>\n\u017di\u017ekovo, Tr\u017en\u00ed, Husovo, K\u0159i\u017e\u00edkovo a n\u00e1m\u011bst\u00ed Mikul\u00e1\u0161e z Husi, Hole\u010dkovy sady, ulice Klokotsk\u00e1, Svato\u0161ova, Pra\u017esk\u00e1, Filipovsk\u00e1, Palack\u00e9ho, 9. kv\u011btna, B\u00edlkova.<br \/>\nUzav\u00edrky jsou zna\u010den\u00e9 zna\u010dkami, pr\u016fjezd bude umo\u017en\u011bn z\u00e1chran\u00e1\u0159\u016fm, policii a hasi\u010d\u016fm.<\/p>\n<p>PARKOV\u00c1N\u00cd<\/p>\n<p>U zimn\u00edho stadionu (ul. V\u00e1clava Soumara), k cest\u011b do centra vyu\u017eijte spoje MHD \u010d. 17 ze zast\u00e1vky u zimn\u00edho stadionu nebo dal\u0161\u00edch spoj\u016fMHD\u010d. 11, 13 a 16 ze zast\u00e1vky p\u0159ed nemocnic\u00ed na ulici Kpt. Jaro\u0161e U plaveck\u00e9ho stadionu (Kvapilova ulice), do centra m\u016f\u017eete doj\u00edt p\u011b\u0161ky p\u0159es hr\u00e1z Jord\u00e1nu nebo vyu\u017e\u00edt spoj\u016fMHD\u010d. 11, 13, 16 a 17 ze zast\u00e1vky P\u00edseck\u00e9 rozcest\u00ed v ulici \u010cSA U autobusov\u00e9ho n\u00e1dra\u017e\u00ed (Husovo n\u00e1m\u011bst\u00ed), do m\u00edsta d\u011bn\u00ed dojdete p\u011b\u0161ky nebo autobusy \u010d. 11, 13, 16 a 17 na zast\u00e1vkuURe\u00e1lky Za kolejemi \u010cD (Valdensk\u00e1), do centra d\u011bn\u00ed dojdete p\u011b\u0161ky za pou\u017eit\u00ed podchodu \u010cD, p\u0159es Hus\u016fv park, nebo z n\u00e1dra\u017e\u00ed autobusy MHD\u010d. 11, 13. 16, 17 na zast\u00e1vku URe\u00e1lky Na placen\u00fdch parkovi\u0161t\u00edch v oblasti Nov\u00e9ho M\u011bsta (pozor na omezen\u00e9 parkov\u00e1n\u00ed v dob\u011b pr\u016fchodu pr\u016fvod\u016f)<\/p>\n<p>ODTAHY AUT<\/p>\n<p>Odtahy vozidel \u0159\u00edd\u00ed m\u011bstsk\u00e1 policie. Informace o odta\u017een\u00fdch vozidlech z\u00edsk\u00e1te na telefonu 381 253 008 nebo 381 486 256.<br \/>\nPo odtahu auto najdete na odtahov\u00e9 plo\u0161e na Hork\u00e1ch, ulice Kr\u00e1sn\u00e1 vyhl\u00eddka 303, kterou provozuje firma Opava \u2013 assistance Rescue team. Do m\u00edsta se dostanete autobusem z n\u00e1dra\u017e\u00ed nebo ze zast\u00e1vek Poliklinika \u010diNaPark\u00e1nech linkouMHD\u010d\u00edslo 30.<\/p>\n<p>VSTUP DO ULIC STAR\u00c9HO M\u011aSTA<\/p>\n<p>V pr\u016fb\u011bhu festivalu T\u00e1borsk\u00e1 setk\u00e1n\u00ed bude mo\u017en\u00fd vstup pouze se zakoupenou vstupenkou, a to do t\u011bchto lokalit: \u017di\u017ekovo n\u00e1m\u011bst\u00ed \u2013 v p\u00e1tek od 18 do 24 hodin, v sobotu od 9 do 24 hodin Tr\u017en\u00ed n\u00e1m\u011bst\u00ed v p\u00e1tek od 18 do 24 hodin, v sobotu od 9 do 24 hodin N\u00e1m\u011bst\u00ed Mikul\u00e1\u0161e z Husi v sobotu od 8 do 17 hodin Zahrada St\u0159elnice v sobotu od 15 hodin (vstup do zahrady s platnou vstupenkou na TS, p\u0159\u00edpadn\u011b na zvl\u00e1\u0161tn\u00ed vstupn\u00e9) V ned\u011bli pak bude vstup do v\u0161ech lokalit bez omezen\u00ed<\/p>\n<p>CENY VSTUPENEK<\/p>\n<p>V p\u0159edprodeji (kon\u010d\u00ed v p\u00e1tek v 15 hodin) dosp\u011bl\u00ed 180 K\u010d, zv\u00fdhodn\u011bn\u00e9 90 K\u010d. P\u0159\u00edmo na m\u00edst\u011b stoj\u00ed pro dosp\u011bl\u00e9ho 200 K\u010d, zv\u00fdhodn\u011bn\u00e1 pro d\u011bti od 6 \u2013 12 let,<strong> dr\u017eitele pr\u016fkazky ZTP 100 K\u010d, dr\u017eitel\u00e9 pr\u016fkazky ZTP\/P + doprovod maj\u00ed vstup zdarma<\/strong>.<br \/>\nVstupenka je nep\u0159enosn\u00e1, je nutn\u00e9 ji nosit viditeln\u011b na z\u00e1p\u011bst\u00ed<\/p>\n<p>T\u00e1borsk\u00fd den\u00edk<\/p>\n<h2><\/h2>\n<h2>Nejv\u011bt\u0161\u00ed zahradnick\u00fd veletrh regionu za\u010d\u00edn\u00e1<\/h2>\n<p>V\u00fdstavi\u0161t\u011b Zahrady \u010cech otv\u00edr\u00e1 n\u00e1v\u0161t\u011bvn\u00edk\u016fm sv\u00e9 br\u00e1ny 13. z\u00e1\u0159\u00ed. Novinkou je letos pavilon v\u011bnovan\u00fd vina\u0159stv\u00ed<\/p>\n<p>Litom\u011b\u0159ice \u2013 Jen hodiny zb\u00fdvaj\u00ed do startu nejv\u011bt\u0161\u00edho podzimn\u00edho zahradnick\u00e9ho veletrhu v regionu Zahrady \u010cech. Sv\u00e9 br\u00e1ny litom\u011b\u0159ick\u00e9 v\u00fdstavi\u0161t\u011b otev\u0159e od 13. do 21. z\u00e1\u0159\u00ed.<br \/>\nZahrada \u010cech nab\u00edz\u00ed tradi\u010dn\u011b bohat\u00fd sortiment ovoce a zeleniny, kv\u011btin, cibulovin, okrasn\u00fdch d\u0159evin. N\u00e1v\u0161t\u011bvn\u00edci mohou obdivovat i zakoupit r\u016f\u017ee, bonsaje, sklen\u00edky, pa\u0159eni\u0161t\u011b, zahradn\u00ed mechanizaci, n\u00e1bytek, krby nebo baz\u00e9ny. Prohl\u00e9dnout si mohou tak\u00e9 n\u00edzkorozpo\u010dtov\u00e9 domy i \u0159emeslnou tr\u017enici s ru\u010dn\u011b vyr\u00e1b\u011bn\u00fdmi \u0161perky, ko\u0161\u00edky, keramikou. Pochutnat si zde m\u016f\u017eete na medovin\u011b, krajov\u00fdch specialit\u00e1ch, o\u0159\u00ed\u0161c\u00edch a s\u00fdrech.<br \/>\nNa n\u00e1v\u0161t\u011bvn\u00edky \u010dek\u00e1 program pln\u00fd sout\u011b\u017e\u00ed jako je o Nejt\u011b\u017e\u0161\u00ed raj\u010de nebo K\u0159i\u0161\u0165\u00e1lov\u00e9 jablko. P\u0159edstav\u00ed se tak\u00e9 v\u00edt\u011bzov\u00e9 sout\u011b\u017e\u00ed o region\u00e1ln\u00ed potravinu roku a nejlep\u0161\u00ed potravin\u00e1\u0159sk\u00fd v\u00fdrobek kraje. Tah\u00e1kem leto\u0161n\u00edho ro\u010dn\u00edku je pavilon v\u011bnovan\u00fd v\u00ednu, ve kter\u00e9m se bude prezentovat p\u0159es 20 vina\u0159\u016f. \u010casopis Recept\u00e1\u0159 vyhl\u00e1s\u00ed na v\u00fdstavi\u0161ti v r\u00e1mci Dne s Recept\u00e1\u0159em 14. z\u00e1\u0159\u00ed v\u00edt\u011bze sout\u011b\u017ee O nejlep\u0161\u00ed recepty Zahrady \u010cech.<\/p>\n<p>Otv\u00edrac\u00ed doba<br \/>\n13. \u2013 20. z\u00e1\u0159\u00ed 9:00 \u2013 18:00<br \/>\n21. z\u00e1\u0159\u00ed 9:00 \u2013 17:00<\/p>\n<p>Vstupenka<\/p>\n<p>B\u011b\u017en\u00e1:<br \/>\ndosp\u011bl\u00ed 90 K\u010d<br \/>\nd\u011bti, studenti, d\u016fchodci 70 K\u010d<br \/>\nd\u011bti do 6 let zdarma<br \/>\n<strong>dr\u017eitel\u00e9 ZTP\/P zdarma<\/strong><br \/>\nRodinn\u00e1:<\/p>\n<p>2 dosp\u011bl\u00ed + 2 d\u011bti 200 K\u010d<\/p>\n<p><strong>Sout\u011b\u017ee<\/strong><br \/>\nNejkr\u00e1sn\u011bj\u0161\u00ed zahrada 2013<br \/>\nP\u0159ihl\u00e1\u0161en\u00e9 firmy p\u0159edstav\u00ed sv\u00e9<br \/>\nexpozice, kter\u00e9 m\u016f\u017ee n\u00e1v\u0161t\u011bvn\u00edk<br \/>\nohodnotit a vyhr\u00e1t \u0159et\u011bzovou<br \/>\npilu zna\u010dky Mountfield.<br \/>\nNejt\u011b\u017e\u0161\u00ed raj\u010de<br \/>\nT\u0159i v\u00fdherci s nejt\u011b\u017e\u0161\u00edmi raj\u010daty<br \/>\nbudou pozv\u00e1ni na Den Zahr\u00e1dk\u00e1\u0159e.<br \/>\nNejzaj\u00edmav\u011bj\u0161\u00ed kolekce raj\u010dat<br \/>\nO tom, kdo postoup\u00ed do fin\u00e1le 21.<br \/>\nz\u00e1\u0159\u00ed rozhodnou n\u00e1v\u0161t\u011bvn\u00edci pavilonu<br \/>\nA.<br \/>\nK\u0159i\u0161\u0165\u00e1lov\u00e9 jablko<br \/>\nVyhl\u00e1\u0161en je ji\u017e 4. ro\u010dn\u00edk sout\u011b\u017ee<br \/>\nK\u0159i\u0161\u0165\u00e1lov\u00e9 jablko\u00ad nejkr\u00e1sn\u011bj\u0161\u00ed<br \/>\njablko Zahrady \u010cech.<br \/>\nCena V\u00fdstavi\u0161t\u011b Zahrada \u010cech<br \/>\nP\u0159edstavitel\u00e9 v\u00fdstavi\u0161t\u011b vyberou<br \/>\njeden expon\u00e1t ze v\u0161ech kategori\u00ed,<br \/>\nkter\u00e9mu p\u0159edaj\u00ed cenu.<br \/>\nCena \u010cZS a \u010dasopisu Zahr\u00e1dk\u00e1\u0159<br \/>\nZ\u00e1stupci \u010cZS a \u010dasopisu Zahr\u00e1dk\u00e1\u0159<br \/>\nvyberou jednu z kolekc\u00ed<br \/>\nzaj\u00edmav\u00fdch raj\u010dat a odm\u011bn\u00ed ji<br \/>\natraktivn\u00ed cenou.<br \/>\nVelk\u00e1 sout\u011b\u017e Recept\u00e1\u0159e<br \/>\nRecepty na t\u00e9ma Neobvykl\u00e9 ingredience<br \/>\nv kuchyni. P\u016fvodn\u00ed,<br \/>\nchutn\u00e9 a l\u00e1kav\u00e9 recepty \u010desk\u00e9<br \/>\nkuchyn\u011b s d\u016frazem na p\u0159\u00edpravu<br \/>\nhlavn\u00edho chodu s vyu\u017eit\u00edm neobvykl\u00fdch<br \/>\np\u0159\u00edsad a p\u0159\u00edm\u011bs\u00ed, v porot\u011b<br \/>\nzasedne tak\u00e9 bavi\u010d a moder\u00e1tor<br \/>\nPetr Novotn\u00fd.<\/p>\n<p><strong>Doprovodn\u00fd program<\/strong><br \/>\n13. 9. Den agr\u00e1rn\u00ed komory<br \/>\nTV \u0160l\u00e1gr \u2013 moder\u00e1tor Vratislav<br \/>\nMn\u011bchura, kapela PM Band a V Band, Voni\u010dka.<br \/>\nVyhl\u00e1\u0161en\u00ed v\u00edt\u011bze region\u00e1ln\u00ed<br \/>\npotravina \u00dasteck\u00e9ho kraje 2013.<br \/>\nO nejlep\u0161\u00ed potravin\u00e1\u0159sk\u00fd v\u00fdrobek<br \/>\n\u00dasteck\u00e9ho kraje \u00ad kraj P\u0159emysla Or\u00e1\u010de.<br \/>\n14. 9. Den \u010dasopisu Recept\u00e1\u0159<br \/>\nJitka Zelenkov\u00e1, Co den, to z\u00e1zrak, kapela<br \/>\nVin\u0161ovanka. Fin\u00e1le sout\u011b\u017ee O nejlep\u0161\u00ed recepty.<br \/>\n15. 9. Den radia Blan\u00edk<br \/>\nHv\u011bzdy r\u00e1dia Blan\u00edk \u2013 \u0160t\u011bpan Kojan &amp; Keks,<br \/>\nJosef V\u00e1gner. Autogrami\u00e1da, sout\u011b\u017e a rozd\u00e1v\u00e1n\u00ed d\u00e1rk\u016f.<br \/>\n16. 9. Den Zahrady \u010cech<br \/>\nStaropra\u017esk\u00fd kabaret. Sout\u011b\u017e Zel\u00ed roku \u00ad fin\u00e1le<br \/>\n5. ro\u010dn\u00edku. Moderuje Petr Novotn\u00fd.<br \/>\n17. 9. Den pro d\u011bti a dosp\u011bl\u00e9<br \/>\nDDM Rozmar\u00fdn, Kobl\u00ed\u017eci, divadeln\u00ed soubor Malis a Tane\u010dn\u00ed orchestr ZU\u0160,<br \/>\nLibochovice, Sout\u011b\u017ee RC modely, lety kvadrokopt\u00e9ry. Vyhl\u00e1\u0161en\u00ed v\u00edt\u011bz\u016f<br \/>\nsout\u011b\u017ee Zel\u00ed roku. Moderuje Petr Novotn\u00fd.<br \/>\n18. 9. Den v\u00edna<br \/>\nCimbalMen, V\u00edno a \u017eivot v pod\u00e1n\u00ed Petra Novotn\u00e9ho.<br \/>\nVyhl\u00e1\u0161en\u00ed Champion V\u00edno Zahrady \u010cech a vyhl\u00e1\u0161en\u00ed sout\u011b\u017ee Nejkr\u00e1sn\u011bj\u0161\u00ed<br \/>\nzahrady. Moderuje Petr Novotn\u00fd.<br \/>\n19. 9. Den Gastro Food Fest<br \/>\nGastro Food Fest aneb va\u0159\u00edme s Radkem \u0160ubtem a Luk\u00e1\u0161em Uhl\u00ed\u0159em.<br \/>\n20. 9. Den s pivovarem Holba<br \/>\nHarmonik\u00e1\u0159 Pepino, pivn\u00ed sout\u011b\u017ee: Moderuje Petr Novotn\u00fd.<br \/>\nZahrada \u010cech Open 2013. 19. ro\u010dn\u00edk tenisov\u00e9ho turnaje na dvorc\u00edch Slavoje<br \/>\nLitom\u011b\u0159ice.<br \/>\n21. 9. Den \u010dasopisu Zahr\u00e1dk\u00e1\u0159<br \/>\nJosef Fousek &amp; Tom\u00e1\u0161 Fousek, Karel Kahovec, Mark\u00e9ta Konvi\u010dkov\u00e1.<br \/>\nVyhl\u00e1\u0161en\u00ed sout\u011b\u017ee Nejt\u011b\u017e\u0161\u00ed raj\u010de a Nejzaj\u00edmav\u011bj\u0161\u00ed kolekce raj\u010dat a sout\u011b\u017ee<br \/>\nK\u0159i\u0161\u0165\u00e1lov\u00e9 jablko.<\/p>\n<p>\u010ceskolipsk\u00fd den\u00edk<\/p>\n<h2><\/h2>\n<h2>Nechte se pomalovat hv\u011bzdou<\/h2>\n<p>Srd\u00ed\u010dkov\u00fd den pro d\u011bti<\/p>\n<p>\u0158ada \u00a0hv\u011bzd showbyznysu se pro dobrou v\u011bc z\u00fa\u010dastn\u00ed premi\u00e9rov\u00e9 dobro\u010dinn\u00e9 akce Srd\u00ed\u010dkov\u00fd den pro d\u011bti.<\/p>\n<p>Spojit p\u0159\u00edjemn\u00e9 s u\u017eite\u010dn\u00fdm budou moci v\u0161ichni, kte\u0159\u00ed se v sobotu 15. z\u00e1\u0159\u00ed ocitnou na n\u00e1m\u011bst\u00ed Republiky v Praze. V jednu hodinu odpoledne se tu sejde \u0159ada televizn\u00edch hv\u011bzd, kter\u00e9 budou v r\u00e1mci premi\u00e9rov\u00e9ho Srd\u00ed\u010dkov\u00e9ho dne pro d\u011bti malovat v\u0161em p\u0159\u00edchoz\u00edm na t\u011blo srd\u00ed\u010dka.<\/p>\n<p>&#8222;V\u011b\u0159\u00edm, \u017ee srd\u00ed\u010dko nakreslit zvl\u00e1dnu, proto\u017ee mi zrovna vy\u0161la kn\u00ed\u017eka, zp\u011bvn\u00edk d\u011btsk\u00fdch p\u00edsn\u00ed, kterou jsem si sama ilustrovala. A vlastn\u011b u\u017e jako mal\u00e1 jsem cht\u011bla m\u00edt v\u00fdtvarn\u00e9 vzd\u011bl\u00e1n\u00ed,&#8220; vychrlila ze sebe here\u010dka, zp\u011bva\u010dka a moder\u00e1torka Zora Jandov\u00e1, kter\u00e1 bude jednou z \u00fa\u010dastnic tohoto setk\u00e1n\u00ed. &#8222;Zn\u00e1m ty lidi okolo a v\u00edm, \u017ee pen\u00edze ur\u010dit\u011b dojdou tam, kam doj\u00edt maj\u00ed,&#8220; dopl\u0148uje mimo jin\u00e9 sedm\u00e1 \u017eena na MS v \u010d\u00ednsk\u00e9m bojov\u00e9m um\u011bn\u00ed tchaj-\u0165i z roku 2002.<br \/>\nA kdo dal\u0161\u00ed bude s barvi\u010dkami v ruk\u00e1ch vzpom\u00ednat na \u0161koln\u00ed lavice a v\u00fdtvarnou v\u00fdchovu? Tak t\u0159eba Simona Sta\u0161ov\u00e1, Michaela Dolinov\u00e1, Vlasta Korec, Dana Syslov\u00e1, Veronika Jen\u00edkov\u00e1, Kamila \u0160pr\u00e1chalov\u00e1\u2026 Seznam hv\u011bzd by byl dlouh\u00fd!<br \/>\nOb\u010dansk\u00e9 sdru\u017een\u00ed \u017divot d\u011btem prodejem srd\u00ed\u010dek pom\u00e1h\u00e1 v\u00e1\u017en\u011b nemocn\u00fdm u\u017e \u010dtrn\u00e1ct let. &#8222;Za tu dobu se n\u00e1m poda\u0159ilo nakoupit p\u0159\u00edstrojovou techniku, invalidn\u00ed voz\u00edky a nejr\u016fzn\u011bj\u0161\u00ed pom\u016fcky v celkov\u00e9 hodnot\u011b 123 milion\u016f korun,&#8220; \u0159\u00edk\u00e1 py\u0161n\u011b p\u0159edsedkyn\u011b sdru\u017een\u00ed Maria K\u0159epelkov\u00e1. Dal\u0161\u00ed Srd\u00ed\u010dkov\u00e9 dny na sebe v ulic\u00edch po cel\u00e9 republice nenechaj\u00ed dlouho \u010dekat. P\u0159ipravte si drobn\u00e9\u2026<\/p>\n<p>\u0160\u00edp Plus<br \/>\n<strong>Praha<\/strong><\/p>\n<p><strong>Pra\u017esk\u00e1 muzejn\u00ed noc<\/strong><br \/>\nProb\u011bhne v sobotu 14. z\u00e1\u0159\u00ed od 19 hod. do 1 hodiny po p\u016flnoci. B\u011bhem no\u010dn\u00edch prohl\u00eddek muze\u00ed a galeri\u00ed se m\u016f\u017eete t\u011b\u0161it na bohat\u00fd doprovodn\u00fd program. Vstupy jsou zdarma, bezplatn\u00e1 je i p\u0159eprava speci\u00e1ln\u00edmi autobusov\u00fdmi linkami. Seznam muze\u00ed, galeri\u00ed a akc\u00ed najdete na:<br \/>\n&#8211; www.praguecityline.cz Zdarma do objekt\u016f Muzea hl. m. Prahy<br \/>\nMuzeum se akc\u00ed zapoj\u00ed do projektu Dny evropsk\u00e9ho d\u011bdictv\u00ed. T\u00e9ma leto\u0161n\u00edho roku je Pam\u00e1tky v nov\u00e9m sv\u011btle. V r\u00e1mci akce bude vstup zdarma do budovy muzea na Florenci, do Podskalsk\u00e9 celnice na V\u00fdtoni, do z\u00e1meck\u00e9ho are\u00e1lu Ct\u011bnice, a to v\u017edy od 10 do 18 hod.<br \/>\n&#8211; www.muzeumprahy.cz<\/p>\n<p><strong>D\u011btsk\u00fd v\u00edkend na Hrad\u011b<\/strong><br \/>\nKon\u00e1 se v sobotu i v ned\u011bli od 10 do 17 hod. Na d\u011bti a doprovod \u010dek\u00e1 v hradn\u00edm are\u00e1lu \u0161est stanovi\u0161\u0165 s tematick\u00fdmi \u00fakoly. Start a c\u00edl na Severn\u00edm pal\u00e1cov\u00e9m dvorku. Tam bude tak\u00e9 p\u0159edv\u00e1d\u011bn\u00ed \u0159emesel, zkou\u0161en\u00ed zbroje a v\u00fdtvarn\u00e1 d\u00edlni\u010dka.<br \/>\n&#8211; www.kulturanahrade.cz Buchty a loutky na Sm\u00edchov\u011b<\/p>\n<p>V sobotu od 11 do 19 hod. za\u010d\u00edn\u00e1 v Kinsk\u00e9ho zahrad\u011b v Praze 5 Divadeln\u00ed festival Buchty a loutky d\u011btem aneb <strong>Poh\u00e1dkov\u00e1 Kinsk\u00e9ho zahrada<\/strong>, kter\u00fd po\u0159\u00e1d\u00e1 nez\u00e1visl\u00e9 loutkov\u00e9 divadlo Buchty a loutky. Vstup je zdarma. V\u00edce programu na:<br \/>\n&#8211; www.buchtyaloutky.cz<\/p>\n<p><strong>Poznejme se soused\u00e9 v parku paruk\u00e1\u0159ka <\/strong><br \/>\nAkce se kon\u00e1 v Parku Paruk\u00e1\u0159ka, Ol\u0161ansk\u00e9 n\u00e1m. Praha 3, v sobotu od 13 do 18 hod. Vystoup\u00ed kapely a tane\u010dn\u00edci, d\u011bti si zasout\u011b\u017e\u00ed o ceny, sou\u010d\u00e1st\u00ed kucha\u0159sk\u00e1 show pln\u00e1 cizokrajn\u00fdch chut\u00ed. Vstup zdarma.<br \/>\n&#8211; www.praguecityline.cz Hry a hlavolamy na Novom\u011bstsk\u00e9 radnici<\/p>\n<p>Do ned\u011ble nav\u0161tivte na Novom\u011bstsk\u00e9 radnici na Karlov\u011b n\u00e1m\u011bst\u00ed v\u00fdstavu <strong>Hry a hlavolamy<\/strong> \u2013 doprovodn\u00fd program, p\u0159edn\u00e1\u0161ky, workshopy, sout\u011b\u017ee. T\u011b\u0161it se m\u016f\u017eete na sobotn\u00ed s\u00ed\u0148 sb\u011bratel\u016f se zahrani\u010dn\u00ed \u00fa\u010dast\u00ed. Otev\u0159eno 10 a\u017e 18 hod., vstupn\u00e9 80 K\u010d, sn\u00ed\u017een\u00e9 60 K\u010d, rodinn\u00e9 180 K\u010d.<br \/>\n&#8211; www.nrpraha.cz<\/p>\n<p><strong>Obraz Jana Pi\u0161t\u011bka ve Veletr\u017en\u00edm pal\u00e1ci<\/strong><\/p>\n<p>Od 13. 9. do 6. 1. bude vMal\u00e9 dvoran\u011b Veletr\u017en\u00edho pal\u00e1ce k vid\u011bn\u00ed monument\u00e1ln\u00ed obraz mal\u00ed\u0159e Jana Pi\u0161t\u011bka. D\u00edlo vznikalo v letech 2012 a\u017e 2013 a m\u00e1 rozm\u011bry 390 x 1380 cm. Nen\u00ed mo\u017en\u00e9 jej b\u011b\u017en\u011b v galeri\u00edch vystavovat. VMal\u00e9 dvoran\u011b Veletr\u017en\u00edho pal\u00e1ce se obrazu dost\u00e1v\u00e1 nejen dostate\u010dn\u00e9ho prostoru, ale i zaj\u00edmav\u00e9ho sousedstv\u00ed s podobn\u011b monument\u00e1ln\u00edmi d\u00edly Alfonse Muchy z cyklu Slovansk\u00e1 epopej. Vstup zdarma.<br \/>\n&#8211; www.ngprague.cz<\/p>\n<p><strong>Exkurze do \u010dist\u00edrny odpadn\u00edch vod<\/strong><br \/>\nV p\u00e1tek od 10 do 22 hod. a v sobotu od 10 do 17.30 hod. bude v r\u00e1mci Dn\u016f evropsk\u00e9ho d\u011bdictv\u00ed zp\u0159\u00edstupn\u011bna b\u00fdval\u00e1 \u010dist\u00edrna odpadn\u00edch vod v Pap\u00edrensk\u00e9 6, Praha 6. N\u00e1v\u0161t\u011bvn\u00edci si mohou vyzkou\u0161et, jak se pomoc\u00ed stavidla reguloval p\u0159\u00edtok odpadn\u00ed vody.<br \/>\n&#8211; www.staracistirna.cz<\/p>\n<p><strong>St\u0159edn\u00ed \u010cechy<\/strong><\/p>\n<p><strong>Berounsk\u00e9 letorosty<\/strong><br \/>\nV sobotu prob\u00edh\u00e1 v berounsk\u00e9m Autokempu Na Hr\u00e1zi charitativn\u00ed hudebn\u00ed festival Berounsk\u00e9 letorosty. Vystoup\u00ed UDG, Wohnout, Arakain, Petr Kol\u00e1\u0159, Znouzectnost, Lucie Revival ad. Dopoledne program pro d\u011bti, odpoledn\u00ed hudebn\u00ed \u010d\u00e1st za\u010d\u00edn\u00e1 ve 13.30 koncertem skupiny Memo\u00e1ry.<br \/>\n&#8211; www.letorosty.cz<\/p>\n<p><strong>\u010cernokosteleck\u00e9 vykulen\u00ed<\/strong><br \/>\nV sobotu od 9 hod. za\u010d\u00edn\u00e1 v \u010cernokosteleck\u00e9m z\u00e1jezdn\u00edm pivovaru, \u010ceskobrodsk\u00e1 17, Kostelec nad \u010cern\u00fdmi lesy akce \u010cernokosteleck\u00e9 vykulen\u00ed le\u017e\u00e1ck\u00fdch sud\u016f. Pozn\u00e1te des\u00edtky piv z mal\u00fdch a st\u0159edn\u00edch pivovar\u016f i pivn\u00ed speci\u00e1ly, pr\u00e1ci pivovarsk\u00fdch bedn\u00e1\u0159\u016f, sezn\u00e1m\u00edte se s nejnov\u011bj\u0161\u00edmi expon\u00e1ty pivovarnick\u00e9ho a sladovnick\u00e9ho muzea.<br \/>\n&#8211; www.pivovarkostelec.cz<\/p>\n<p><strong>Z\u00e1padn\u00ed \u010cechy<\/strong><\/p>\n<p><strong>Den otev\u0159en\u00fdch pam\u00e1tek v Karlov\u00fdch Varech<\/strong><br \/>\nOv\u00edkendu budou zp\u0159\u00edstupn\u011bny \u010dty\u0159i v\u00fdznamn\u00e9 pam\u00e1tky. V sobotu od 10 do 12 emp\u00edrov\u00e1 L\u00fctzowova vila, od 14 do 16 hod. Kav\u00e1rna Jelen\u00ed skok a p\u0159ilehl\u00fd alt\u00e1n, v ned\u011bli od 10 do 12 hod. prob\u011bhne v\u00fdklad k Drahovick\u00e9mu h\u0159bitovu a osobnostem zde poh\u0159ben\u00fdm a od 14 do 16 hod. bude p\u0159\u00edstupn\u00fd St\u0159eleck\u00fd ml\u00fdn v B\u0159ezov\u00e9.<br \/>\n&#8211; www.mmkv.cz<\/p>\n<p><strong>Stavebnice Merkur v Plzni<\/strong><br \/>\nV Obchodn\u00edm centru Plze\u0148 na Rokycansk\u00e9 je do 22. 9. otev\u0159ena interaktivn\u00ed v\u00fdstava stavebnice Merkur. N\u00e1v\u0161t\u011bvn\u00edci se dozv\u011bd\u00ed o historii Merkuru a postav\u00ed si vlastn\u00ed modely. Sou\u010d\u00e1st\u00ed sout\u011b\u017e o stavebnici Merkur.<br \/>\n&#8211; www.oc-plzen.cz V\u00fdstava Pt\u00e1ci se vracej\u00ed v Chebu<br \/>\nPr\u00e1v\u011b zah\u00e1jen\u00e1 p\u0159\u00edrodov\u011bdn\u00e1 v\u00fdstava v Muzeu Cheb, n\u00e1m. Kr\u00e1le Ji\u0159\u00edho z Pod\u011bbrad, potrv\u00e1 do 10. 11.<br \/>\n&#8211; www.muzeumcheb.cz<\/p>\n<p><strong> T\u00fdden kulturn\u00edch fabrik v Plzni:<\/strong> 16. a\u017e 19. 9.<br \/>\nOd pond\u011bl\u00ed 16. 9. do p\u00e1tku 19. 9. prob\u011bhne v Plzni v are\u00e1lu b\u00fdval\u00e9ho pivovaru Sv\u011btovar, Sladov\u00e1 ul., T\u00fdden kulturn\u00edch fabrik. Jde o nejucelen\u011bj\u0161\u00ed program semin\u00e1\u0159\u016f a v\u00fdstav v\u011bnovan\u00fd tematice vyu\u017eit\u00ed b\u00fdval\u00fdch pr\u016fmyslov\u00fdch budov ke kulturn\u00edm \u00fa\u010del\u016fm. Vrcholem bude venkovn\u00ed v\u00fdstava Architektura k m\u00e1n\u00ed!, kter\u00e1 bude otev\u0159ena v p\u00e1tek 19. 9. ve Smetanov\u00fdch sadech. \u00da\u010dast na workshopech a konferenci je bezplatn\u00e1.<br \/>\n&#8211; www.plzen2015.cz<\/p>\n<p><strong>Severn\u00ed \u010cechy<\/strong><\/p>\n<p><strong>Otev\u0159en\u00e9 pam\u00e1tky v Litom\u011b\u0159ic\u00edch<\/strong><br \/>\nLitom\u011b\u0159ice nab\u00eddnou v sobotu od 9 do 17 hod. vstup zdarma do \u0161estn\u00e1cti pam\u00e1tek. Jejich seznam najdete na:<br \/>\n&#8211; www.kudyznudy.cz<\/p>\n<p><strong>Voln\u00fd vstup do su\u0161\u00e1rny v Dub\u00e9<\/strong><br \/>\nV sobotu v 10 hod. zp\u0159\u00edstupn\u00ed m\u011bsto Dub\u00e1 u \u010cesk\u00e9 L\u00edpy n\u00e1v\u0161t\u011bvn\u00edk\u016fm historickou su\u0161\u00e1rnu chmele. Technick\u00e1 pam\u00e1tka z 19. stolet\u00ed je neobvykl\u00e1 kruhov\u00fdmi su\u0161ic\u00edmi v\u011b\u017eemi. Su\u0161\u00e1rna je jedin\u00e1 dochovan\u00e1 sv\u00e9ho druhu v \u010cR. Na programu jsou krom\u011b exkurze i p\u0159edn\u00e1\u0161ky.<br \/>\n&#8211; www.mestoduba.cz<\/p>\n<p><strong>Ji\u017en\u00ed \u010cechy<\/strong><\/p>\n<p><strong>Den s handicapem v Krumlov\u011b<\/strong><br \/>\nKon\u00e1 se v sobotu od 10 hod., handicapovan\u00ed mohou zdarma v doprovodu asistent\u016f nav\u0161t\u00edvit z\u00e1mek, synagogu, lapid\u00e1rium, z\u00fa\u010dastnit se prohl\u00eddky m\u011bsta s pr\u016fvodcem, prohl\u00e9dnout si grafitov\u00e9 doly, plout na vorech a raftech po Vltav\u011b.<br \/>\n&#8211; www.ckrumlov.info<\/p>\n<p><strong>Nav\u0161tivte vilu Edvarda Bene\u0161e<\/strong><br \/>\nV sobotu i v ned\u011bli od 10 do 16 hod. prob\u00edh\u00e1 Den otev\u0159en\u00fdch dve\u0159\u00ed prezidentsk\u00e9 vily Hany a Edvarda Bene\u0161ov\u00fdch v Sezimov\u011b \u00dast\u00ed.<br \/>\nwww.husitskemuzeum.cz<\/p>\n<p><strong>V\u00fdchodn\u00ed \u010cechy<\/strong><\/p>\n<p><strong>Prohl\u00eddky Hrub\u00e9ho Rohozce<\/strong><br \/>\nV sobotu i v ned\u011bli se otev\u0159ou b\u011b\u017en\u011b nep\u0159\u00edstupn\u00e9 prostory z\u00e1mku Hrub\u00fd Rohozec u Turnova. Prohl\u00eddky v\u017edy v 9, 11 a ve 14 hod.<br \/>\n&#8211; www.hruby-rohozec.eu<\/p>\n<p><strong>Morava<\/strong><\/p>\n<p><strong>Brno: Hrad \u017eije!<\/strong><br \/>\nV\u00edkendov\u00e1 akce prob\u00edh\u00e1 v\u017edy od 10 do 18 hod. Zp\u0159\u00edstupn\u011bny budou rozs\u00e1hl\u00e9 prostory hradu \u0160pilberk, hradn\u00ed cisterna na velk\u00e9m n\u00e1dvo\u0159\u00ed a zbytky opevn\u011bn\u00ed v jihoz\u00e1padn\u00edm bastionu.<br \/>\n&#8211; www.spilberk.cz<\/p>\n<p><strong>Festival P\u00edsn\u00ed a tancem v Luha\u010dovic\u00edch<\/strong><br \/>\nO v\u00edkendu se Luha\u010dovic\u00edch kon\u00e1 Mezin\u00e1rodn\u00ed festival d\u011btsk\u00fdch folklorn\u00edch soubor\u016f P\u00edsn\u00ed a tancem.<br \/>\n&#8211; www.folklornisdruzeni.cz V\u00fdstava hub v Jihlav\u011b<br \/>\nV Muzeu Vyso\u010diny Jihlava nav\u0161tivte do ned\u011ble v\u00fdstavu hub, kterou muzeum po\u0159\u00e1d\u00e1 ve spolupr\u00e1ci sMykologick\u00fdm klubem Jihlava.<br \/>\n&#8211; muzeum.ji.cz<\/p>\n","protected":false},"excerpt":{"rendered":"<div class=\"mh-excerpt\"><p>Tento v\u00edkend na v\u00e1s \u010dekaj\u00ed super z\u00e1bavn\u00e9 akce s pou\u0165ov\u00fdmi atrakcemi, kapelami \u010di sout\u011b\u017eemi, nap\u0159\u00edklad Hornick\u00e1 pou\u0165 v Sokolov\u011b nebo Roudnick\u00e9 vinobran\u00ed.\u00a0 Pobav\u00edte se ale <a class=\"mh-excerpt-more\" href=\"https:\/\/www.invarena.cz\/?p=10158\" title=\"Tipy na v\u00edkend\">[&#8230;]<\/a><\/p>\n<\/div>","protected":false},"author":1,"featured_media":2861,"comment_status":"open","ping_status":"open","sticky":false,"template":"","format":"standard","meta":{"footnotes":""},"categories":[17],"tags":[],"class_list":["post-10158","post","type-post","status-publish","format-standard","has-post-thumbnail","hentry","category-kultura"],"_links":{"self":[{"href":"https:\/\/www.invarena.cz\/index.php?rest_route=\/wp\/v2\/posts\/10158","targetHints":{"allow":["GET"]}}],"collection":[{"href":"https:\/\/www.invarena.cz\/index.php?rest_route=\/wp\/v2\/posts"}],"about":[{"href":"https:\/\/www.invarena.cz\/index.php?rest_route=\/wp\/v2\/types\/post"}],"author":[{"embeddable":true,"href":"https:\/\/www.invarena.cz\/index.php?rest_route=\/wp\/v2\/users\/1"}],"replies":[{"embeddable":true,"href":"https:\/\/www.invarena.cz\/index.php?rest_route=%2Fwp%2Fv2%2Fcomments&post=10158"}],"version-history":[{"count":0,"href":"https:\/\/www.invarena.cz\/index.php?rest_route=\/wp\/v2\/posts\/10158\/revisions"}],"wp:featuredmedia":[{"embeddable":true,"href":"https:\/\/www.invarena.cz\/index.php?rest_route=\/wp\/v2\/media\/2861"}],"wp:attachment":[{"href":"https:\/\/www.invarena.cz\/index.php?rest_route=%2Fwp%2Fv2%2Fmedia&parent=10158"}],"wp:term":[{"taxonomy":"category","embeddable":true,"href":"https:\/\/www.invarena.cz\/index.php?rest_route=%2Fwp%2Fv2%2Fcategories&post=10158"},{"taxonomy":"post_tag","embeddable":true,"href":"https:\/\/www.invarena.cz\/index.php?rest_route=%2Fwp%2Fv2%2Ftags&post=10158"}],"curies":[{"name":"wp","href":"https:\/\/api.w.org\/{rel}","templated":true}]}}