{"id":10202,"date":"2013-09-10T09:27:25","date_gmt":"2013-09-10T07:27:25","guid":{"rendered":"http:\/\/www.invarena.cz\/?p=10202"},"modified":"2014-10-20T20:16:38","modified_gmt":"2014-10-20T18:16:38","slug":"drabkuv-system-na-davky-byl-petkrat-drazsi-nez-ten-stary","status":"publish","type":"post","link":"https:\/\/www.invarena.cz\/?p=10202","title":{"rendered":"Dr\u00e1bk\u016fv syst\u00e9m na d\u00e1vky byl p\u011btkr\u00e1t dra\u017e\u0161\u00ed ne\u017e ten star\u00fd"},"content":{"rendered":"<p><strong>Nejvy\u0161\u0161\u00ed kontroln\u00ed \u00fa\u0159ad v\u010dera potvrdil to, na co MF DNES poukazuje u\u017e rok a p\u016fl: zak\u00e1zka na nov\u00e9 po\u010d\u00edta\u010dov\u00e9 syst\u00e9my na v\u00fdplatu d\u00e1vek pro \u00fa\u0159ady pr\u00e1ce byla p\u0159edra\u017een\u00e1, a to p\u011btin\u00e1sobn\u011b oproti star\u00e9mu syst\u00e9mu.<\/strong><br \/>\n<!--more--><br \/>\nB\u00fdval\u00fd ministr pr\u00e1ce a soci\u00e1ln\u00edch v\u011bc\u00ed Jarom\u00edr Dr\u00e1bek (TOP 09) p\u0159itom celou dobu tvrdil, \u017ee nov\u00e1 agenda u\u0161et\u0159\u00ed ro\u010dn\u011b 220 ze 450 milion\u016f korun, kter\u00e9 st\u00e1la tato agenda p\u016fvodn\u011b.<br \/>\nNejvy\u0161\u0161\u00ed kontroln\u00ed \u00fa\u0159ad v\u0161ak zjistil, \u017ee zak\u00e1zka je dra\u017e\u0161\u00ed o v\u00edce ne\u017e 1,5 miliardy korun \u2013 celkem p\u0159i\u0161la na dv\u011b miliardy. &#8222;Slu\u017eby m\u011bly podle prov\u00e1d\u011bc\u00ed smlouvy st\u00e1t jen 107 milion\u016f korun. Kv\u016fli dodatk\u016fm ke smlouv\u011b se v\u0161ak jejich cena zv\u00fd\u0161ila na 1,6 miliardy korun,&#8220; uvedla mluv\u010d\u00ed NK\u00da Olga M\u00e1lkov\u00e1.<\/p>\n<p>Pr\u00e1v\u011b tyto dodatky exministr Dr\u00e1bek odm\u00edtal dlouho zve\u0159ejnit s odkazem na to, \u017ee jsou tajn\u00e9. Nebyla to pravda. Politikovi zkr\u00e1tka vadilo, \u017ee se z nich daly vypo\u010d\u00edtat ceny v\u0161ech slu\u017eeb okolo v\u00fdplaty d\u00e1vek a hodnota cel\u00e9 zak\u00e1zky. NK\u00da nav\u00edc ministerstvo pr\u00e1ce a soci\u00e1ln\u00edch v\u011bc\u00ed vin\u00ed z chaosu, kter\u00fd nastal pot\u00e9, co se nov\u00e9 syst\u00e9my spustily.<\/p>\n<p>Nebyl toti\u017e \u010das je v praxi vyzkou\u0161et, a tak rovnou nastoupily do ostr\u00e9ho provozu. Nezbytn\u00e9 p\u0159es\u010dasy \u00fa\u0159edn\u00edk\u016f a chyby samotn\u00e9ho syst\u00e9mu p\u0159i pos\u00edl\u00e1n\u00ed d\u00e1vek, kdy se nedalo identifikovat, kter\u00e1 platba ji\u017e ode\u0161la a kter\u00e1 ne, p\u0159i\u0161ly st\u00e1t na dal\u0161\u00ed nemal\u00e9 pen\u00edze.<\/p>\n<p>Exministr Dr\u00e1bek si v\u0161ak probl\u00e9my nep\u0159ipou\u0161t\u00ed. Ve sv\u00e9m prohl\u00e1\u0161en\u00ed trv\u00e1 na tom, \u017ee ministerstvo u\u0161et\u0159ilo. Fakt, \u017ee NK\u00da po kontrole konstatoval p\u0159edra\u017een\u00ed zak\u00e1zky, ozna\u010dil za &#8222;doklad zpolitizov\u00e1n\u00ed pr\u00e1ce NK\u00da pod veden\u00edm b\u00fdval\u00fdch poslanc\u016f za \u010cSSD a ODS&#8220;.<\/p>\n<p>\u00da\u0159ad se zab\u00fdval po\u010d\u00edta\u010dov\u00fdmi syst\u00e9my na podn\u011bt KDU-\u010cSL. &#8222;Te\u010f, kdy\u017e se potvrdilo, co jsme tu\u0161ili, bych byl r\u00e1d, aby st\u00e1t na vin\u00edc\u00edch vym\u00e1hal \u0161kodu,&#8220; \u0159ekl m\u00edstop\u0159edseda t\u00e9to strany Jan Barto\u0161ek.<\/p>\n<p>Mlad\u00e1 fronta DNES<\/p>\n","protected":false},"excerpt":{"rendered":"<div class=\"mh-excerpt\"><p>Nejvy\u0161\u0161\u00ed kontroln\u00ed \u00fa\u0159ad v\u010dera potvrdil to, na co MF DNES poukazuje u\u017e rok a p\u016fl: zak\u00e1zka na nov\u00e9 po\u010d\u00edta\u010dov\u00e9 syst\u00e9my na v\u00fdplatu d\u00e1vek pro \u00fa\u0159ady <a class=\"mh-excerpt-more\" href=\"https:\/\/www.invarena.cz\/?p=10202\" title=\"Dr\u00e1bk\u016fv syst\u00e9m na d\u00e1vky byl p\u011btkr\u00e1t dra\u017e\u0161\u00ed ne\u017e ten star\u00fd\">[&#8230;]<\/a><\/p>\n<\/div>","protected":false},"author":1,"featured_media":0,"comment_status":"open","ping_status":"open","sticky":false,"template":"","format":"standard","meta":{"footnotes":""},"categories":[6,9],"tags":[],"class_list":["post-10202","post","type-post","status-publish","format-standard","hentry","category-politika","category-zpravy"],"_links":{"self":[{"href":"https:\/\/www.invarena.cz\/index.php?rest_route=\/wp\/v2\/posts\/10202","targetHints":{"allow":["GET"]}}],"collection":[{"href":"https:\/\/www.invarena.cz\/index.php?rest_route=\/wp\/v2\/posts"}],"about":[{"href":"https:\/\/www.invarena.cz\/index.php?rest_route=\/wp\/v2\/types\/post"}],"author":[{"embeddable":true,"href":"https:\/\/www.invarena.cz\/index.php?rest_route=\/wp\/v2\/users\/1"}],"replies":[{"embeddable":true,"href":"https:\/\/www.invarena.cz\/index.php?rest_route=%2Fwp%2Fv2%2Fcomments&post=10202"}],"version-history":[{"count":0,"href":"https:\/\/www.invarena.cz\/index.php?rest_route=\/wp\/v2\/posts\/10202\/revisions"}],"wp:attachment":[{"href":"https:\/\/www.invarena.cz\/index.php?rest_route=%2Fwp%2Fv2%2Fmedia&parent=10202"}],"wp:term":[{"taxonomy":"category","embeddable":true,"href":"https:\/\/www.invarena.cz\/index.php?rest_route=%2Fwp%2Fv2%2Fcategories&post=10202"},{"taxonomy":"post_tag","embeddable":true,"href":"https:\/\/www.invarena.cz\/index.php?rest_route=%2Fwp%2Fv2%2Ftags&post=10202"}],"curies":[{"name":"wp","href":"https:\/\/api.w.org\/{rel}","templated":true}]}}