{"id":10309,"date":"2013-09-11T12:47:16","date_gmt":"2013-09-11T10:47:16","guid":{"rendered":"http:\/\/www.invarena.cz\/?p=10309"},"modified":"2013-09-11T15:50:09","modified_gmt":"2013-09-11T13:50:09","slug":"v-cr-v-poslednich-letech-pribyva-sebevrazd-loni-jich-bylo-1647","status":"publish","type":"post","link":"https:\/\/www.invarena.cz\/?p=10309","title":{"rendered":"V posledn\u00edch letech p\u0159ib\u00fdv\u00e1 sebevra\u017ed, loni jich bylo 1647"},"content":{"rendered":"<p><strong>V \u010cesku v posledn\u00edch letech p\u0159ib\u00fdv\u00e1 sebevra\u017ed.\u00a0I p\u0159es jejich rostouc\u00ed po\u010det je v\u0161ak podle anal\u00fdzy demograf\u016f situace p\u0159\u00edzniv\u011bj\u0161\u00ed ne\u017e v obdob\u00ed normalizace. K p\u0159\u00ed\u010din\u00e1m sebevra\u017ed odborn\u00edci \u0159ad\u00ed mj. i ekonomickou krizi.\u00a0<\/strong>\u00a0<!--more--><\/p>\n<p>Loni si \u017eivot vzalo 1647 lid\u00ed.\u00a0 To je t\u00e9m\u011b\u0159 o t\u0159i stovky v\u00edc ne\u017e v roce 2007, kdy odborn\u00edci evidovali v\u016fbec nejm\u00e9n\u011b p\u0159\u00edpad\u016f. \u010cast\u011bji se rozhodnou ze sv\u011bta p\u0159ed\u010dasn\u011b odej\u00edt mu\u017ei ne\u017e \u017eeny. Vypl\u00fdv\u00e1 to ze statistiky zem\u0159el\u00fdch. Podle demograf\u016f je sebevra\u017ed i p\u0159es jejich rostouc\u00ed po\u010det st\u00e1le m\u00e9n\u011b ne\u017e v minulosti. Pr\u00e1v\u011b na 10. z\u00e1\u0159\u00ed &#8211;\u00a0\u00a0p\u0159ipad\u00e1 sv\u011btov\u00fd den p\u0159edch\u00e1zen\u00ed sebevra\u017ed\u00e1m.<\/p>\n<p>Nejv\u00edc \u010cech\u016f a \u010ce\u0161ek si s\u00e1hlo na \u017eivot v roce 1934, kdy zemi sv\u00edrala hospod\u00e1\u0159sk\u00e1 krize. Bylo jich 4007. Dal\u0161\u00edm vrcholem se stalo obdob\u00ed po roce 1968 a doba normalizace. V roce 1970 sp\u00e1chalo sebevra\u017edu 2824 mu\u017e\u016f a \u017een. Od t\u00e9 doby po\u010det postupn\u011b klesal. Nejni\u017e\u0161\u00ed byl v roce 2007, kdy ze sv\u011bta dobrovoln\u011b ode\u0161lo 1375 \u010cech\u016f a \u010ce\u0161ek. I kdy\u017e v posledn\u00edch letech p\u0159ib\u00fdv\u00e1 t\u011bch, kte\u0159\u00ed sami ukon\u010d\u00ed sv\u016fj \u017eivot, st\u00e1le je situace podle anal\u00fdzy demograf\u016f p\u0159\u00edzniv\u011bj\u0161\u00ed ne\u017e v minulosti.<\/p>\n<p>Sebevra\u017ed podle statistick\u00e9ho \u00fa\u0159adu od roku 1970 postupn\u011b ub\u00fdvalo. Nejm\u00e9n\u011b jich bylo p\u0159ed \u0161esti lety, kdy odborn\u00edci evidovali 1375 p\u0159\u00edpad\u016f. V n\u00e1sleduj\u00edc\u00edm roce 2008 jich pak bylo o \u010dty\u0159i v\u00edc. V\u00fdrazn\u011bj\u0161\u00ed n\u00e1r\u016fst nastal v roce 2009, kdy si \u017eivot vzalo 1464 osob. V lo\u0148sk\u00e9m roce se rozhodlo ze sv\u011bta odej\u00edt 1647 \u017een a mu\u017e\u016f.<\/p>\n<p>Za rostouc\u00edm po\u010dtem odborn\u00edci vid\u00ed mimo jin\u00e9 ekonomickou krizi. Roli m\u016f\u017ee hr\u00e1t tak\u00e9 beznad\u011bj z v\u00fdvoje v zemi a politick\u00fdch tahanic. Lid\u00e9 pr\u00fd p\u0159est\u00e1vaj\u00ed v\u011b\u0159it tomu, \u017ee by se pom\u011bry mohly zm\u011bnit k lep\u0161\u00edmu.<\/p>\n<p>Podle demograf\u016f si \u010dast\u011bji berou \u017eivot mu\u017ei ne\u017e \u017eeny, jejich\u017e pod\u00edl nav\u00edc kles\u00e1. Zat\u00edmco ve druh\u00e9 polovin\u011b 40. let \u010di v prvn\u00ed polovin\u011b let 60. minul\u00e9ho stolet\u00ed sebevra\u017eedkyn\u011b tvo\u0159ily zhruba 32 procent lid\u00ed, co si vzali \u017eivot, te\u010f je to kolem 17 procent. Loni dobrovoln\u011b ode\u0161lo ze sv\u011bta 277 \u017een a 1370 mu\u017e\u016f. V roce 2011 to bylo 1337 mu\u017e\u016f a 252 \u017een. V roce 2007 ukon\u010dilo \u017eivot 1147 mu\u017e\u016f a 228 \u017een.<\/p>\n<p>Nej\u010dast\u011bji lid\u00e9 vol\u00ed ob\u011b\u0161en\u00ed. Zabij\u00ed se tak dv\u011b t\u0159etiny mu\u017e\u016f a t\u00e9m\u011b\u0159 polovina \u017een. Mu\u017ei si pak vyberou i zast\u0159elen\u00ed, otravu a skok z v\u00fd\u0161ky. \u017deny se rozhodnou pro otravu \u010di skok, mnohem m\u00e9n\u011b pak s\u00e1hnou po ostr\u00e9m p\u0159edm\u011btu. Star\u0161\u00ed lid\u00e9 \u010dast\u011bji vol\u00ed ob\u011b\u0161en\u00ed, mlad\u0161\u00ed i jin\u00fd zp\u016fsob odchodu ze sv\u011bta.<\/p>\n<p>Podle anal\u00fdzy statistik\u016f sebevra\u017ed p\u0159ib\u00fdv\u00e1 s v\u011bkem. V letech 2006 a\u017e 2010 nejv\u00edc lid\u00ed dobrovoln\u011b ukon\u010dilo \u017eivot v 52 letech, pak po\u010det zas klesal. M\u00edrn\u00fd n\u00e1r\u016fst po\u010dtu nastal u lid\u00ed od 74 do 82 rok\u016f.<\/p>\n<p>Nej\u010dast\u011bji dobrovoln\u00fd odchod ze sv\u011bta vol\u00ed lid\u00e9 se st\u0159edn\u00edm vzd\u011bl\u00e1n\u00edm bez maturity. Sp\u00e1chaj\u00ed v\u00edc ne\u017e polovinu sebevra\u017ed. Nejm\u00e9n\u011b si \u017eivot berou vysoko\u0161kol\u00e1ci. Nejmen\u0161\u00ed sebevra\u017eednost byla na Vyso\u010din\u011b a v Jihomoravsk\u00e9m kraji. Naopak nejhor\u0161\u00ed byla situace v letech 2000 a\u017e 2010 v Olomouck\u00e9m kraji.<\/p>\n<p>Nejv\u00edc sebevra\u017ed se odehraje na ja\u0159e. Nej\u010dast\u011bji cht\u011bj\u00ed lid\u00e9 ukon\u010dit sv\u016fj \u017eivot v pond\u011bl\u00ed. Mnoz\u00ed k tomu p\u0159ikro\u010d\u00ed i o sv\u00e1tc\u00edch. I kdy\u017e panuje p\u0159esv\u011bd\u010den\u00ed, \u017ee se lid\u00e9 zab\u00edjej\u00ed o V\u00e1noc\u00edch, podle statistik\u016f je v tuto dobu &#8222;sebevra\u017eednost podpr\u016fm\u011brn\u00e1&#8220;.<br \/>\nStatistick\u00fd \u00fa\u0159ad sleduje v\u00fdvoj pravideln\u011b v\u017edy po p\u011bti letech. Posledn\u00ed anal\u00fdzu prov\u00e1d\u011bl za roky 2006 a\u017e 2010.<\/p>\n<p><strong>PO\u010cET SEBEVRA\u017dD V JEDNOTLIV\u00ddCH LETECH<\/strong><\/p>\n<p><strong>ROK<\/strong>\u00a0\u00a0\u00a0\u00a0<strong>MU\u017dI<\/strong>\u00a0\u00a0\u00a0<strong>\u017dENY<\/strong>\u00a0\u00a0\u00a0\u00a0 <strong>CELKEM<\/strong><br \/>\n2002\u00a0\u00a0 1216\u00a0\u00a0\u00a0\u00a0\u00a0\u00a0\u00a0 318\u00a0\u00a0\u00a0\u00a0\u00a0\u00a0\u00a0\u00a0 1534<br \/>\n2003\u00a0\u00a0 1365\u00a0\u00a0\u00a0\u00a0\u00a0\u00a0 354\u00a0\u00a0\u00a0\u00a0\u00a0\u00a0\u00a0\u00a0 1719<br \/>\n2004\u00a0\u00a0 1286\u00a0\u00a0\u00a0\u00a0\u00a0\u00a0 297\u00a0\u00a0\u00a0\u00a0\u00a0\u00a0\u00a0\u00a0 1593<br \/>\n2005\u00a0\u00a0 1272\u00a0\u00a0\u00a0\u00a0\u00a0 292\u00a0\u00a0\u00a0\u00a0\u00a0\u00a0\u00a0\u00a0\u00a01564<br \/>\n2006\u00a0\u00a0 1142\u00a0\u00a0\u00a0\u00a0\u00a0 258\u00a0\u00a0\u00a0\u00a0\u00a0\u00a0\u00a0\u00a0\u00a01400<br \/>\n2007\u00a0\u00a0 1147\u00a0\u00a0\u00a0\u00a0\u00a0 228\u00a0\u00a0\u00a0\u00a0\u00a0\u00a0\u00a0\u00a0\u00a0\u00a01375<br \/>\n2008\u00a0\u00a0 1123\u00a0\u00a0\u00a0\u00a0\u00a0256\u00a0\u00a0\u00a0\u00a0\u00a0\u00a0\u00a0\u00a0\u00a0 1379<br \/>\n2009\u00a0\u00a0 1230\u00a0 \u00a0\u00a0 234\u00a0\u00a0\u00a0\u00a0\u00a0\u00a0\u00a0\u00a0\u00a0 1464<br \/>\n2010\u00a0\u00a0 1245\u00a0\u00a0\u00a0\u00a0\u00a0 257\u00a0\u00a0\u00a0\u00a0\u00a0\u00a0\u00a0\u00a0\u00a01502<br \/>\n2011\u00a0\u00a0\u00a0 1337\u00a0\u00a0\u00a0\u00a0\u00a0 252\u00a0\u00a0\u00a0\u00a0\u00a0\u00a0\u00a0\u00a0 1589<br \/>\n2012\u00a0\u00a0\u00a0 1370\u00a0\u00a0\u00a0\u00a0 277\u00a0\u00a0\u00a0\u00a0\u00a0\u00a0\u00a0\u00a0\u00a0 1647<\/p>\n<p>Zdroj: Statistika zem\u0159el\u00fdch &#8211; \u00dastav zdravotnick\u00fdch informac\u00ed a statistiky<\/p>\n","protected":false},"excerpt":{"rendered":"<div class=\"mh-excerpt\"><p>V \u010cesku v posledn\u00edch letech p\u0159ib\u00fdv\u00e1 sebevra\u017ed.\u00a0I p\u0159es jejich rostouc\u00ed po\u010det je v\u0161ak podle anal\u00fdzy demograf\u016f situace p\u0159\u00edzniv\u011bj\u0161\u00ed ne\u017e v obdob\u00ed normalizace. K p\u0159\u00ed\u010din\u00e1m sebevra\u017ed <a class=\"mh-excerpt-more\" href=\"https:\/\/www.invarena.cz\/?p=10309\" title=\"V posledn\u00edch letech p\u0159ib\u00fdv\u00e1 sebevra\u017ed, loni jich bylo 1647\">[&#8230;]<\/a><\/p>\n<\/div>","protected":false},"author":1,"featured_media":6815,"comment_status":"open","ping_status":"open","sticky":false,"template":"","format":"standard","meta":{"footnotes":""},"categories":[7,9],"tags":[],"class_list":["post-10309","post","type-post","status-publish","format-standard","has-post-thumbnail","hentry","category-spolecnost","category-zpravy"],"_links":{"self":[{"href":"https:\/\/www.invarena.cz\/index.php?rest_route=\/wp\/v2\/posts\/10309","targetHints":{"allow":["GET"]}}],"collection":[{"href":"https:\/\/www.invarena.cz\/index.php?rest_route=\/wp\/v2\/posts"}],"about":[{"href":"https:\/\/www.invarena.cz\/index.php?rest_route=\/wp\/v2\/types\/post"}],"author":[{"embeddable":true,"href":"https:\/\/www.invarena.cz\/index.php?rest_route=\/wp\/v2\/users\/1"}],"replies":[{"embeddable":true,"href":"https:\/\/www.invarena.cz\/index.php?rest_route=%2Fwp%2Fv2%2Fcomments&post=10309"}],"version-history":[{"count":0,"href":"https:\/\/www.invarena.cz\/index.php?rest_route=\/wp\/v2\/posts\/10309\/revisions"}],"wp:featuredmedia":[{"embeddable":true,"href":"https:\/\/www.invarena.cz\/index.php?rest_route=\/wp\/v2\/media\/6815"}],"wp:attachment":[{"href":"https:\/\/www.invarena.cz\/index.php?rest_route=%2Fwp%2Fv2%2Fmedia&parent=10309"}],"wp:term":[{"taxonomy":"category","embeddable":true,"href":"https:\/\/www.invarena.cz\/index.php?rest_route=%2Fwp%2Fv2%2Fcategories&post=10309"},{"taxonomy":"post_tag","embeddable":true,"href":"https:\/\/www.invarena.cz\/index.php?rest_route=%2Fwp%2Fv2%2Ftags&post=10309"}],"curies":[{"name":"wp","href":"https:\/\/api.w.org\/{rel}","templated":true}]}}