{"id":10416,"date":"2013-09-13T12:57:34","date_gmt":"2013-09-13T10:57:34","guid":{"rendered":"http:\/\/www.invarena.cz\/?p=10416"},"modified":"2013-09-13T14:10:56","modified_gmt":"2013-09-13T12:10:56","slug":"vetsina-drabkovych-zakonu-bude-kompletne-zrusena-uz-chybi-pouze-podpis-prezidenta","status":"publish","type":"post","link":"https:\/\/www.invarena.cz\/?p=10416","title":{"rendered":"V\u011bt\u0161ina Dr\u00e1bkov\u00fdch z\u00e1kon\u016f bude kompletn\u011b zru\u0161ena. U\u017e chyb\u00ed pouze podpis prezidenta"},"content":{"rendered":"<p><strong>V\u010dera Sen\u00e1t \u010cR projedn\u00e1val dv\u011b d\u016fle\u017eit\u00e9 novely t\u00fdkaj\u00edc\u00ed se handicapovan\u00fdch. Krom\u011b toho, \u017ee definitivn\u011b zru\u0161il sKarty, do\u0161lo tak\u00e9 ke schv\u00e1len\u00ed novely, kter\u00e1 zlep\u0161uje situaci ve vyd\u00e1v\u00e1n\u00ed pr\u016fkaz\u016f ZTP, n\u00e1rok\u016f na p\u0159\u00edsp\u011bvek na mobilitu a p\u0159\u00edsp\u011bvku na p\u00e9\u010di.<\/strong><br \/>\n<!--more--><br \/>\nPo podpisu prezidenta Milo\u0161e Zemana, co\u017e by podle p\u0159edsedy NRZP \u010cR V\u00e1clava Kr\u00e1sy m\u011bla b\u00fdt pouze formalita, p\u0159estanou platit pro posti\u017een\u00e9 nevyhovuj\u00edc\u00ed z\u00e1kony. Padne posledn\u00ed ba\u0161ta, kterou tak urputn\u011b Jarom\u00edr Dr\u00e1bek br\u00e1nil.<\/p>\n<p>Dr\u00e1bkova soci\u00e1ln\u00ed reforma zp\u016fsobila spoustu probl\u00e9m\u016f hlavn\u011b t\u011b\u017ece t\u011blesn\u011b posti\u017een\u00fdm lidem. Byl jim odeb\u00edr\u00e1n pr\u016fkaz ZTP a p\u0159\u00edsp\u011bvek na mobilitu.<\/p>\n<p>V m\u00e9di\u00edch se objevovaly i p\u0159\u00edpady, kdy velice t\u011b\u017ece t\u011blesn\u011b posti\u017een\u00ed lid\u00e9 klesli ve \u010dty\u0159stup\u0148ov\u00e9 tabulce p\u0159\u00edsp\u011bvku na p\u00e9\u010di a\u017e o dva stupn\u011b. Finan\u010dn\u011b to znamenalo, \u017ee \u010dlov\u011bk zcela odk\u00e1zan\u00fd na pomoc druh\u00fdch p\u0159i\u0161el a\u017e o osm tis\u00edc m\u011bs\u00ed\u010dn\u011b.<\/p>\n<p>Medi\u00e1ln\u00ed tv\u00e1\u0159\u00ed odboje handicapovan\u00fdch proti asoci\u00e1ln\u00edm z\u00e1kon\u016fm se v posledn\u00edch m\u011bs\u00edc\u00edch stal nevidom\u00fd Jakub Striegler, kter\u00fd dokonce podal na ministerstvo \u017ealobu.<\/p>\n<p>Krom\u011b toho, \u017ee nevid\u00ed, m\u00e1 toti\u017e i t\u011blesn\u00e9 posti\u017een\u00ed, ke kter\u00e9mu posudkov\u00e1 komise v\u016fbec nep\u0159ihl\u00ed\u017eela, proto mu sn\u00ed\u017eila p\u0159\u00edsp\u011bvek na p\u00e9\u010di ze dvan\u00e1cti tis\u00edc na \u010dty\u0159i tis\u00edce.<\/p>\n<p><strong>Jak\u00e9 zm\u011bny za\u010dnou s p\u0159ijet\u00edm novely platit?<\/strong><\/p>\n<p>Fakticky lze \u0159\u00edci, \u017ee se ve\u0161ker\u00e9 podm\u00ednky vrac\u00ed p\u0159ed Dr\u00e1bkovu soci\u00e1ln\u00ed reformu.<\/p>\n<p>Dr\u017eitel\u00e9 pr\u016fkazu ZTP budou m\u00edt automaticky n\u00e1rok na p\u0159\u00edsp\u011bvek na mobilitu.<\/p>\n<p>\u017d\u00e1dosti o pr\u016fkaz ZTP se budou projedn\u00e1vat v samostatn\u00e9m \u0159\u00edzen\u00ed, nebudou posuzov\u00e1ny spole\u010dn\u011b s p\u0159\u00edsp\u011bvkem na p\u00e9\u010di. To je velice d\u016fle\u017eit\u00e9, proto\u017ee se st\u00e1valo, \u017ee lid\u00e9, kte\u0159\u00ed ani p\u0159\u00edsp\u011bvek na p\u00e9\u010di necht\u011bli, automaticky nedostali ani pr\u016fkaz ZTP.<\/p>\n<p>Na p\u0159\u00edsp\u011bvek na upraven\u00fd osobn\u00ed automobil budou m\u00edt op\u011bt n\u00e1rok i lid\u00e9 s amputac\u00ed nad kolenem.<\/p>\n<p>Se schv\u00e1len\u00edm novely byl za\u017eehn\u00e1n i z\u00e1sadn\u00ed kolaps, kter\u00fd hrozil v dotac\u00edch na soci\u00e1ln\u00ed slu\u017eby. Ty u\u017e m\u011bly od p\u0159\u00ed\u0161t\u00edho roku p\u0159ej\u00edt na kraje, kter\u00e9 ale nebyly p\u0159ipraven\u00e9. Do\u0161lo k ro\u010dn\u00edmu odkladu. Kraje tak budou muset \u0159e\u0161it dotace na soci\u00e1ln\u00ed slu\u017eby a\u017e od roku 2015.<\/p>\n<p>V\u010derej\u0161\u00ed schv\u00e1len\u00ed novely v Sen\u00e1tu \u010cR je velk\u00fdm v\u00edt\u011bzstv\u00edm zdravotn\u011b posti\u017een\u00fdch, kte\u0159\u00ed po celou dobu d\u00e1vali velice hlasit\u011b najevo, \u017ee soci\u00e1ln\u00ed reforma v\u011bt\u0161in\u011b z nich z\u00e1sadn\u011b u\u0161kod\u00ed. Je to v\u00edt\u011bzstv\u00ed i organizac\u00ed, kter\u00e9 handicapovan\u00fdm pom\u00e1haj\u00ed, p\u0159edev\u0161\u00edm pak N\u00e1rodn\u00ed rady osob se zdravotn\u00edm posti\u017een\u00edm \u010cR.<\/p>\n<p>T\u011b\u017eko \u0159\u00edci, zda k tak hladk\u00e9mu schv\u00e1len\u00ed v\u0161ech zm\u011bn nep\u0159isp\u011bly i \u0159\u00edjnov\u00e9 p\u0159ed\u010dasn\u00e9 volby, proto\u017ee politick\u00e9 strany se cht\u011bj\u00ed p\u0159ed sv\u00fdmi voli\u010di uk\u00e1zat v dobr\u00e9m sv\u011btle. D\u016fle\u017eit\u00e9 ale je, \u017ee novela Parlamentem \u010cR pro\u0161la a dojde snad k napraven\u00ed v\u0161ech chyb.<\/p>\n<p>Ji\u0159\u00ed Marek<br \/>\ninvArena<\/p>\n","protected":false},"excerpt":{"rendered":"<div class=\"mh-excerpt\"><p>V\u010dera Sen\u00e1t \u010cR projedn\u00e1val dv\u011b d\u016fle\u017eit\u00e9 novely t\u00fdkaj\u00edc\u00ed se handicapovan\u00fdch. Krom\u011b toho, \u017ee definitivn\u011b zru\u0161il sKarty, do\u0161lo tak\u00e9 ke schv\u00e1len\u00ed novely, kter\u00e1 zlep\u0161uje situaci ve <a class=\"mh-excerpt-more\" href=\"https:\/\/www.invarena.cz\/?p=10416\" title=\"V\u011bt\u0161ina Dr\u00e1bkov\u00fdch z\u00e1kon\u016f bude kompletn\u011b zru\u0161ena. U\u017e chyb\u00ed pouze podpis prezidenta\">[&#8230;]<\/a><\/p>\n<\/div>","protected":false},"author":3,"featured_media":0,"comment_status":"open","ping_status":"open","sticky":false,"template":"","format":"standard","meta":{"footnotes":""},"categories":[6,9],"tags":[],"class_list":["post-10416","post","type-post","status-publish","format-standard","hentry","category-politika","category-zpravy"],"_links":{"self":[{"href":"https:\/\/www.invarena.cz\/index.php?rest_route=\/wp\/v2\/posts\/10416","targetHints":{"allow":["GET"]}}],"collection":[{"href":"https:\/\/www.invarena.cz\/index.php?rest_route=\/wp\/v2\/posts"}],"about":[{"href":"https:\/\/www.invarena.cz\/index.php?rest_route=\/wp\/v2\/types\/post"}],"author":[{"embeddable":true,"href":"https:\/\/www.invarena.cz\/index.php?rest_route=\/wp\/v2\/users\/3"}],"replies":[{"embeddable":true,"href":"https:\/\/www.invarena.cz\/index.php?rest_route=%2Fwp%2Fv2%2Fcomments&post=10416"}],"version-history":[{"count":0,"href":"https:\/\/www.invarena.cz\/index.php?rest_route=\/wp\/v2\/posts\/10416\/revisions"}],"wp:attachment":[{"href":"https:\/\/www.invarena.cz\/index.php?rest_route=%2Fwp%2Fv2%2Fmedia&parent=10416"}],"wp:term":[{"taxonomy":"category","embeddable":true,"href":"https:\/\/www.invarena.cz\/index.php?rest_route=%2Fwp%2Fv2%2Fcategories&post=10416"},{"taxonomy":"post_tag","embeddable":true,"href":"https:\/\/www.invarena.cz\/index.php?rest_route=%2Fwp%2Fv2%2Ftags&post=10416"}],"curies":[{"name":"wp","href":"https:\/\/api.w.org\/{rel}","templated":true}]}}