{"id":10429,"date":"2013-09-15T17:08:17","date_gmt":"2013-09-15T15:08:17","guid":{"rendered":"http:\/\/www.invarena.cz\/?p=10429"},"modified":"2013-09-15T17:08:17","modified_gmt":"2013-09-15T15:08:17","slug":"rodiny-deti-s-mozkovou-obrnou-zadaji-pojistovny-o-vice-penez","status":"publish","type":"post","link":"https:\/\/www.invarena.cz\/?p=10429","title":{"rendered":"Rodiny d\u011bt\u00ed s mozkovou obrnou \u017e\u00e1daj\u00ed poji\u0161\u0165ovny o v\u00edce pen\u011bz"},"content":{"rendered":"<p><strong>Rodi\u010de d\u011bt\u00ed posti\u017een\u00fdch mozkovou obrnou si st\u011b\u017euj\u00ed, \u017ee nemaj\u00ed dost pen\u011bz na kl\u00ed\u010dov\u00e9 pom\u016fcky. Cht\u011bli by v\u00edc pomoci od zdravotn\u00edch poji\u0161\u0165oven. P\u0159itom \u010d\u00edm d\u0159\u00edve se za\u010dne s d\u00edt\u011btem cvi\u010dit, t\u00edm l\u00e9pe.<\/strong><\/p>\n<p><!--more--><\/p>\n<p>L\u00e9\u010den\u00ed v d\u011btstv\u00ed rozhodne o tom, jestli posti\u017een\u00fd mozkovou obrnou bude v dosp\u011blosti samostatn\u00fd nebo odk\u00e1zan\u00fd na pomoc.<\/p>\n<p>Pracovn\u00edci chomutovsk\u00e9 charity podle report\u00e1\u017ee \u010cesk\u00e1 televize p\u0159iv\u00e1\u017eej\u00ed speci\u00e1ln\u00ed cvi\u010debn\u00ed st\u016fl pro posti\u017eenou \u010dty\u0159letou Ka\u010denku. St\u016fl st\u00e1l 31 tis\u00edc a po desetikorun\u00e1ch se na n\u011bj skl\u00e1dali obyvatel\u00e9 Chomutova. \u010cty\u0159ikr\u00e1t denn\u011b na n\u011bm bude Ka\u010denka s pomoc\u00ed matky rozh\u00fdb\u00e1vat k\u0159e\u010d\u00ed sta\u017een\u00e9 t\u011blo.<\/p>\n<p>Na polohovac\u00edm stole je cvi\u010den\u00ed efektivn\u011bj\u0161\u00ed ne\u017e provizorn\u011b t\u0159eba na podlaze. Sb\u00edrku pom\u00e1hala organizovat i Michaela. Dnes zamilovan\u00e1 samostatn\u00e1 \u017eena v d\u011btstv\u00ed nechodila. Zachr\u00e1nilo ji pr\u00e1v\u011b cvi\u010den\u00ed.<\/p>\n<p>&#8222;T\u00e1ta se mnou cvi\u010dil dvakr\u00e1t t\u0159ikr\u00e1t za den,&#8220; \u0159ekl v \u010cT Michaela, je\u017e byla sama v d\u011btstv\u00ed posti\u017een\u00e1 DMO.<\/p>\n<p>Na nedostate\u010dn\u011b hrazenou p\u00e9\u010di si st\u011b\u017euj\u00ed rodi\u010de nejne na Chomutovswku, ale v cel\u00e9 republice. Za pom\u016fcky, l\u00e1zn\u011b nebo cvi\u010den\u00ed daj\u00ed i des\u00edtky tis\u00edc ro\u010dn\u011b.<\/p>\n<p>&#8222;Doj\u00ed\u017ed\u011bt n\u011bkam a rehabilitovat pravideln\u011b je pom\u011brn\u011b finan\u010dn\u011b n\u00e1ro\u010dn\u00e9,&#8220; dosv\u011bd\u010duje Petr Marek z ob\u010dansk\u00e9ho sdru\u017een\u00ed Conamen.<\/p>\n<p>Ka\u017ed\u00fd rok se v \u010cesku narod\u00ed v pr\u016fm\u011bru na 150 d\u011bt\u00ed posti\u017een\u00fdch mozkovou obrnou. Nejv\u011bt\u0161\u00ed zdravotn\u00ed poji\u0161\u0165ovna tvrd\u00ed, \u017ee na pom\u016fcky v\u0161em p\u0159isp\u00edv\u00e1.<\/p>\n<p><strong>&#8222;<\/strong>M\u00e1me zhruba 745 a\u017e 750 d\u011btsk\u00fdch pacient\u016f, kte\u0159\u00ed ro\u010dn\u011b jezd\u00ed do l\u00e1zn\u00ed. Finan\u010dn\u00ed n\u00e1klady se pohybuj\u00ed zhruba na \u00farovni 20 milion\u016f,&#8220; uvedl mluv\u010d\u00ed VZP Vlastimil Sr\u0161e\u0148.<\/p>\n<p><strong><\/strong>Rodi\u010de se te\u010f pro Ka\u010denku sna\u017e\u00ed sehnat speci\u00e1ln\u011b vycvi\u010den\u00e9ho psa.<\/p>\n<p>podle report\u00e1\u017ee \u010cesk\u00e9 televize zaznamenala invArena<\/p>\n","protected":false},"excerpt":{"rendered":"<div class=\"mh-excerpt\"><p>Rodi\u010de d\u011bt\u00ed posti\u017een\u00fdch mozkovou obrnou si st\u011b\u017euj\u00ed, \u017ee nemaj\u00ed dost pen\u011bz na kl\u00ed\u010dov\u00e9 pom\u016fcky. Cht\u011bli by v\u00edc pomoci od zdravotn\u00edch poji\u0161\u0165oven. P\u0159itom \u010d\u00edm d\u0159\u00edve se <a class=\"mh-excerpt-more\" href=\"https:\/\/www.invarena.cz\/?p=10429\" title=\"Rodiny d\u011bt\u00ed s mozkovou obrnou \u017e\u00e1daj\u00ed poji\u0161\u0165ovny o v\u00edce pen\u011bz\">[&#8230;]<\/a><\/p>\n<\/div>","protected":false},"author":1,"featured_media":2052,"comment_status":"open","ping_status":"open","sticky":false,"template":"","format":"standard","meta":{"footnotes":""},"categories":[7],"tags":[],"class_list":["post-10429","post","type-post","status-publish","format-standard","has-post-thumbnail","hentry","category-spolecnost"],"_links":{"self":[{"href":"https:\/\/www.invarena.cz\/index.php?rest_route=\/wp\/v2\/posts\/10429","targetHints":{"allow":["GET"]}}],"collection":[{"href":"https:\/\/www.invarena.cz\/index.php?rest_route=\/wp\/v2\/posts"}],"about":[{"href":"https:\/\/www.invarena.cz\/index.php?rest_route=\/wp\/v2\/types\/post"}],"author":[{"embeddable":true,"href":"https:\/\/www.invarena.cz\/index.php?rest_route=\/wp\/v2\/users\/1"}],"replies":[{"embeddable":true,"href":"https:\/\/www.invarena.cz\/index.php?rest_route=%2Fwp%2Fv2%2Fcomments&post=10429"}],"version-history":[{"count":0,"href":"https:\/\/www.invarena.cz\/index.php?rest_route=\/wp\/v2\/posts\/10429\/revisions"}],"wp:featuredmedia":[{"embeddable":true,"href":"https:\/\/www.invarena.cz\/index.php?rest_route=\/wp\/v2\/media\/2052"}],"wp:attachment":[{"href":"https:\/\/www.invarena.cz\/index.php?rest_route=%2Fwp%2Fv2%2Fmedia&parent=10429"}],"wp:term":[{"taxonomy":"category","embeddable":true,"href":"https:\/\/www.invarena.cz\/index.php?rest_route=%2Fwp%2Fv2%2Fcategories&post=10429"},{"taxonomy":"post_tag","embeddable":true,"href":"https:\/\/www.invarena.cz\/index.php?rest_route=%2Fwp%2Fv2%2Ftags&post=10429"}],"curies":[{"name":"wp","href":"https:\/\/api.w.org\/{rel}","templated":true}]}}