{"id":10475,"date":"2013-09-15T16:51:36","date_gmt":"2013-09-15T14:51:36","guid":{"rendered":"http:\/\/www.invarena.cz\/?p=10475"},"modified":"2013-09-15T16:51:36","modified_gmt":"2013-09-15T14:51:36","slug":"vesnice-a-mesta-se-meni-v-bezbarierove","status":"publish","type":"post","link":"https:\/\/www.invarena.cz\/?p=10475","title":{"rendered":"Vesnice a m\u011bsta se m\u011bn\u00ed v bezbari\u00e9rov\u00e9"},"content":{"rendered":"<p><strong>Bezbari\u00e9rov\u00e9 vesnice. O tom si \u0159ada voz\u00ed\u010dk\u00e1\u0159\u016f, senior\u016f a matek s ko\u010d\u00e1rky mohou v\u011bt\u0161inou nechat jen zd\u00e1t. Existuj\u00ed ale i v\u00fdjimky, jako t\u0159eba Kate\u0159inice na Vala\u0161sku&#8230;<\/strong><\/p>\n<p><!--more--><\/p>\n<p>&nbsp;<\/p>\n<p>Vesnice Kate\u0159inice na Vala\u0161sku se do dvou let chce st\u00e1t \u00fapln\u011b bezbari\u00e9rovou. Pom\u016f\u017eou miliony z ministersk\u00fdch dotac\u00ed.<\/p>\n<p>Nap\u0159. \u010dty\u0159let\u00e1 Kl\u00e1rka trp\u00ed d\u011btskou mozkovou obrnou. V mate\u0159ince v Kate\u0159inic\u00edch sice m\u00e1 ve\u0161kerou p\u00e9\u010di, \u0161kolka ale s\u00eddl\u00ed v prvn\u00edm pat\u0159e. Zdol\u00e1n\u00ed schod\u016f tam i zp\u011bt s dcerou v n\u00e1ru\u010d\u00ed je ale pro matku do\u010dasn\u00e9. Obec tam vybuduje v\u00fdtah. O ka\u017edodenn\u00ed p\u0159ekon\u00e1v\u00e1n\u00ed bari\u00e9r v Kate\u0159inic\u00edch v\u00ed sv\u00e9 i Petr Ad\u00e1mek. Ve vesnici p\u0159ed lety zalo\u017eil Moravskou organizaci voz\u00ed\u010dk\u00e1\u0159\u016f. Jen\u017ee pokud za n\u00edm posti\u017een\u00ed p\u0159\u00e1tel\u00e9 p\u0159ijedou, program maj\u00ed zna\u010dn\u011b omezen\u00fd.<\/p>\n<p>Petr AD\u00c1MEK, Moravsk\u00e1 organizace voz\u00ed\u010dk\u00e1\u0159\u016f \u0159ekl v report\u00e1\u017ei \u010cesk\u00e9 televize:<br \/>\n&#8222;Schody do kulturn\u00edho domu, do kter\u00e9ho se nem\u016f\u017eeme dostat s p\u0159\u00e1teli voz\u00ed\u010dk\u00e1\u0159i. I to vesnice do dvou let naprav\u00ed. Na projekt Mobilita Kate\u0159inic za t\u00e9m\u011b\u0159 14 milion\u016f korun p\u0159isp\u011blo 8 miliony ministerstvo pro m\u00edstn\u00ed rozvoj. Zbytek doplat\u00ed obec ze sv\u00e9ho, bezbari\u00e9rov\u00fd bude nejen kulturn\u00ed d\u016fm, obchod nebo \u0161kola.&#8220;<\/p>\n<p>Tak\u00e9 p\u0159\u00edstup do kostela bude vy\u0159e\u0161en bezbari\u00e9rovou rampou.<\/p>\n<p>Prvn\u00ed jasn\u00fd v\u00fdsledek projektu Mobilita Kate\u0159inic &#8211; bezbari\u00e9rov\u00fd p\u0159\u00edstup k fotbalov\u00e9mu h\u0159i\u0161ti.<\/p>\n<p>Kate\u0159ina POL\u00c1\u010cKOV\u00c1, Liga voz\u00ed\u010dk\u00e1\u0159\u016f:&#8220;Pokud vesnice se n\u011bjak\u00fdm zp\u016fsobem sna\u017e\u00ed bezbari\u00e9rov\u011b zp\u0159\u00edstupnit, tak bu\u010f je to opravdu dobr\u00e1 v\u016fle, ale ve v\u011bt\u0161in\u011b p\u0159\u00edpad\u016f je to a\u017e ve chv\u00edli, kdy \u0159e\u0161\u00ed konkr\u00e9tn\u00ed probl\u00e9m.&#8220;<\/p>\n<p>V p\u0159\u00edpad\u011b Kate\u0159inic je to dobr\u00e1 v\u016fle a mezi ostatn\u00edmi obcemi nejen v okol\u00ed jsou podle voz\u00ed\u010dk\u00e1\u0159\u016f v\u00fdjimkou. Vesnice toti\u017e takto komplexn\u011b bezbari\u00e9rovost sp\u00ed\u0161 ne\u0159e\u0161\u00ed.<\/p>\n<p>M\u011bsta i obce u\u017e bezbari\u00e9rov\u00e9 \u00fapravy v\u011bt\u0161inou automaticky zahrnuj\u00ed do oprav ulic a chodn\u00edk\u016f. M\u011bsta nav\u00edc p\u0159id\u00e1vaj\u00edc\u00ed vod\u00edc\u00ed dla\u017edice pro nevidom\u00e9.<\/p>\n<p>T\u0159eba <strong>Olomouc<\/strong> bort\u00ed p\u0159ek\u00e1\u017eky v ulic\u00edch, ale i na \u00fa\u0159adech u\u017e od roku 2001 a sb\u00edr\u00e1 za to zahrani\u010dn\u00ed ocen\u011bn\u00ed. Voz\u00ed\u010dk\u00e1\u0159i mohou nav\u00edc vyu\u017e\u00edt podrobnou online mapu, kter\u00e1 shrnuje p\u0159\u00edstupn\u00e1 i nep\u0159\u00edstupn\u00e1 m\u00edsta.<\/p>\n<p>Mapu budov dostupn\u00fdch pro voz\u00ed\u010dk\u00e1\u0159e m\u00e1 i <strong>Zl\u00edn<\/strong>, letos investoval do \u00faprav asi 10 milion\u016f korun. L\u00edp zp\u0159\u00edstupn\u00ed t\u0159eba \u010d\u00e1st t\u0159\u00eddy Tom\u00e1\u0161e Bati, a taky m\u011bstsk\u00e9 divadlo.<\/p>\n<p>A nezaost\u00e1v\u00e1 ani <strong>Brno<\/strong>. Bez bari\u00e9r u\u017e jsou v\u0161echny \u00fa\u0159edn\u00ed budovy po dokon\u010den\u00ed stavby podzemn\u00edho parkovi\u0161t\u011b, k nim p\u0159ibude i Jan\u00e1\u010dkovo divadlo. A m\u011bsta disponuj\u00ed i m\u00e9n\u011b viditeln\u00fdmi pom\u016fckami pro handicapovan\u00e9. Nejroz\u0161\u00ed\u0159en\u011bj\u0161\u00ed jsou hlasov\u00e9 maj\u00e1\u010dky, tedy zvukov\u00e1 za\u0159\u00edzen\u00ed nap\u0159\u00edklad na zast\u00e1vk\u00e1ch nebo u podchod\u016f, kter\u00e1 napov\u00ed nevidov\u00fdm. Sta\u010d\u00ed stisknout tla\u010d\u00edtko. Na brn\u011bnsk\u00e9m magistr\u00e1t\u011b a v\u00fdstavi\u0161ti zase nevidom\u00ed najdou Breilovo p\u00edsmo vyra\u017een\u00e9 p\u0159\u00edmo na z\u00e1bradl\u00ed.<\/p>\n<p>I tak to ale brn\u011bn\u0161t\u00ed handicapovan\u00ed nemaj\u00ed jednoduch\u00e9, nap\u0159\u00edklad do ulice B\u0159ezinova m\u016f\u017eou voz\u00ed\u010dk\u00e1\u0159i pouze s doprovodem.<\/p>\n<p>Co by se tedy m\u011blo ve m\u011bstech pro handicapovan\u00e9 zlep\u0161it a jak se lid\u00e9 s posti\u017een\u00edm c\u00edt\u00ed? To si na vlastn\u00ed k\u016f\u017ei vyzkou\u0161eli studenti soci\u00e1ln\u00edch obor\u016f na t\u00fddenn\u00edm mezin\u00e1rodn\u00edm kurzu, kter\u00fd se konal v Lednici.<\/p>\n<p>T\u0159iadvacetilet\u00e1 Birgita z Estonska a stejn\u011b star\u00e1 Eva z ji\u017en\u00ed Moravy, ob\u011b bez handicapu. Na t\u00fdden si ale vyzkou\u0161ely, jak se \u017eije zdravotn\u011b posti\u017een\u00fdm. Jeden den byly nesly\u0161\u00edc\u00ed, nevidom\u00e9 nebo upoutan\u00e9 na kole\u010dkov\u00e9 k\u0159eslo.<\/p>\n<p>Birgita\u00a0 Paluja:&#8220;Nejn\u00e1ro\u010dn\u011bj\u0161\u00ed bylo b\u00fdt hluch\u00e1, je to stra\u0161ideln\u00e9, kdy\u017e nesly\u0161\u00edte v\u016fbec nic.&#8220;<\/p>\n<p>&#8222;Pro m\u011b byla nejhor\u0161\u00ed slepota. M\u011b to dohnalo a\u017e k slz\u00e1m, proto\u017ee jsem si uv\u011bdomila, jak t\u011b\u017ek\u00e1 je orientace v prost\u0159ed\u00ed pro tyto lidi,&#8220; \u0159ekla Eva Jane\u010dkov\u00e1.<\/p>\n<p>Jedn\u00edm z \u00fakol\u016f byla i komunikace s posti\u017een\u00fdm. Zcela nevidom\u00fd student z Estonska vozil \u00fa\u010dastn\u00edky kurzu v kole\u010dkov\u00e9m k\u0159esle. Kurzu se \u00fa\u010dastn\u00ed celkem 27 student\u016f ze 6 evropsk\u00fdch zem\u00ed.<\/p>\n<p>Podle student\u016f v mnoh\u00fdch m\u011bstech nesta\u010d\u00ed jen bezbari\u00e9rov\u00e9 chodn\u00edky, doporu\u010duj\u00ed, aby se u\u017e d\u011bti na z\u00e1kladn\u00edch \u0161kol\u00e1ch u\u010dily jednoduch\u00e9 znakov\u00e9 \u0159e\u010di nebo komunikaci s posti\u017een\u00fdmi.<\/p>\n<p>Celkov\u011b rozd\u011blilo ministerstvo pro m\u00edstn\u00ed rozvoj od roku 2010 na bezbari\u00e9rov\u00e1 \u0159e\u0161en\u00ed pro obce 40 milion\u016f korun. Na jihov\u00fdchodn\u00ed Morav\u011b na dotace dos\u00e1hlo t\u011bchto 7 m\u011bst a obc\u00ed. Dal\u0161\u00ed pen\u00edze rozd\u011bluj\u00ed t\u0159eba i ministerstva dopravy nebo financ\u00ed.<\/p>\n<p>podle \u010cesk\u00e9 televize zaznamenala invArena<\/p>\n","protected":false},"excerpt":{"rendered":"<div class=\"mh-excerpt\"><p>Bezbari\u00e9rov\u00e9 vesnice. O tom si \u0159ada voz\u00ed\u010dk\u00e1\u0159\u016f, senior\u016f a matek s ko\u010d\u00e1rky mohou v\u011bt\u0161inou nechat jen zd\u00e1t. Existuj\u00ed ale i v\u00fdjimky, jako t\u0159eba Kate\u0159inice na <a class=\"mh-excerpt-more\" href=\"https:\/\/www.invarena.cz\/?p=10475\" title=\"Vesnice a m\u011bsta se m\u011bn\u00ed v bezbari\u00e9rov\u00e9\">[&#8230;]<\/a><\/p>\n<\/div>","protected":false},"author":1,"featured_media":4060,"comment_status":"open","ping_status":"open","sticky":false,"template":"","format":"standard","meta":{"footnotes":""},"categories":[7],"tags":[],"class_list":["post-10475","post","type-post","status-publish","format-standard","has-post-thumbnail","hentry","category-spolecnost"],"_links":{"self":[{"href":"https:\/\/www.invarena.cz\/index.php?rest_route=\/wp\/v2\/posts\/10475","targetHints":{"allow":["GET"]}}],"collection":[{"href":"https:\/\/www.invarena.cz\/index.php?rest_route=\/wp\/v2\/posts"}],"about":[{"href":"https:\/\/www.invarena.cz\/index.php?rest_route=\/wp\/v2\/types\/post"}],"author":[{"embeddable":true,"href":"https:\/\/www.invarena.cz\/index.php?rest_route=\/wp\/v2\/users\/1"}],"replies":[{"embeddable":true,"href":"https:\/\/www.invarena.cz\/index.php?rest_route=%2Fwp%2Fv2%2Fcomments&post=10475"}],"version-history":[{"count":0,"href":"https:\/\/www.invarena.cz\/index.php?rest_route=\/wp\/v2\/posts\/10475\/revisions"}],"wp:featuredmedia":[{"embeddable":true,"href":"https:\/\/www.invarena.cz\/index.php?rest_route=\/wp\/v2\/media\/4060"}],"wp:attachment":[{"href":"https:\/\/www.invarena.cz\/index.php?rest_route=%2Fwp%2Fv2%2Fmedia&parent=10475"}],"wp:term":[{"taxonomy":"category","embeddable":true,"href":"https:\/\/www.invarena.cz\/index.php?rest_route=%2Fwp%2Fv2%2Fcategories&post=10475"},{"taxonomy":"post_tag","embeddable":true,"href":"https:\/\/www.invarena.cz\/index.php?rest_route=%2Fwp%2Fv2%2Ftags&post=10475"}],"curies":[{"name":"wp","href":"https:\/\/api.w.org\/{rel}","templated":true}]}}