{"id":10528,"date":"2013-09-18T08:18:37","date_gmt":"2013-09-18T06:18:37","guid":{"rendered":"http:\/\/www.invarena.cz\/?p=10528"},"modified":"2013-09-18T10:19:05","modified_gmt":"2013-09-18T08:19:05","slug":"bojuji-s-neprizni-osudu-i-urady","status":"publish","type":"post","link":"https:\/\/www.invarena.cz\/?p=10528","title":{"rendered":"Bojuj\u00ed s nep\u0159\u00edzn\u00ed osudu i \u00fa\u0159ady"},"content":{"rendered":"<p><strong>T\u0159i roky bojovala pan\u00ed Dagmar Uxov\u00e1 s rakovinou, ale tak\u00e9 s \u00fa\u0159ady. Pro sebe a sv\u00e9 d\u011bti cht\u011bla z\u00edskat obecn\u00ed byt. Oba boje ale 33let\u00e1 \u017eena prohr\u00e1la a ned\u00e1vno zem\u0159ela, jej\u00ed rodina v\u0161ak o obecn\u00ed byt usiluje d\u00e1l, aby jej\u00ed d\u011bti z\u00edskaly vlastn\u00ed domov.<!--more--><\/strong><br \/>\nLo\u017enice pro p\u011bt lid\u00ed, pokoj\u00edk pro \u0161kol\u00e1ky i nemocni\u010dn\u00ed pokoj smrteln\u011b nemocn\u00e9 33let\u00e9 Dagmar. To v\u0161echno dohromady byla v posledn\u00edch m\u011bs\u00edc\u00edch tahle m\u00edstnost v byt\u011b bratra zem\u0159el\u00e9 D\u00e1\u0161i. Jej\u00ed \u017e\u00e1dosti o obecn\u00ed byt, kde by mohla t\u011b\u017ece nemocn\u00e1 matka se sv\u00fdmi d\u011btmi \u017e\u00edt, \u00fa\u0159ady nikdy nevyhov\u011bly.<\/p>\n<p>Dobr\u00fd den, \u017e\u00e1d\u00e1m o byt, pokud mo\u017eno bezbari\u00e9rov\u00fd. Jsme velmi t\u011b\u017ece nemocn\u00e1, m\u00e1m rakovinu, metast\u00e1zi a jsem upout\u00e1na na invalidn\u00ed voz\u00edk. V sou\u010dasn\u00e9 dob\u011b bydl\u00edm s d\u011btmi Pavl\u00edkem 12 let a Mire\u010dkem 9 let a maminkou. Bydl\u00edme u m\u00e9ho bratra ve 2+1 a j\u00e1 s d\u011btmi a maminkou m\u00e1me pro sebe jen jednu m\u00edstnost.<\/p>\n<p>Zam\u00edtav\u00e1 odpov\u011b\u010f \u00fa\u0159adu na tenhle dopis p\u0159i\u0161la den po D\u00e1\u0161in\u011b smrti. Dlu\u017eila 1000 korun za odvoz odpadu a tak nem\u011bla podle pravidel na p\u0159ednostn\u00ed p\u0159id\u011blen\u00ed bytu n\u00e1rok.<\/p>\n<p>Prost\u011b napsali, \u017ee to vezmou podle po\u0159adn\u00edk\u016f a \u017ee je na n\u011bjak\u00fdm 23. nebo 29. m\u00edst\u011b.<\/p>\n<p>D\u00e1\u0161ina sestra Monika ale bojuje d\u00e1l. Kv\u016fli sv\u00e9 matce Alen\u011b, kter\u00e1 se o vnou\u010data nem\u00e1 kde starat. O vlastn\u00ed byt babi\u010dku p\u0159ipravili exekuto\u0159i, kdy\u017e p\u016fj\u010dila pen\u00edze podvodnici. A pokoji u str\u00fdce, kde jejich matka zem\u0159ela, u\u017e d\u011bti sp\u00e1t nedok\u00e1\u017eou.<\/p>\n<p>J\u00e1 tady nem\u016f\u017eu usnout, prost\u011b kdy\u017e jsme to vid\u011bl, tak u\u017e mi ta my\u0161lenka v hlav\u011b, tak se mi to zd\u00e1, v noci se bud\u00edm a nem\u016f\u017eu.<\/p>\n<p>Kdy a kde se Uxov\u00fdm poda\u0159\u00ed nov\u00fd domov naj\u00edt, zat\u00edm netu\u0161\u00ed. Nep\u0159est\u00e1vaj\u00ed ale v\u011b\u0159it, \u017ee i jejich tr\u00e1pen\u00ed mus\u00ed jednou skon\u010dit.<\/p>\n<p>podle report\u00e1\u017ee televize Nova zaznamenala invArena<\/p>\n","protected":false},"excerpt":{"rendered":"<div class=\"mh-excerpt\"><p>T\u0159i roky bojovala pan\u00ed Dagmar Uxov\u00e1 s rakovinou, ale tak\u00e9 s \u00fa\u0159ady. Pro sebe a sv\u00e9 d\u011bti cht\u011bla z\u00edskat obecn\u00ed byt. Oba boje ale 33let\u00e1 <a class=\"mh-excerpt-more\" href=\"https:\/\/www.invarena.cz\/?p=10528\" title=\"Bojuj\u00ed s nep\u0159\u00edzn\u00ed osudu i \u00fa\u0159ady\">[&#8230;]<\/a><\/p>\n<\/div>","protected":false},"author":1,"featured_media":5533,"comment_status":"open","ping_status":"open","sticky":false,"template":"","format":"standard","meta":{"footnotes":""},"categories":[7],"tags":[],"class_list":["post-10528","post","type-post","status-publish","format-standard","has-post-thumbnail","hentry","category-spolecnost"],"_links":{"self":[{"href":"https:\/\/www.invarena.cz\/index.php?rest_route=\/wp\/v2\/posts\/10528","targetHints":{"allow":["GET"]}}],"collection":[{"href":"https:\/\/www.invarena.cz\/index.php?rest_route=\/wp\/v2\/posts"}],"about":[{"href":"https:\/\/www.invarena.cz\/index.php?rest_route=\/wp\/v2\/types\/post"}],"author":[{"embeddable":true,"href":"https:\/\/www.invarena.cz\/index.php?rest_route=\/wp\/v2\/users\/1"}],"replies":[{"embeddable":true,"href":"https:\/\/www.invarena.cz\/index.php?rest_route=%2Fwp%2Fv2%2Fcomments&post=10528"}],"version-history":[{"count":0,"href":"https:\/\/www.invarena.cz\/index.php?rest_route=\/wp\/v2\/posts\/10528\/revisions"}],"wp:featuredmedia":[{"embeddable":true,"href":"https:\/\/www.invarena.cz\/index.php?rest_route=\/wp\/v2\/media\/5533"}],"wp:attachment":[{"href":"https:\/\/www.invarena.cz\/index.php?rest_route=%2Fwp%2Fv2%2Fmedia&parent=10528"}],"wp:term":[{"taxonomy":"category","embeddable":true,"href":"https:\/\/www.invarena.cz\/index.php?rest_route=%2Fwp%2Fv2%2Fcategories&post=10528"},{"taxonomy":"post_tag","embeddable":true,"href":"https:\/\/www.invarena.cz\/index.php?rest_route=%2Fwp%2Fv2%2Ftags&post=10528"}],"curies":[{"name":"wp","href":"https:\/\/api.w.org\/{rel}","templated":true}]}}