{"id":10529,"date":"2013-09-23T09:23:37","date_gmt":"2013-09-23T07:23:37","guid":{"rendered":"http:\/\/www.invarena.cz\/?p=10529"},"modified":"2013-09-23T09:24:17","modified_gmt":"2013-09-23T07:24:17","slug":"ministerstvo-zamitlo-nevidomym-manzelum-adopci-ti-se-chteji-soudit","status":"publish","type":"post","link":"https:\/\/www.invarena.cz\/?p=10529","title":{"rendered":"Ministerstvo zam\u00edtlo nevidom\u00fdm man\u017eel\u016fm adopci, ti se cht\u011bj\u00ed soudit"},"content":{"rendered":"<p><strong>Man\u017eel\u00e9 Peterkovi z Opavy jsou oba nevidom\u00ed a nem\u016f\u017eou m\u00edt vlastn\u00ed d\u011bti. Jejich \u017e\u00e1dost o adopci d\u00edt\u011bte zam\u00edtlo ministerstvo pr\u00e1ce a soci\u00e1ln\u00edch v\u011bc\u00ed s od\u016fvodn\u011bn\u00edm, \u017ee o n\u011bj nem\u016f\u017eou dostate\u010dn\u011b pe\u010dovat. Nevidom\u00ed man\u017eel\u00e9 se v\u0161ak podle report\u00e1\u017ee \u010cesk\u00e9 televize nevzd\u00e1vaj\u00ed.<\/strong><br \/>\n<!--more--><br \/>\nPeterkovi kv\u016fli tomu cht\u011bj\u00ed st\u00e1t \u017ealovat, i kdy\u017e je ot\u00e1zkou, zda si sami nez\u00fa\u017eili man\u00e9vrovac\u00ed prostor t\u00edm, \u017ee po\u017e\u00e1dali jen o dvoulet\u00e9 zdrav\u00e9 d\u00edt\u011b.<\/p>\n<p>&#8222;Ty mate\u0159sk\u00fd pudy prost\u011b ve v\u00e1s jsou po\u0159\u00e1d, i kdy\u017e nevid\u00edte. Vychovatelsk\u00fd schopnosti nemaj\u00ed o jako nic se zrakem spole\u010dn\u00fdho, prost\u011b to m\u00e1te v sob\u011b,&#8220; \u0159\u00edk\u00e1 Peterkov\u00e1.<\/p>\n<p>&#8222;\u010clov\u011bk, kter\u00fd je na voz\u00ed\u010dku, dok\u00e1\u017ee vychov\u00e1vat d\u00edt\u011b. \u010clov\u011bk, kterej nevid\u00ed, ho dok\u00e1\u017ee vychov\u00e1vat taky, proto\u017ee j\u00e1 si mysl\u00edm, \u017ee tady jde o ten cit a tyhle tyto v\u011bci, ne o to, jestli na to d\u00edt\u011b vid\u00edm, nebo nevid\u00edm,&#8220; \u0159\u00edk\u00e1 Peterka.<\/p>\n<p>Oleg a Miloslava nejsou hrdinov\u00e9 z plak\u00e1tu. On je osma\u010dty\u0159icetilet\u00fd cukrovk\u00e1\u0159, jej\u00edm o 12 let mlad\u0161\u00edm t\u011blem ot\u0159\u00e1saj\u00ed z\u00e1\u0161kuby tikov\u00e9ho onemocn\u011bn\u00ed Tourettova syndromu. On pracoval na dole i v rodinn\u00e9 cyklistick\u00e9 firm\u011b. Oslepl p\u0159ed 12 lety a s pomoc\u00ed vid\u00edc\u00edch kamar\u00e1d\u016f provozuje vlastn\u00ed mas\u00e9rsk\u00fd salon. Ona je slep\u00e1 odjak\u017eiva a r\u00e1da se star\u00e1 o jin\u00e9. P\u0159ed 3,5 lety se vzali a cht\u011bj\u00ed m\u00edt d\u00edt\u011b.<\/p>\n<p>&#8222;Jsme prost\u011b do\u0161li a\u017e tedy k um\u011bl\u00e9mu oplodn\u011bn\u00ed, kde jsme tedy absolvovali 4 pokusy, v\u0161ecky ne\u00fasp\u011b\u0161n\u00e9, st\u00e1lo n\u00e1s to akor\u00e1t spoustu pen\u011bz, ale, no, tak\u017ee jsme cht\u011bli b\u00fdt rodina, tak\u017ee to je vlastn\u011b posledn\u00ed, posledn\u00ed mo\u017enost &#8211; adopce,&#8220; \u0159\u00edk\u00e1 Peterka.<\/p>\n<p>Loni v listopadu o osvojen\u00ed zdrav\u00e9ho dvoulet\u00e9ho d\u00edt\u011bte po\u017e\u00e1dali na opavsk\u00e9m magistr\u00e1tu. Nev\u011bd\u011bli, \u017ee \u017e\u00e1dost\u00ed o d\u00edt\u011b star\u0161\u00ed nebo s handicapem by mohli zv\u00fd\u0161it sv\u00e9 \u0161ance. Nav\u0161t\u00edvily je \u00fa\u0159ednice a \u017e\u00e1dost s doporu\u010den\u00edm ke schv\u00e1len\u00ed p\u0159edali na kraj. \u00da\u0159ad oslovil posudkov\u00e9ho l\u00e9ka\u0159e, se kter\u00fdm se nikdy nesetkali. Stopku vystavil na z\u00e1klad\u011b zdravotn\u00ed dokumentace. Pak odvol\u00e1n\u00ed na ministerstvo a v \u010dervenci definitivn\u00ed odpov\u011b\u010f.<\/p>\n<p>\u0160t\u011bp\u00e1nka FILIPOV\u00c1, mluv\u010d\u00ed ministerstva pr\u00e1ce a soci\u00e1ln\u00edch v\u011bc\u00ed:<br \/>\n&#8222;Jejich zdravotn\u00ed stav jim neumo\u017e\u0148uje vhodn\u00e9 vychovatelsk\u00e9 a zejm\u00e9na pe\u010dovatelsk\u00e9 schopnosti, kter\u00e9 by zaru\u010dovaly d\u00edt\u011bti dostate\u010dn\u00fd rozvoj.&#8220;<\/p>\n<p>&#8222;Jsme rozhodnuti prost\u011b tady tu spr\u00e1vn\u00ed \u017ealobu pro diskriminaci na st\u00e1t podat a podat ji z toho d\u016fvodu, \u017ee ministerstvo pr\u00e1ce p\u0159\u00edmo uvedlo v rozhodnut\u00ed z d\u016fvodu trvale zhor\u0161en\u00e9ho zdravotn\u00edho stavu a zejm\u00e9na pro nevidomost. Tak\u017ee kdy\u017e budu vid\u011bt, d\u00edt\u011b dostanu, kdy\u017e nevid\u00edm, nem\u00e1m na d\u00edt\u011b n\u00e1rok?&#8220; \u0159\u00edk\u00e1 Peterka.<\/p>\n<p>I v \u010cesku \u017eij\u00ed nevidom\u00ed rodi\u010de, kte\u0159\u00ed vychov\u00e1vaj\u00ed vlastn\u00ed d\u011bti, o to v\u00edce Peterkovi mrz\u00ed, \u017ee oni \u0161anci nedostali.<\/p>\n<p>&#8222;Rozd\u00edl sp\u00ed\u0161 je v tom p\u0159\u00edstupu t\u011bch, t\u011bch \u00fa\u0159edn\u00edk\u016f a t\u011bch lid\u00ed, co o tom rozhoduj\u00ed,&#8220; m\u00edn\u00ed \u0159\u00edk\u00e1 Peterka.<\/p>\n<p>Pavla Kova\u0159\u00edkov\u00e1 nevid\u00ed od 15 let, o tom, \u017ee by d\u00edt\u011b nem\u011bla, neuva\u017eovala ani na chv\u00edli.<\/p>\n<p>&#8222;My m\u00e1me t\u0159\u00edletou dceru, m\u016fj man\u017eel vid\u00ed a chod\u00ed do pr\u00e1ce, tak\u017ee odmali\u010dka je p\u00e9\u010de o d\u011bt\u00ed prim\u00e1rn\u011b v\u00e1zan\u00e1 na mn\u011b,&#8220; \u0159\u00edk\u00e1 Kova\u0159\u00edkov\u00e1.<\/p>\n<p>Na pochybnosti okol\u00ed nar\u00e1\u017e\u00ed \u010dasto, ned\u00e1vno se nav\u00edc p\u0159est\u011bhovali na okraj Prahy a na nov\u00e9 prost\u0159ed\u00ed si po\u0159\u00e1d zvykaj\u00ed.<\/p>\n<p>&#8222;Aby se kolem toho, \u017ee \u010dlov\u011bk nevid\u00ed, nevytv\u00e1\u0159ela \u017e\u00e1dn\u00e1 takov\u00e1 abstraktn\u00ed atmosf\u00e9ra, ale aby se o tom, o t\u011bch d\u016fsledc\u00edch toho, \u017ee \u010dlov\u011bk nevid\u00ed, mluvilo velmi v\u011bcn\u011b a racion\u00e1ln\u011b. Prakticky. Co to teda znamen\u00e1? Jak va\u0159\u00edte? Jak ukl\u00edz\u00edte? Jak budete s d\u00edt\u011btem ps\u00e1t \u00fakoly? A m\u00e1\u0161 plnej nos\u00edk, vi\u010f. J\u00e1 to sly\u0161\u00edm. Ur\u010dit\u011b vedu dceru hodn\u011b k tomu, aby byla verb\u00e1ln\u00ed, aby hodn\u011b mluvila, aby prost\u011b jsme se um\u011bli dob\u0159e dorozum\u011bt,&#8220; \u0159\u00edk\u00e1 Kova\u0159\u00edkov\u00e1.<\/p>\n<p>Bez zraku vychoval dnes u\u017e dosp\u011bl\u00e9ho syna i Ji\u0159\u00ed Moj\u017e\u00ed\u0161ek. \u0158\u00edk\u00e1, \u017ee nevidom\u00ed se stejn\u011b jako jin\u00ed rodi\u010de li\u0161\u00ed p\u0159\u00edpad od p\u0159\u00edpadu.<\/p>\n<p>&#8222;\u0158ekl bych to na p\u00e1r p\u0159\u00edkladech. \u0158ekn\u011bme, Bed\u0159ich Smetana byl hluch\u00fd, psal muziku, p\u011bknou muziku. Zn\u00e1m slep\u00e9 lukost\u0159elce, jo, to znamen\u00e1, v\u011bci jsou \u0159e\u0161iteln\u00e9 a stav, to znamen\u00e1 slepota, hluchota, nem\u016f\u017ee b\u00fdt br\u00e1na jako prioritn\u00ed,&#8220; \u0159ekl Moj\u017e\u00ed\u0161ek.<\/p>\n<p>Lubo\u0161 ZAJ\u00cdC, pr\u00e1vn\u00ed poradna Sjednocen\u00e9 organizace nevidom\u00fdch a slabozrak\u00fdch \u010cR:<br \/>\n&#8222;Nem\u011blo by to b\u00fdt tak, \u017ee n\u011bkdo od stolu \u0159ekne: &#8222;\u017dadatel\u00e9 jsou \u00fapln\u011b nevidom\u00ed, automaticky se to rovn\u00e1 zdravotn\u00ed nezp\u016fsobilost k osvojen\u00ed.&#8220; Mysl\u00edm si, \u017ee by org\u00e1ny ve\u0159ejn\u00e9 moci m\u011bly v tomto p\u0159\u00edpad\u011b zcela individu\u00e1ln\u011b posoudit schopnosti t\u011bch konkr\u00e9tn\u00edch \u017eadatel\u016f.&#8220;<\/p>\n<p>Adop\u010dn\u00ed proces v \u010cesku je p\u0159\u00edsn\u00fd, dlouh\u00fd a podrobn\u00fd. Neposuzuj\u00ed se p\u0159i n\u011bm jen zdravotn\u00ed a soci\u00e1ln\u00ed podm\u00ednky uchaze\u010d\u016f, ale tak\u00e9 jejich zku\u0161enosti a schopnosti pe\u010dovat o d\u00edt\u011b a zaru\u010den\u00fd \u00fasp\u011bch nemaj\u00ed ani \u00fapln\u011b zdrav\u00e9 p\u00e1ry.<\/p>\n<p>\u0160t\u011bp\u00e1nka FILIPOV\u00c1, mluv\u010d\u00ed ministerstva pr\u00e1ce a soci\u00e1ln\u00edch v\u011bc\u00ed:&#8220;<br \/>\nTo, co je d\u016fle\u017eit\u00e9 p\u0159i rozhodov\u00e1n\u00ed o tom, zda se \u017eadatel\u00e9 o d\u00edt\u011b stanou skute\u010dn\u011b p\u011bstouny, je, zdali bude dostate\u010dn\u011b zaji\u0161t\u011bn nejlep\u0161\u00ed z\u00e1jem d\u00edt\u011bte. To je hlavn\u00ed krit\u00e9rium, podle kter\u00e9ho postupuj\u00ed jednotliv\u00e9 org\u00e1ny soci\u00e1ln\u011bpr\u00e1vn\u00ed ochrany d\u011bt\u00ed.&#8220;<\/p>\n<p>Peterkovi nen\u00ed s k\u00fdm srovn\u00e1vat, jsou prvn\u00edm \u00fapln\u011b nevidom\u00fdm p\u00e1rem \u017e\u00e1daj\u00edc\u00edm o adopci v \u010cesk\u00e9 republice. Ani ve sv\u011bt\u011b nenajdeme takov\u00fdch p\u0159\u00edpad\u016f mnoho. Evropsk\u00e1 m\u00e9dia zaujal p\u0159\u00edb\u011bh nevidom\u00fdch rakousk\u00fdch man\u017eel\u016f Dietmara Janoschka a Elfriede Dallingerov\u00e9, ti bojovali t\u0159i roky u soudu o mo\u017enost adoptovat slepou bulharskou hol\u010di\u010dku a v \u010dervenci usp\u011bli. Ani Oleg s Miloslavou to nevzd\u00e1vaj\u00ed, p\u0159inejmen\u0161\u00edm cht\u011bj\u00ed, aby se s nimi posudkov\u00ed l\u00e9ka\u0159i a \u00fa\u0159edn\u00edci p\u0159ed t\u00edm, ne\u017e rozhodnou, bavili osobn\u011b.<\/p>\n<p>&#8222;\u017de jsme \u017eili dlouh\u00fd l\u00e9ta v n\u011bjak\u00fdch \u0161kol\u00e1ch, \u00fastavech a nebyli jsme nikde vid\u011bt. My jsme norm\u00e1ln\u00ed lidi, jenom nevid\u00edme,&#8220; \u0159\u00edkaj\u00ed Peterkovi.<\/p>\n<p>podle report\u00e1\u017ee \u010cesk\u00e9 televize zaznamenala invArena<\/p>\n","protected":false},"excerpt":{"rendered":"<div class=\"mh-excerpt\"><p>Man\u017eel\u00e9 Peterkovi z Opavy jsou oba nevidom\u00ed a nem\u016f\u017eou m\u00edt vlastn\u00ed d\u011bti. Jejich \u017e\u00e1dost o adopci d\u00edt\u011bte zam\u00edtlo ministerstvo pr\u00e1ce a soci\u00e1ln\u00edch v\u011bc\u00ed s od\u016fvodn\u011bn\u00edm, <a class=\"mh-excerpt-more\" href=\"https:\/\/www.invarena.cz\/?p=10529\" title=\"Ministerstvo zam\u00edtlo nevidom\u00fdm man\u017eel\u016fm adopci, ti se cht\u011bj\u00ed soudit\">[&#8230;]<\/a><\/p>\n<\/div>","protected":false},"author":1,"featured_media":783,"comment_status":"open","ping_status":"open","sticky":false,"template":"","format":"standard","meta":{"footnotes":""},"categories":[7],"tags":[],"class_list":["post-10529","post","type-post","status-publish","format-standard","has-post-thumbnail","hentry","category-spolecnost"],"_links":{"self":[{"href":"https:\/\/www.invarena.cz\/index.php?rest_route=\/wp\/v2\/posts\/10529","targetHints":{"allow":["GET"]}}],"collection":[{"href":"https:\/\/www.invarena.cz\/index.php?rest_route=\/wp\/v2\/posts"}],"about":[{"href":"https:\/\/www.invarena.cz\/index.php?rest_route=\/wp\/v2\/types\/post"}],"author":[{"embeddable":true,"href":"https:\/\/www.invarena.cz\/index.php?rest_route=\/wp\/v2\/users\/1"}],"replies":[{"embeddable":true,"href":"https:\/\/www.invarena.cz\/index.php?rest_route=%2Fwp%2Fv2%2Fcomments&post=10529"}],"version-history":[{"count":0,"href":"https:\/\/www.invarena.cz\/index.php?rest_route=\/wp\/v2\/posts\/10529\/revisions"}],"wp:featuredmedia":[{"embeddable":true,"href":"https:\/\/www.invarena.cz\/index.php?rest_route=\/wp\/v2\/media\/783"}],"wp:attachment":[{"href":"https:\/\/www.invarena.cz\/index.php?rest_route=%2Fwp%2Fv2%2Fmedia&parent=10529"}],"wp:term":[{"taxonomy":"category","embeddable":true,"href":"https:\/\/www.invarena.cz\/index.php?rest_route=%2Fwp%2Fv2%2Fcategories&post=10529"},{"taxonomy":"post_tag","embeddable":true,"href":"https:\/\/www.invarena.cz\/index.php?rest_route=%2Fwp%2Fv2%2Ftags&post=10529"}],"curies":[{"name":"wp","href":"https:\/\/api.w.org\/{rel}","templated":true}]}}