{"id":1055,"date":"2013-02-18T07:54:00","date_gmt":"2013-02-18T06:54:00","guid":{"rendered":"http:\/\/www.invarena.cz\/?p=1055"},"modified":"2013-02-19T17:55:27","modified_gmt":"2013-02-19T16:55:27","slug":"studium-ve-svete-ticha","status":"publish","type":"post","link":"https:\/\/www.invarena.cz\/?p=1055","title":{"rendered":"Studium ve sv\u011bt\u011b ticha"},"content":{"rendered":"<p>Poslouchat znamen\u00e1 pro u\u010ditele Tom\u00e1\u0161e Sklen\u00e1ka d\u00edvat se. M\u016f\u017ee si b\u011bhem p\u0159edn\u00e1\u0161ky pov\u00eddat se sv\u00fdmi kolegy a p\u0159itom nehlu\u010d\u00ed. P\u0159esto\u017ee nesly\u0161\u00ed, vystudoval na Masarykov\u011b univerzit\u011b informatiku. Te\u010f pracuje v univerzitn\u00edm st\u0159edisku Teiresias a s\u00e1m hendikepovan\u00fdm student\u016fm pom\u00e1h\u00e1.<!--more--><\/p>\n<p>Tom\u00e1\u0161 Sklen\u00e1k, nesly\u0161\u00edc\u00ed absolvent Masarykovy univerzity:<br \/>\nVytv\u00e1\u0159\u00edm elermingov\u00e9 kurzy, tak\u00e9 s\u00e1m vyu\u010duji. Vyu\u010duji nesly\u0161\u00edc\u00ed studenty, nap\u0159\u00edklad informatiku, r\u016fzn\u00e9 p\u0159edm\u011bty, co se t\u00fdkaj\u00ed informatiky.<\/p>\n<p>redaktorka:<br \/>\nSt\u0159edisko si vzalo jm\u00e9no po slep\u00e9m \u0159eck\u00e9m v\u011b\u0161tci Teiresiovi, u\u017e 13 let tady asistuj\u00ed student\u016fm s takzvan\u011b specifick\u00fdmi n\u00e1roky. Za tu dobu jejich po\u010det vzrostl desetin\u00e1sobn\u011b. Za\u010d\u00edn\u00e1 se tak napl\u0148ovat po\u017eadavek univerz\u00e1ln\u00edho p\u0159\u00edstupu ke vzd\u011bl\u00e1n\u00ed bez ohledu na handicap.<\/p>\n<p>Petr Pe\u0148\u00e1z, \u0159editel st\u0159ediska Teiresi\u00e1s, Masarykova univerzita (MU):<br \/>\nJe p\u0159ed n\u00e1mi \u00fakol zajistit, abychom vzd\u011bl\u00e1v\u00e1n\u00ed zajistit mohli a to se sna\u017e\u00edme potom jenom organiza\u010dn\u011b, technicky a finan\u010dn\u011b \u0159e\u0161it.<\/p>\n<p>redaktorka:<br \/>\nV tom za\u010d\u00ednaj\u00ed pom\u00e1hat i hendikepovan\u00ed absolventi, kte\u0159\u00ed se na svou alma mater do st\u0159ediska Teiresi\u00e1s vracej\u00ed jako zam\u011bstnanci a otev\u00edraj\u00ed cestu k diplom\u016fm dal\u0161\u00edm spolu\u017e\u00e1k\u016fm.<\/p>\n<p>Alexandr Zvonek, nesly\u0161\u00edc\u00ed absolvent MU:<br \/>\nZam\u011b\u0159uji se sp\u00ed\u0161e na sportovn\u00ed aktivity pro studenty se zdravotn\u00edm posti\u017een\u00edm, jak pro nesly\u0161\u00edc\u00ed, nevidom\u00e9, tak t\u011blesn\u011b posti\u017een\u00e9 a na t\u011blesnou v\u00fdchovu.<\/p>\n<p>redaktorka:<br \/>\nJsou jejich u\u0161ima i hlasem. Bez nich se nesly\u0161\u00edc\u00ed na p\u0159edn\u00e1\u0161k\u00e1ch neobejdou. Daniela Tesa\u0159\u00edkov\u00e1 tlumo\u010d\u00ed, Hana V\u00e1lkov\u00e1 pat\u0159\u00ed k t\u00fdmu p\u0159episovatel\u016f. Dv\u011b profese, kter\u00e9 se na univerzit\u011b ve v\u011bt\u0161\u00edm objevily teprve p\u0159ed p\u00e1d lety.<\/p>\n<p>Daniela Tesa\u0159\u00edkov\u00e1, tlumo\u010dnice znakov\u00e9ho jazyka:<br \/>\nJ\u00e1 jsem se nejd\u0159\u00edve sezn\u00e1mila s nesly\u0161\u00edc\u00ed pan\u00ed, kter\u00e1 m\u011b nau\u010dila p\u00e1r znak\u016f a potom jsem se o to za\u010dala v\u00edce zaj\u00edmat, a kdy\u017e jsem se rozhodovala, kam na vysokou \u0161kolu, tak jsem se dozv\u011bd\u011bla o oboru \u010de\u0161tina v komunikaci nesly\u0161\u00edc\u00edch.<\/p>\n<p>Hana V\u00e1lkov\u00e1, p\u0159episovatelka:<br \/>\nPr\u00e1ce spo\u010d\u00edv\u00e1 v tom, \u017ee jdu s nesly\u0161\u00edc\u00edm nebo s nedosl\u00fdchav\u00fdm studentem na p\u0159edn\u00e1\u0161ku nebo na semin\u00e1\u0159, m\u00e1m s sebou notebook, student sed\u00ed vedle m\u011b a d\u00edv\u00e1 se na monitor notebooku, kde j\u00e1 zapisuji v\u0161e, co vyu\u010duj\u00edc\u00ed \u0159\u00edk\u00e1.<\/p>\n<p>redaktorka:<br \/>\nP\u0159episov\u00e1n\u00ed ale postupn\u011b p\u0159est\u00e1v\u00e1 b\u00fdt jen osobn\u00ed slu\u017ebou pro jedin\u00e9ho studenta na p\u0159edn\u00e1\u0161ce. D\u00edky informatik\u016fm z Teiresi\u00e1su a jejich programu polygraf si m\u016f\u017ee p\u0159episovan\u00fd text \u010d\u00edst ka\u017ed\u00fd s\u00e1m na sv\u00e9m notebooku, tabletu nebo p\u0159enesen\u00fd na velkou obrazovku.<\/p>\n<p>Svatoslav Ondra, vedouc\u00ed st\u0159ediska speci\u00e1ln\u00ed informatiky, MU:<br \/>\nNen\u00ed pot\u0159eba internetov\u00e9 p\u0159ipojen\u00ed, proto\u017ee notebook pro p\u0159episovatele a tablety u\u017eivatel\u016f jsou spojeny bezdr\u00e1tovou s\u00edt\u00ed, kterou zprovozn\u00edme v\u017edycky v p\u0159edn\u00e1\u0161kov\u00e9 m\u00edstnosti.<\/p>\n<p>Alexandr Zvonek, nesly\u0161\u00edc\u00ed absolvent MU:<br \/>\nSyst\u00e9m jako t\u0159eba polygraf, tak je te\u010fka v\u00fdborn\u00fd. Te\u010f u\u017e se vyu\u017e\u00edv\u00e1 hodn\u011b, ale kdy\u017e j\u00e1 jsem studoval, tak polygraf syst\u00e9m nebyl, ten funguje teprve 3 roky, proto\u017ee d\u0159\u00edv opravdu ta pomoc byla jenom v tom, \u017ee jsem si kop\u00edroval t\u0159eba materi\u00e1ly.<\/p>\n<p>Petr Pe\u0148\u00e1z, \u0159editel st\u0159ediska Teiresi\u00e1s, MU:<br \/>\nNar\u016fst\u00e1 pov\u011bdom\u00ed o tom, \u017ee to nen\u00ed jenom slu\u017eba pro sluchov\u011b posti\u017een\u00e9, jak se p\u016fvodn\u011b jako p\u0159edpokl\u00e1dalo, skoro ka\u017ed\u00e9mu pom\u016f\u017ee, kdy\u017e text nejenom sly\u0161\u00ed, ale sou\u010dasn\u011b tak\u00e9 vid\u00ed, proto\u017ee to prost\u011b umo\u017e\u0148uje ho sledovat v\u00edce kan\u00e1ly.<\/p>\n<p>redaktorka:<br \/>\nPodobn\u00fdm v\u00fdvojem pro\u0161la i takzvan\u00e1 hybridn\u00ed kniha, dal\u0161\u00ed vyn\u00e1lez z teiresi\u00e1sk\u00e9 d\u00edlny. Elektronick\u00fdch publikac\u00ed, kter\u00e9 je mo\u017en\u00e9 z\u00e1rove\u0148 \u010d\u00edst i poslouchat, u\u017e m\u00e1 Masarykova univerzita na \u010dty\u0159i des\u00edtky a p\u0159ib\u00fdvaj\u00ed nov\u00e9, obohacen\u00e9 o dal\u0161\u00ed mo\u017enost, jak je v uvozovk\u00e1ch \u010d\u00e1st.<\/p>\n<p>Ondra, vedouc\u00ed st\u0159ediska speci\u00e1ln\u00ed informatiky, MU:<br \/>\nPokud si chci zobrazit ve znakov\u00e9m jazyce, p\u0159\u00edpadn\u011b zvukem nap\u0159\u00edklad tento odstavec, sta\u010d\u00ed, kdy\u017e si ho zv\u00fdrazn\u00edm a spust\u00edm p\u0159ehr\u00e1v\u00e1n\u00ed.<\/p>\n<p>redaktorka:<br \/>\nV\u0161ichni, kte\u0159\u00ed poslouchaj\u00ed o\u010dima, vid\u00ed hmatem nebo chod\u00ed na kolech jsou pro univerzitu v\u00fdzvou zdol\u00e1vanou denn\u011b na p\u0159edn\u00e1\u0161k\u00e1ch i ve studovn\u00e1ch a st\u00e1le \u010dast\u011bji poko\u0159enou p\u0159i promoc\u00edch. <\/p>\n<p>\u010cT 1<\/p>\n","protected":false},"excerpt":{"rendered":"<div class=\"mh-excerpt\"><p>Poslouchat znamen\u00e1 pro u\u010ditele Tom\u00e1\u0161e Sklen\u00e1ka d\u00edvat se. M\u016f\u017ee si b\u011bhem p\u0159edn\u00e1\u0161ky pov\u00eddat se sv\u00fdmi kolegy a p\u0159itom nehlu\u010d\u00ed. P\u0159esto\u017ee nesly\u0161\u00ed, vystudoval na Masarykov\u011b univerzit\u011b <a class=\"mh-excerpt-more\" href=\"https:\/\/www.invarena.cz\/?p=1055\" title=\"Studium ve sv\u011bt\u011b ticha\">[&#8230;]<\/a><\/p>\n<\/div>","protected":false},"author":1,"featured_media":1056,"comment_status":"open","ping_status":"open","sticky":false,"template":"","format":"standard","meta":{"footnotes":""},"categories":[9],"tags":[],"class_list":["post-1055","post","type-post","status-publish","format-standard","has-post-thumbnail","hentry","category-zpravy"],"_links":{"self":[{"href":"https:\/\/www.invarena.cz\/index.php?rest_route=\/wp\/v2\/posts\/1055","targetHints":{"allow":["GET"]}}],"collection":[{"href":"https:\/\/www.invarena.cz\/index.php?rest_route=\/wp\/v2\/posts"}],"about":[{"href":"https:\/\/www.invarena.cz\/index.php?rest_route=\/wp\/v2\/types\/post"}],"author":[{"embeddable":true,"href":"https:\/\/www.invarena.cz\/index.php?rest_route=\/wp\/v2\/users\/1"}],"replies":[{"embeddable":true,"href":"https:\/\/www.invarena.cz\/index.php?rest_route=%2Fwp%2Fv2%2Fcomments&post=1055"}],"version-history":[{"count":0,"href":"https:\/\/www.invarena.cz\/index.php?rest_route=\/wp\/v2\/posts\/1055\/revisions"}],"wp:featuredmedia":[{"embeddable":true,"href":"https:\/\/www.invarena.cz\/index.php?rest_route=\/wp\/v2\/media\/1056"}],"wp:attachment":[{"href":"https:\/\/www.invarena.cz\/index.php?rest_route=%2Fwp%2Fv2%2Fmedia&parent=1055"}],"wp:term":[{"taxonomy":"category","embeddable":true,"href":"https:\/\/www.invarena.cz\/index.php?rest_route=%2Fwp%2Fv2%2Fcategories&post=1055"},{"taxonomy":"post_tag","embeddable":true,"href":"https:\/\/www.invarena.cz\/index.php?rest_route=%2Fwp%2Fv2%2Ftags&post=1055"}],"curies":[{"name":"wp","href":"https:\/\/api.w.org\/{rel}","templated":true}]}}