{"id":10625,"date":"2013-09-17T09:16:12","date_gmt":"2013-09-17T07:16:12","guid":{"rendered":"http:\/\/www.invarena.cz\/?p=10625"},"modified":"2013-09-18T10:20:49","modified_gmt":"2013-09-18T08:20:49","slug":"prezident-definitivne-poslal-k-ledu-sockarty","status":"publish","type":"post","link":"https:\/\/www.invarena.cz\/?p=10625","title":{"rendered":"Prezident definitivn\u011b poslal k ledu sockarty"},"content":{"rendered":"<p><strong>Neblaze proslul\u00e9 soci\u00e1ln\u00ed karty, kter\u00e9 zavedl b\u00fdval\u00fd ministr pr\u00e1ce a soci\u00e1ln\u00edch v\u011bc\u00ed, definitivn\u011b skon\u010dily. Prezident Milo\u0161 Zeman podepsal z\u00e1kon, kter\u00fdm se projekt zastavuje. <\/strong><br \/>\n<!--more--><br \/>\nN\u00e1vrh ministra pr\u00e1ce Franti\u0161ka Kon\u00ed\u010dka na pozastaven\u00ed projektu pro\u0161el legislativn\u00edm procesem, kter\u00fd podpis prezidenta zavr\u0161il. Nyn\u00ed bude nov\u00fd z\u00e1kon vyd\u00e1n ve Sb\u00edrce z\u00e1kon\u016f a t\u00edm nabyde platnosti.<\/p>\n<p>Projekt soci\u00e1ln\u00edch karet prosadil ministr TOP 09 Jarom\u00edr Dr\u00e1bek, kter\u00fd prohla\u0161oval, \u017ee u\u0161et\u0159\u00ed miliardy korun. Nakonec se v\u0161ak uk\u00e1zalo, \u017ee v\u00fdplata soci\u00e1ln\u00edch d\u00e1vek se sp\u00ed\u0161e prodra\u017eila. Projekt z\u00edskal p\u0159ezd\u00edvku &#8222;sockarta&#8220; a byl p\u0159edm\u011btem ostr\u00e9 kritiky. Zejm\u00e9na proto, \u017ee nutil penzisty u\u017e\u00edvat bankomat. Spekulovalo se rovn\u011b\u017e o v\u00fdhodnosti podm\u00ednek pro provozovatele sKaret, \u010ceskou spo\u0159itelnu.<\/p>\n<p>Parlamentnilisty.cz<\/p>\n","protected":false},"excerpt":{"rendered":"<div class=\"mh-excerpt\"><p>Neblaze proslul\u00e9 soci\u00e1ln\u00ed karty, kter\u00e9 zavedl b\u00fdval\u00fd ministr pr\u00e1ce a soci\u00e1ln\u00edch v\u011bc\u00ed, definitivn\u011b skon\u010dily. Prezident Milo\u0161 Zeman podepsal z\u00e1kon, kter\u00fdm se projekt zastavuje.<\/p>\n<\/div>","protected":false},"author":1,"featured_media":2134,"comment_status":"open","ping_status":"open","sticky":false,"template":"","format":"standard","meta":{"footnotes":""},"categories":[6,9],"tags":[],"class_list":["post-10625","post","type-post","status-publish","format-standard","has-post-thumbnail","hentry","category-politika","category-zpravy"],"_links":{"self":[{"href":"https:\/\/www.invarena.cz\/index.php?rest_route=\/wp\/v2\/posts\/10625","targetHints":{"allow":["GET"]}}],"collection":[{"href":"https:\/\/www.invarena.cz\/index.php?rest_route=\/wp\/v2\/posts"}],"about":[{"href":"https:\/\/www.invarena.cz\/index.php?rest_route=\/wp\/v2\/types\/post"}],"author":[{"embeddable":true,"href":"https:\/\/www.invarena.cz\/index.php?rest_route=\/wp\/v2\/users\/1"}],"replies":[{"embeddable":true,"href":"https:\/\/www.invarena.cz\/index.php?rest_route=%2Fwp%2Fv2%2Fcomments&post=10625"}],"version-history":[{"count":0,"href":"https:\/\/www.invarena.cz\/index.php?rest_route=\/wp\/v2\/posts\/10625\/revisions"}],"wp:featuredmedia":[{"embeddable":true,"href":"https:\/\/www.invarena.cz\/index.php?rest_route=\/wp\/v2\/media\/2134"}],"wp:attachment":[{"href":"https:\/\/www.invarena.cz\/index.php?rest_route=%2Fwp%2Fv2%2Fmedia&parent=10625"}],"wp:term":[{"taxonomy":"category","embeddable":true,"href":"https:\/\/www.invarena.cz\/index.php?rest_route=%2Fwp%2Fv2%2Fcategories&post=10625"},{"taxonomy":"post_tag","embeddable":true,"href":"https:\/\/www.invarena.cz\/index.php?rest_route=%2Fwp%2Fv2%2Ftags&post=10625"}],"curies":[{"name":"wp","href":"https:\/\/api.w.org\/{rel}","templated":true}]}}