{"id":10664,"date":"2013-09-19T02:45:02","date_gmt":"2013-09-19T00:45:02","guid":{"rendered":"http:\/\/www.invarena.cz\/?p=10664"},"modified":"2013-11-08T21:32:19","modified_gmt":"2013-11-08T20:32:19","slug":"krasa-chci-uklidit-po-panu-drabkovi","status":"publish","type":"post","link":"https:\/\/www.invarena.cz\/?p=10664","title":{"rendered":"Kr\u00e1sa: Chci uklidit po panu Dr\u00e1bkovi"},"content":{"rendered":"<p><strong>\u0160\u00e9f N\u00e1rodn\u00ed rady osob se zdravotn\u00edm posti\u017een\u00edm V\u00e1clav Kr\u00e1sa (na sn\u00edmku) hovo\u0159il v po\u0159adu radia Impuls o sv\u00fdch pl\u00e1nech, pokud bude zvolen poslancem v nadch\u00e1zej\u00edc\u00edch p\u0159ed\u010dasn\u00fdch volb\u00e1ch za KDU-\u010cSL.\u00a0<\/strong><!--more--><\/p>\n<p>V\u00e1clav KR\u00c1SA, \u0161\u00e9f N\u00e1rodn\u00ed rady osob se zdravotn\u00edm posti\u017een\u00edm; l\u00eddr plze\u0148sk\u00e9 kandid\u00e1tky KDU-\u010cSL:<br \/>\nM\u00fdm velk\u00fdm \u00fakolem bude uklidit po panu Dr\u00e1bkovi, proto\u017ee ta jeho reforma nad\u011blala tolik zla, \u017ee to bude velmi mnoho pr\u00e1ce, abychom to dali v\u0161echno dohromady. J\u00e1 chci ale tak\u00e9 \u0159e\u0161it n\u011bjak\u00e9 syst\u00e9mov\u00e9 v\u011bci. J\u00e1 mysl\u00edm, \u017ee soci\u00e1ln\u00ed politika pot\u0159ebuje skute\u010dn\u011b reformu, pot\u0159ebuje hlavn\u011b propojit se zdravotnictv\u00edm tak, aby kone\u010dn\u011b nebyl probl\u00e9m propojit zdravotn\u011b soci\u00e1ln\u00ed slu\u017eby. To je vlastn\u011b nejv\u011bt\u0161\u00ed probl\u00e9m \u010cesk\u00e9 republiky. Tak\u017ee se striktn\u011b rozli\u0161uje, co je zdravotnictv\u00ed a co je soci\u00e1lno a ty pen\u00edze se takhle po\u0159\u00e1d d\u011bl\u00ed a doplat\u00ed na to akor\u00e1t konkr\u00e9tn\u00ed \u010dlov\u011bk.<\/p>\n<p>Zaznamenala invArena<\/p>\n","protected":false},"excerpt":{"rendered":"<div class=\"mh-excerpt\"><p>\u0160\u00e9f N\u00e1rodn\u00ed rady osob se zdravotn\u00edm posti\u017een\u00edm V\u00e1clav Kr\u00e1sa (na sn\u00edmku) hovo\u0159il v po\u0159adu radia Impuls o sv\u00fdch pl\u00e1nech, pokud bude zvolen poslancem v nadch\u00e1zej\u00edc\u00edch <a class=\"mh-excerpt-more\" href=\"https:\/\/www.invarena.cz\/?p=10664\" title=\"Kr\u00e1sa: Chci uklidit po panu Dr\u00e1bkovi\">[&#8230;]<\/a><\/p>\n<\/div>","protected":false},"author":1,"featured_media":12328,"comment_status":"open","ping_status":"open","sticky":false,"template":"","format":"standard","meta":{"footnotes":""},"categories":[6],"tags":[],"class_list":["post-10664","post","type-post","status-publish","format-standard","has-post-thumbnail","hentry","category-politika"],"_links":{"self":[{"href":"https:\/\/www.invarena.cz\/index.php?rest_route=\/wp\/v2\/posts\/10664","targetHints":{"allow":["GET"]}}],"collection":[{"href":"https:\/\/www.invarena.cz\/index.php?rest_route=\/wp\/v2\/posts"}],"about":[{"href":"https:\/\/www.invarena.cz\/index.php?rest_route=\/wp\/v2\/types\/post"}],"author":[{"embeddable":true,"href":"https:\/\/www.invarena.cz\/index.php?rest_route=\/wp\/v2\/users\/1"}],"replies":[{"embeddable":true,"href":"https:\/\/www.invarena.cz\/index.php?rest_route=%2Fwp%2Fv2%2Fcomments&post=10664"}],"version-history":[{"count":0,"href":"https:\/\/www.invarena.cz\/index.php?rest_route=\/wp\/v2\/posts\/10664\/revisions"}],"wp:featuredmedia":[{"embeddable":true,"href":"https:\/\/www.invarena.cz\/index.php?rest_route=\/wp\/v2\/media\/12328"}],"wp:attachment":[{"href":"https:\/\/www.invarena.cz\/index.php?rest_route=%2Fwp%2Fv2%2Fmedia&parent=10664"}],"wp:term":[{"taxonomy":"category","embeddable":true,"href":"https:\/\/www.invarena.cz\/index.php?rest_route=%2Fwp%2Fv2%2Fcategories&post=10664"},{"taxonomy":"post_tag","embeddable":true,"href":"https:\/\/www.invarena.cz\/index.php?rest_route=%2Fwp%2Fv2%2Ftags&post=10664"}],"curies":[{"name":"wp","href":"https:\/\/api.w.org\/{rel}","templated":true}]}}