{"id":10722,"date":"2013-09-19T20:23:20","date_gmt":"2013-09-19T18:23:20","guid":{"rendered":"http:\/\/www.invarena.cz\/?p=10722"},"modified":"2013-09-20T23:31:35","modified_gmt":"2013-09-20T21:31:35","slug":"psychicky-nemocna-zena-zutropila-vystup-v-metru","status":"publish","type":"post","link":"https:\/\/www.invarena.cz\/?p=10722","title":{"rendered":"Kdo je psychicky nemocn\u00e1 \u017eena, je\u017e ztropila povyk v metru?"},"content":{"rendered":"<p><strong>Psychicky naru\u0161en\u00e1 \u017eena, je\u017e je podle vlastn\u00edch slov v invalidn\u00edm d\u016fchodu, se stala medi\u00e1ln\u00ed hv\u011bzdou internetu po sv\u00e9m dramatick\u00e9m v\u00fdstupu v pra\u017esk\u00e9m metru. \u017dena tvrd\u00ed, \u017ee se osobn\u011b znala se spisovatelem Hrabalem i V\u00e1clavem Havlem. \u00a0<\/strong> <!--more--><\/p>\n<p>Des\u00edtky tis\u00edc zhl\u00e9dnut\u00ed, takovou popularitu na internetu si z\u00edskalo b\u011bhem p\u00e1r dn\u00ed video konfliktu mezi psychicky naru\u0161enou \u017eenou Juli\u00ed a spolucestuj\u00edc\u00edmi v metru. Tato \u017eena je ve sv\u00e9m okol\u00ed zn\u00e1ma sv\u00fdm nezdr\u017eenliv\u00fdm a agres\u00edvn\u00edm chov\u00e1n\u00edm, kdy pro vulgarismy\u00a0nechod\u00ed daleko. N\u011bkte\u0159\u00ed o n\u00ed dnes p\u00ed\u0161\u00ed jako o postrachu cestuj\u00edc\u00edch, novin\u00e1\u0159\u016f, ale i zn\u00e1m\u00fdch osobnost\u00ed.<\/p>\n<p>Osmapades\u00e1tilet\u00e1 pan\u00ed Julia se na videu nato\u010den\u00e9m v pra\u017esk\u00e9mk metru roz\u010d\u00edlila, proto\u017ee jin\u00e1 \u017eena m\u011bla na vedlej\u0161\u00edm sedadle polo\u017eeno zavazadlo. Na \u017eenu se zavazadlem, kter\u00e1 se jist\u011b nezachovala spole\u010densky p\u0159\u00edli\u0161 citliv\u011b, se ze strany pan\u00ed Julie snesla sprcha nad\u00e1vek prokl\u00e1dan\u00fdch v\u00fdk\u0159iky, \u017ee m\u00e1 pr\u00e1vo si sednout. Do konfliktu se vlo\u017eila dal\u0161\u00ed cestuj\u00edc\u00ed, kter\u00e1 se s n\u00ed nakonec poh\u00e1dala a Julia j\u00ed \u00fadajn\u011b uhodila.<\/p>\n<p>&#8222;\u0158vala jsem jak pavi\u00e1n, proto\u017ee kdy\u017e mne napadla, tak se mi to nel\u00edbilo, samoz\u0159ejm\u011b \u017ee jsem \u0159vala. Jsem drsn\u011bj\u0161\u00edho chov\u00e1n\u00ed jak mu\u017e, kdo by se nebr\u00e1nil proboha,&#8220; \u0159ekla Julia Kuskov\u00e1 v report\u00e1\u017ei televize Barrandov. .<\/p>\n<p>Ten den pr\u00fd Julii okradli, policii ale nic nenahl\u00e1sila. Julia bydl\u00ed v rozestav\u011bn\u00e9m dom\u011b v obci Horou\u0161\u00e1nky, o kter\u00fd se m\u00e1 soudit se sv\u00fdm b\u00fdval\u00fdm p\u0159\u00edtelem. I proto nav\u0161t\u011bvuje psychiatra. Mezi sousedy \u017eena nem\u00e1 nejlep\u0161\u00ed pov\u011bst, n\u011bkte\u0159\u00ed se j\u00ed pr\u00fd doslova boj\u00ed.<\/p>\n<p>&#8222;Kdy\u017e j\u00ed to chytne, tak to stoj\u00ed za to. J\u00e1 se p\u0159ed n\u00ed schov\u00e1v\u00e1m, j\u00e1 se j\u00ed boj\u00edm,&#8220; \u0159ekla nejmenovan\u00e1 osoba: v report\u00e1\u017ei. &#8222;Ona bere pr\u00e1\u0161ky a kdy\u017e si je nevezme, tak prost\u011b i kdy\u017e j\u00ed nic neud\u011bl\u00e1me, tak pak na n\u00e1s ob\u010das \u0159ve.&#8220;<\/p>\n<p>Lidem t\u0159eba tak\u00e9 vad\u00ed, \u017ee se koupe nah\u00e1 na zahrad\u011b.<\/p>\n<p>&#8222;Sousedi mi \u0159\u00edkaj\u00ed, Julie, poj\u010fte se vykoupat. J\u00e1 se tady koupu, j\u00e1 jsem nevid\u011bla nikoho v mont\u00e9rk\u00e1ch se koupat, jak to m\u00e1m d\u011blat, kdy\u017e nem\u016f\u017eu nosit vodu a jsem pln\u011b invalidn\u00ed,&#8220; \u0159ekla Julia Kuskov\u00e1.<\/p>\n<p>\u017divotn\u00ed p\u0159\u00edb\u011bh m\u00e1 pestr\u00fd. Dnes podle sv\u00fdch slov maluje a p\u00ed\u0161e, k novina\u0159in\u011b j\u00ed podle jej\u00edch slov dostal Bohumil Hrabal.<\/p>\n<p>&#8222;Pan Hrabal m\u011b ve sv\u00fdch pov\u00eddk\u00e1ch vyl\u00ed\u010dil jako starou v\u00fdtr\u017enici a j\u00e1 jsem mu to v\u0161echno odpustila, pon\u011bvad\u017e to byl \u010dlov\u011bk velice charismatick\u00fd, laskav\u00fd. Potkala jsem pana prezidenta Clintona, potkala jsem pana prezidenta V\u00e1clava Havla, kte\u0159\u00ed mi byli velice naklon\u011bn\u00ed. Pan Havel cel\u00fd sv\u016fj \u017eivot se mnou velice hezky rozpr\u00e1v\u011bt, proto jsem byla U Zlat\u00e9ho tygra, kde mne v\u00edtaly tyhle delegace,&#8220; tvrd\u00ed Julia.<\/p>\n<p>podle TV Barrandov zaznamenala invArena<\/p>\n<p><strong>Jak se v p\u0159\u00edpad\u011b podobn\u00e9ho konfliktu mezi cestuj\u00edc\u00edmi nejl\u00e9pe zachovat?<\/strong><\/p>\n<p>Mluv\u010d\u00ed pra\u017esk\u00e9ho dopravn\u00edho podniku rad\u00ed: &#8222;Doporu\u010dujeme volat policii nebo informovat dispe\u010dink, kter\u00fd se n\u00e1sledn\u011b spoj\u00ed s polici\u00ed. V podzemn\u00ed doprav\u011b jsou takov\u00e9 situace dost komplikovan\u00e9, proto\u017ee ne\u017e stihnete dob\u011bhnout k \u0159idi\u010di a informovat ho, metro mezit\u00edm ujede. Proto je nejlep\u0161\u00ed volat policii. T\u011b\u017eko ale kv\u016fli takov\u00e9mu konfliktu, kde nebyly pou\u017eity ani \u017e\u00e1dn\u00e9 zbran\u011b, budeme t\u0159eba zastavovat dopravu.&#8220;<\/p>\n<p>Pan\u00ed Kuskov\u00e1 tvrd\u00ed, \u017ee p\u00ed\u0161e jako redaktorka pro \u010dasopis Vala\u0161ka. Ten ale patrn\u011b neexistuje. N\u011bkter\u00e1 m\u00e9dia nazna\u010duj\u00ed, \u017ee m\u011bla milostn\u00fd pom\u011br s hercem Landovsk\u00fdm, kter\u00fd to nakonec v\u00fdslovn\u011b nepop\u0159el. M\u011bla b\u00fdt \u00fadajn\u011b i milenkou Bohumila Hrabala, slavn\u00fd spisovatel se v\u0161ak k tomu ov\u0161em u\u017e nem\u016f\u017ee vyj\u00e1d\u0159it. <\/p>\n<p>Psychiat\u0159i podle listu Aha! k tomu \u0159\u00edkaj\u00ed, \u017ee nelze, aby n\u011bkdo pan\u00ed Kuskovou k l\u00e9\u010den\u00ed nutil. V\u00fdjimkou by byl p\u0159\u00edpad, \u017ee by provedla trestn\u00fd \u010din a psychiatrickou l\u00e9\u010dbu pak na\u0159\u00eddil soud. Jej\u00ed osobnost hodnot\u00ed podle p\u0159edlo\u017een\u00e9ho videa jako explozivn\u00ed, kter\u00e1 zabere na prvn\u00ed na\u0161l\u00e1pnut\u00ed. &#8222;Kdy\u017e okol\u00ed p\u0159il\u00e9v\u00e1 olej do ohn\u011b, jen t\u011b\u017eko ji lze zastavit,&#8220; m\u00edn\u00ed. <\/p>\n<p>Dokud se nestane n\u011bco v\u00e1\u017en\u00e9ho a nezas\u00e1hne soud, nikdo psychicky nemocn\u00e9 pan\u00ed, kter\u00e1 zjevn\u011b nem\u00e1 n\u00e1hled na sv\u00e9 chov\u00e1n\u00ed, a ani soused\u016fm nepom\u016f\u017ee.<\/p>\n","protected":false},"excerpt":{"rendered":"<div class=\"mh-excerpt\"><p>Psychicky naru\u0161en\u00e1 \u017eena, je\u017e je podle vlastn\u00edch slov v invalidn\u00edm d\u016fchodu, se stala medi\u00e1ln\u00ed hv\u011bzdou internetu po sv\u00e9m dramatick\u00e9m v\u00fdstupu v pra\u017esk\u00e9m metru. \u017dena tvrd\u00ed, <a class=\"mh-excerpt-more\" href=\"https:\/\/www.invarena.cz\/?p=10722\" title=\"Kdo je psychicky nemocn\u00e1 \u017eena, je\u017e ztropila povyk v metru?\">[&#8230;]<\/a><\/p>\n<\/div>","protected":false},"author":1,"featured_media":10740,"comment_status":"open","ping_status":"open","sticky":false,"template":"","format":"standard","meta":{"footnotes":""},"categories":[7],"tags":[],"class_list":["post-10722","post","type-post","status-publish","format-standard","has-post-thumbnail","hentry","category-spolecnost"],"_links":{"self":[{"href":"https:\/\/www.invarena.cz\/index.php?rest_route=\/wp\/v2\/posts\/10722","targetHints":{"allow":["GET"]}}],"collection":[{"href":"https:\/\/www.invarena.cz\/index.php?rest_route=\/wp\/v2\/posts"}],"about":[{"href":"https:\/\/www.invarena.cz\/index.php?rest_route=\/wp\/v2\/types\/post"}],"author":[{"embeddable":true,"href":"https:\/\/www.invarena.cz\/index.php?rest_route=\/wp\/v2\/users\/1"}],"replies":[{"embeddable":true,"href":"https:\/\/www.invarena.cz\/index.php?rest_route=%2Fwp%2Fv2%2Fcomments&post=10722"}],"version-history":[{"count":0,"href":"https:\/\/www.invarena.cz\/index.php?rest_route=\/wp\/v2\/posts\/10722\/revisions"}],"wp:featuredmedia":[{"embeddable":true,"href":"https:\/\/www.invarena.cz\/index.php?rest_route=\/wp\/v2\/media\/10740"}],"wp:attachment":[{"href":"https:\/\/www.invarena.cz\/index.php?rest_route=%2Fwp%2Fv2%2Fmedia&parent=10722"}],"wp:term":[{"taxonomy":"category","embeddable":true,"href":"https:\/\/www.invarena.cz\/index.php?rest_route=%2Fwp%2Fv2%2Fcategories&post=10722"},{"taxonomy":"post_tag","embeddable":true,"href":"https:\/\/www.invarena.cz\/index.php?rest_route=%2Fwp%2Fv2%2Ftags&post=10722"}],"curies":[{"name":"wp","href":"https:\/\/api.w.org\/{rel}","templated":true}]}}