{"id":10783,"date":"2013-09-20T02:55:01","date_gmt":"2013-09-20T00:55:01","guid":{"rendered":"http:\/\/www.invarena.cz\/?p=10783"},"modified":"2013-09-21T19:08:16","modified_gmt":"2013-09-21T17:08:16","slug":"za-klienty-s-alzheimerem-da-vzp-rocne-600-milionu","status":"publish","type":"post","link":"https:\/\/www.invarena.cz\/?p=10783","title":{"rendered":"Za klienty s Alzheimerem d\u00e1 VZP ro\u010dn\u011b 600 milion\u016f"},"content":{"rendered":"<p><strong>Bezm\u00e1la 600 milion\u016f korun vyd\u00e1 ro\u010dn\u011b VZP za l\u00e9\u010dbu pacient\u016f s Alzheimerovou nemoc\u00ed. T\u011bch rok od roku p\u0159ib\u00fdv\u00e1, loni jich VZP evidovala p\u0159es 27 tis\u00edc.<\/strong><br \/>\n<!--more--><br \/>\nP\u0159itom ale zdaleka ne v\u0161echny nemocn\u00e9 se da\u0159\u00ed v\u010das diagnostikovat. Odborn\u00edci odhaduj\u00ed, \u017ee Alzheimerovou nemoc\u00ed, kter\u00e1 je nej\u010dast\u011bj\u0161\u00ed p\u0159\u00ed\u010dinou demence, trp\u00ed v \u010cesku p\u0159es 130 tis\u00edc lid\u00ed. VZP s \u010ceskou alzheimerovskou spole\u010dnost\u00ed na to upozor\u0148uj\u00ed p\u0159i p\u0159\u00edle\u017eitosti sobotn\u00edho Mezin\u00e1rodn\u00edho dne Alzheimerovy choroby.<\/p>\n<p>&#8222;Odhadujeme, \u017ee celkem v \u010cesk\u00e9 republice trp\u00ed Alzheimerovou nemoc\u00ed 135 tis\u00edc lid\u00ed. Do poloviny stolet\u00ed se tento po\u010det t\u00e9m\u011b\u0159 zdvojn\u00e1sob\u00ed. Ti, kte\u0159\u00ed se neobjevuj\u00ed v ofici\u00e1ln\u00ed statistice l\u00e9\u010den\u00fdch pacient\u016f, nejsou v\u010das diagnostikov\u00e1ni a nemaj\u00ed adekv\u00e1tn\u00ed p\u00e9\u010di, a to ani v soci\u00e1ln\u00edch za\u0159\u00edzen\u00edch,&#8220; uvedla p\u0159edsedkyn\u011b \u010cesk\u00e9 alzheimerovsk\u00e9 spole\u010dnosti docentka Iva Holmerov\u00e1.<\/p>\n<p>Rizikov\u00fdm faktorem pro vznik Alzheimerovy choroby je p\u0159edev\u0161\u00edm vysok\u00fd v\u011bk, v\u011bt\u0161ina pacient\u016f je star\u0161\u00edch 65 let. S t\u00edm, jak st\u00e1rne spole\u010dnost, p\u0159ib\u00fdv\u00e1 i nemocn\u00fdch. Dokazuj\u00ed to i data VZP, kde se za t\u0159i roky po\u010det evidovan\u00fdch klient\u016f s Alzheimerem zv\u00fd\u0161il o bezm\u00e1la 5 tis\u00edc (v\u00edce ne\u017e 20 %).<\/p>\n<p>Stejn\u00fd trend bude pokra\u010dovat i letos. S t\u00edm samoz\u0159ejm\u011b rostou n\u00e1klady na l\u00e9\u010dbu &#8211; op\u011bt za posledn\u00ed t\u0159i roky stouply u VZP o v\u00edce ne\u017e 80 milion\u016f. \u00dadaje poji\u0161\u0165ovny potvrzuj\u00ed i obecn\u011b uznan\u00fd fakt, \u017ee Alzheimer postihuje v\u00edc \u017eeny ne\u017e mu\u017ee.<\/p>\n<p>Alzheimerova nemoc naru\u0161uje \u010d\u00e1st mozku a zp\u016fsobuje pokles tzv. kognitivn\u00edch funkc\u00ed &#8211; my\u0161len\u00ed, pam\u011bti, \u00fasudku. Rychlost, kterou nemoc postupuje, se u ka\u017ed\u00e9ho posti\u017een\u00e9ho li\u0161\u00ed. Nemocn\u00fd m\u00e1 \u010d\u00edm d\u00e1l v\u011bt\u0161\u00ed probl\u00e9my s vyjad\u0159ov\u00e1n\u00edm, rozhodov\u00e1n\u00edm, nedokon\u010duje my\u0161lenky, je zmaten\u011bj\u0161\u00ed. V posledn\u00edch stadi\u00edch u\u017e nen\u00ed schopen se s\u00e1m o sebe postarat.<\/p>\n<p>Old\u0159ich Tich\u00fd \u2013 tiskov\u00e1 zpr\u00e1va VZP<br \/>\nParlamentnilisty.cz<\/p>\n","protected":false},"excerpt":{"rendered":"<div class=\"mh-excerpt\"><p>Bezm\u00e1la 600 milion\u016f korun vyd\u00e1 ro\u010dn\u011b VZP za l\u00e9\u010dbu pacient\u016f s Alzheimerovou nemoc\u00ed. T\u011bch rok od roku p\u0159ib\u00fdv\u00e1, loni jich VZP evidovala p\u0159es 27 tis\u00edc.<\/p>\n<\/div>","protected":false},"author":1,"featured_media":7608,"comment_status":"open","ping_status":"open","sticky":false,"template":"","format":"standard","meta":{"footnotes":""},"categories":[1],"tags":[],"class_list":["post-10783","post","type-post","status-publish","format-standard","has-post-thumbnail","hentry","category-nezarazene"],"_links":{"self":[{"href":"https:\/\/www.invarena.cz\/index.php?rest_route=\/wp\/v2\/posts\/10783","targetHints":{"allow":["GET"]}}],"collection":[{"href":"https:\/\/www.invarena.cz\/index.php?rest_route=\/wp\/v2\/posts"}],"about":[{"href":"https:\/\/www.invarena.cz\/index.php?rest_route=\/wp\/v2\/types\/post"}],"author":[{"embeddable":true,"href":"https:\/\/www.invarena.cz\/index.php?rest_route=\/wp\/v2\/users\/1"}],"replies":[{"embeddable":true,"href":"https:\/\/www.invarena.cz\/index.php?rest_route=%2Fwp%2Fv2%2Fcomments&post=10783"}],"version-history":[{"count":0,"href":"https:\/\/www.invarena.cz\/index.php?rest_route=\/wp\/v2\/posts\/10783\/revisions"}],"wp:featuredmedia":[{"embeddable":true,"href":"https:\/\/www.invarena.cz\/index.php?rest_route=\/wp\/v2\/media\/7608"}],"wp:attachment":[{"href":"https:\/\/www.invarena.cz\/index.php?rest_route=%2Fwp%2Fv2%2Fmedia&parent=10783"}],"wp:term":[{"taxonomy":"category","embeddable":true,"href":"https:\/\/www.invarena.cz\/index.php?rest_route=%2Fwp%2Fv2%2Fcategories&post=10783"},{"taxonomy":"post_tag","embeddable":true,"href":"https:\/\/www.invarena.cz\/index.php?rest_route=%2Fwp%2Fv2%2Ftags&post=10783"}],"curies":[{"name":"wp","href":"https:\/\/api.w.org\/{rel}","templated":true}]}}