{"id":10891,"date":"2013-09-24T09:52:30","date_gmt":"2013-09-24T07:52:30","guid":{"rendered":"http:\/\/www.invarena.cz\/?p=10891"},"modified":"2013-09-24T09:55:59","modified_gmt":"2013-09-24T07:55:59","slug":"zadost-postizeneho-muze-o-prispevek-na-auto","status":"publish","type":"post","link":"https:\/\/www.invarena.cz\/?p=10891","title":{"rendered":"\u00da\u0159edn\u00edci se zalekli televize"},"content":{"rendered":"<p><strong>Report\u00e1\u017ee televize Prima dok\u00e1\u017e\u00ed pom\u00e1hat. Konkr\u00e9tn\u011b v p\u0159\u00edb\u011bhu Emila Novotn\u00e9ho, t\u011b\u017ece posti\u017een\u00e9ho mu\u017ee z Prahy, kter\u00fd marn\u011b \u017e\u00e1dal o p\u0159\u00edsp\u011bvek na auto.\u00a0<\/strong> <!--more--><\/p>\n<p><strong>Emil Novotn<\/strong>\u00fd nem\u016f\u017ee chodit, ujde sotva 15 metr\u016f, p\u0159esto mu posudkov\u00e1 komise zam\u00edtla \u017e\u00e1dost o p\u0159\u00edsp\u011bvek na auto. V\u011bci ale dostaly \u00fapln\u011b jin\u00fd sm\u011br, kdy\u017e se o jeho p\u0159\u00edpad za\u010dala zaj\u00edmat report\u00e9rka televize Prima Eli\u0161ka \u010ce\u0159ovsk\u00e1.<\/p>\n<p>Emil Novotn\u00fd je t\u011b\u017ece nemocn\u00fd. Sotva vstane z k\u0159esla a s chod\u00edtkem ujde maxim\u00e1ln\u011b 15 metr\u016f. Podle rozhodnut\u00ed posudkov\u00e9 komise ale nem\u011bl na p\u0159\u00edsp\u011bvek na auto n\u00e1rok. Proto se obr\u00e1til na Primu a na radu televize se proti rozsudku odvolal.<\/p>\n<p>&#8222;17. z\u00e1\u0159\u00ed jsme byli u odvolac\u00ed posudkov\u00fd komise, kde pan\u00ed doktorka si vy\u017e\u00e1dala nov\u00e9 zdravotn\u00ed posudky a dala doporu\u010den\u00ed na ministerstvo pr\u00e1ce a soci\u00e1ln\u00edch v\u011bc\u00ed, abych dostal p\u0159\u00edsp\u011bvek na auto,&#8220; hl\u00e1s\u00ed Emil Novotn\u00fd.<\/p>\n<p>Po dlouh\u00fdch m\u011bs\u00edc\u00edch tak Emil Novotn\u00fd kone\u010dn\u011b dostane pen\u00edze na auto, kter\u00e9 si on s\u00e1m nem\u016f\u017ee dovolit. Jen\u017ee nev\u00ed, kdy a kolik pen\u011bz mu p\u0159ijde.<\/p>\n<p>\u0160t\u011bp\u00e1nka Filipov\u00e1, mluv\u010d\u00ed ministerstva pr\u00e1ce a soci\u00e1ln\u00edch v\u011bc\u00ed:&#8220;Co se t\u00fd\u010de rozhodnut\u00ed o p\u0159izn\u00e1n\u00ed p\u0159\u00edsp\u011bvku na motorov\u00e9 vozidlo, tak to samotn\u00e9 rozhodnut\u00ed je z\u00e1le\u017eitost\u00ed \u00fa\u0159adu pr\u00e1ce. \u00da\u0159ad pr\u00e1ce postupuje tak, \u017ee rozhoduje na z\u00e1klad\u011b v\u0161ech relevantn\u00edch podklad\u016f, kter\u00e9 m\u00e1 k dispozici.&#8220;<\/p>\n<p>Rozhodnout by m\u011bl dostat do maxim\u00e1ln\u011b do 60 dn\u016f, ale m\u016f\u017ee se to i prot\u00e1hnout.<\/p>\n<p>\u0160t\u011bp\u00e1nka Filipov\u00e1, mluv\u010d\u00ed ministerstva pr\u00e1ce a soci\u00e1ln\u00edch v\u011bc\u00ed: &#8222;Samoz\u0159ejm\u011b pak tam je\u0161t\u011b roli hraje to, zda se \u0159\u00edzen\u00ed mus\u00ed \u010di nemus\u00ed p\u0159eru\u0161it.&#8220;<\/p>\n<p>Emil Novotn\u00fd m\u016f\u017ee na auto z\u00edskat a\u017e 200 tis\u00edc korun. &#8222;Nebejt v\u00e1s, tak by se to ur\u010dit\u011b nikde nepoda\u0159ilo a za to v\u00e1m, va\u0161\u00ed televizi, chci stra\u0161n\u011b moc a moc pod\u011bkovat,&#8220; \u0159ekl.<\/p>\n<p>Jsme zv\u011bdav\u00ed, kolik pen\u011bz Emil Novotn\u00fd ve fin\u00e1le od \u00fa\u0159adu pr\u00e1ce dostane a jak dlouho to bude trvat.<\/p>\n<p>podle report\u00e1\u017ee Prima FTV zaznamenala invArena<\/p>\n","protected":false},"excerpt":{"rendered":"<div class=\"mh-excerpt\"><p>Report\u00e1\u017ee televize Prima dok\u00e1\u017e\u00ed pom\u00e1hat. Konkr\u00e9tn\u011b v p\u0159\u00edb\u011bhu Emila Novotn\u00e9ho, t\u011b\u017ece posti\u017een\u00e9ho mu\u017ee z Prahy, kter\u00fd marn\u011b \u017e\u00e1dal o p\u0159\u00edsp\u011bvek na auto.\u00a0<\/p>\n<\/div>","protected":false},"author":1,"featured_media":600,"comment_status":"open","ping_status":"open","sticky":false,"template":"","format":"standard","meta":{"footnotes":""},"categories":[7],"tags":[],"class_list":["post-10891","post","type-post","status-publish","format-standard","has-post-thumbnail","hentry","category-spolecnost"],"_links":{"self":[{"href":"https:\/\/www.invarena.cz\/index.php?rest_route=\/wp\/v2\/posts\/10891","targetHints":{"allow":["GET"]}}],"collection":[{"href":"https:\/\/www.invarena.cz\/index.php?rest_route=\/wp\/v2\/posts"}],"about":[{"href":"https:\/\/www.invarena.cz\/index.php?rest_route=\/wp\/v2\/types\/post"}],"author":[{"embeddable":true,"href":"https:\/\/www.invarena.cz\/index.php?rest_route=\/wp\/v2\/users\/1"}],"replies":[{"embeddable":true,"href":"https:\/\/www.invarena.cz\/index.php?rest_route=%2Fwp%2Fv2%2Fcomments&post=10891"}],"version-history":[{"count":0,"href":"https:\/\/www.invarena.cz\/index.php?rest_route=\/wp\/v2\/posts\/10891\/revisions"}],"wp:featuredmedia":[{"embeddable":true,"href":"https:\/\/www.invarena.cz\/index.php?rest_route=\/wp\/v2\/media\/600"}],"wp:attachment":[{"href":"https:\/\/www.invarena.cz\/index.php?rest_route=%2Fwp%2Fv2%2Fmedia&parent=10891"}],"wp:term":[{"taxonomy":"category","embeddable":true,"href":"https:\/\/www.invarena.cz\/index.php?rest_route=%2Fwp%2Fv2%2Fcategories&post=10891"},{"taxonomy":"post_tag","embeddable":true,"href":"https:\/\/www.invarena.cz\/index.php?rest_route=%2Fwp%2Fv2%2Ftags&post=10891"}],"curies":[{"name":"wp","href":"https:\/\/api.w.org\/{rel}","templated":true}]}}