{"id":10913,"date":"2013-10-16T11:05:07","date_gmt":"2013-10-16T09:05:07","guid":{"rendered":"http:\/\/www.invarena.cz\/?p=10913"},"modified":"2013-10-16T11:14:39","modified_gmt":"2013-10-16T09:14:39","slug":"blizi-se-jeden-z-nejvetsich-veletrhu-pracovnich-prilezitosti","status":"publish","type":"post","link":"https:\/\/www.invarena.cz\/?p=10913","title":{"rendered":"Bl\u00ed\u017e\u00ed se jeden z nejv\u011bt\u0161\u00edch veletrh\u016f pracovn\u00edch p\u0159\u00edle\u017eitost\u00ed"},"content":{"rendered":"<p><strong>Pat\u0159\u00edte mezi ty, kte\u0159\u00ed hledaj\u00ed nov\u00e9 zam\u011bstn\u00e1n\u00ed? Pr\u00e1v\u011b v\u00e1m bude ur\u010den veletrh pracovn\u00edch p\u0159\u00edle\u017eitost\u00ed Profesia days. Kon\u00e1 se 23. a 24. \u0159\u00edjna na v\u00fdstavi\u0161ti v Praze Let\u0148anech. Po\u0159adatel\u00e9 p\u0159ipravili program i pro handicapovan\u00e9.<\/strong><br \/>\n<!--more--><br \/>\nStovky tis\u00edc lid\u00ed po cel\u00e9 republice ne\u00fasp\u011b\u0161n\u011b hledaj\u00ed zam\u011bstn\u00e1n\u00ed. N\u011bkte\u0159\u00ed si mysl\u00ed, \u017ee jim pom\u016f\u017ee \u00da\u0159ad pr\u00e1ce. Jin\u00ed ka\u017ed\u00fd den proch\u00e1zej\u00ed nab\u00eddky na internetu a rozes\u00edlaj\u00ed stovky \u017eivotopis\u016f. Ten, kdo to ale doopravdy s budoucnost\u00ed mysl\u00ed v\u00e1\u017en\u011b a uv\u011bdomuje si svou hodnotu, moc dob\u0159e v\u00ed, \u017ee mus\u00ed vyrazit p\u0159\u00edmo za zam\u011bstnavateli.<\/p>\n<p>Na veletrhu se p\u0159itom m\u016f\u017eete osobn\u011b setkat s personalisty des\u00edtek v\u00fdznamn\u00fdch firem. Lidmi, kte\u0159\u00ed obvykle maj\u00ed nejv\u011bt\u0161\u00ed vliv na to, zda m\u00edsto dostanete nebo ne. V\u00fdhodou veletrhu je, \u017ee m\u016f\u017eete s personalisty komunikovat bez stresu z n\u011bjak\u00e9ho pohovoru, na n\u011bm\u017e se z pravidla lid\u00e9 chovaj\u00ed nep\u0159irozen\u011b. Z\u00e1le\u017e\u00ed tedy pouze na va\u0161em vystupov\u00e1n\u00ed a motivaci kv\u016fli kter\u00e9 si chcete nal\u00e9zt zam\u011bstn\u00e1n\u00ed.<\/p>\n<p>&#8222;Na\u0161\u00edm c\u00edlem bylo z\u00edskat nov\u00e9 kandid\u00e1ty. B\u011bhem prvn\u00edho m\u011bs\u00edce jsme dali nab\u00eddku 3 kandid\u00e1t\u016fm, kter\u00e9 jsme na veletrhu pr\u00e1ce poznali a s dal\u0161\u00edmi jsme v jedn\u00e1n\u00ed. Veletrh n\u00e1m tak\u00e9 poslou\u017eil jako zdroj zp\u011btn\u00e9 vazby na\u0161ich z\u00e1kazn\u00edk\u016f,\u201c \u0159ekla o veletrhu pr\u00e1ce Profesia days Radka Topinkov\u00e1 ze spole\u010dnosti Internet Mall, a.s.<\/p>\n<p><strong>\u0160anci maj\u00ed i posti\u017een\u00ed<\/strong><\/p>\n<p>N\u011bkdo si \u0159ekne, \u017ee na veletrh nep\u016fjde, kdy\u017e m\u00e1 n\u011bjak\u00fd handicap, proto\u017ee netu\u0161\u00ed, \u010d\u00edm by mohl personalisty zaujmout, \u010d\u00edm je v\u00fdjime\u010dn\u00fd oproti t\u011bm tis\u00edc\u016fm zdrav\u00fdch lid\u00ed. Opak je ale pravdou. Kdy\u017e osobn\u011b doraz\u00edte na veletrh, pohovo\u0159\u00edte si se z\u00e1stupci firem, m\u016f\u017eete si b\u00fdt jisti, \u017ee si budou pamatovat pr\u00e1v\u011b v\u00e1s, proto\u017ee jste n\u011b\u010d\u00edm jin\u00ed a prok\u00e1zali jste ur\u010dit\u00fd druh odvahy.<\/p>\n<p>Osob\u00e1m zdravotn\u011b znev\u00fdhodn\u011bn\u00fdm se bude v\u011bnovat i \u010d\u00e1st doprovodn\u00e9ho programu, proto\u017ee v\u00fdznamn\u00e9 firmy si uv\u011bdomuj\u00ed, \u017ee handicapovan\u00fd, kter\u00fd doopravdy chce pracovat, m\u00e1 mnohdy v\u011bt\u0161\u00ed motivaci ne\u017e lid\u00e9, kte\u0159\u00ed nikdy moc p\u0159ek\u00e1\u017eek p\u0159ekon\u00e1vat nemuseli.<\/p>\n<p>Veletrh pracovn\u00edch p\u0159\u00edle\u017eitost\u00ed Profesia Days<br \/>\n23. \u2013 24. 10. 2013<\/p>\n<p>V\u00fdstavi\u0161t\u011b PVA EXPO PRAHA Let\u0148any<br \/>\nBeranov\u00fdch 667<br \/>\n199 00 Praha 9 &#8211; Let\u0148any<br \/>\nSt\u0159eda 10:00 &#8211; 19:00\u010ctvrtek 09:00 \u2013 16:00<br \/>\nVstupn\u00e9 je zdarma pro v\u0161echny n\u00e1v\u0161t\u011bvn\u00edky<br \/>\nWeb:<br \/>\n<a href=\"http:\/\/www.profesiadays.cz\/\">Veletrh pr\u00e1ce Profesia days<\/a><\/p>\n<p>Ji\u0159\u00ed Marek<br \/>\ninvArena<\/p>\n","protected":false},"excerpt":{"rendered":"<div class=\"mh-excerpt\"><p>Pat\u0159\u00edte mezi ty, kte\u0159\u00ed hledaj\u00ed nov\u00e9 zam\u011bstn\u00e1n\u00ed? Pr\u00e1v\u011b v\u00e1m bude ur\u010den veletrh pracovn\u00edch p\u0159\u00edle\u017eitost\u00ed Profesia days. Kon\u00e1 se 23. a 24. \u0159\u00edjna na v\u00fdstavi\u0161ti v <a class=\"mh-excerpt-more\" href=\"https:\/\/www.invarena.cz\/?p=10913\" title=\"Bl\u00ed\u017e\u00ed se jeden z nejv\u011bt\u0161\u00edch veletrh\u016f pracovn\u00edch p\u0159\u00edle\u017eitost\u00ed\">[&#8230;]<\/a><\/p>\n<\/div>","protected":false},"author":3,"featured_media":4906,"comment_status":"open","ping_status":"open","sticky":false,"template":"","format":"standard","meta":{"footnotes":""},"categories":[7,9],"tags":[],"class_list":["post-10913","post","type-post","status-publish","format-standard","has-post-thumbnail","hentry","category-spolecnost","category-zpravy"],"_links":{"self":[{"href":"https:\/\/www.invarena.cz\/index.php?rest_route=\/wp\/v2\/posts\/10913","targetHints":{"allow":["GET"]}}],"collection":[{"href":"https:\/\/www.invarena.cz\/index.php?rest_route=\/wp\/v2\/posts"}],"about":[{"href":"https:\/\/www.invarena.cz\/index.php?rest_route=\/wp\/v2\/types\/post"}],"author":[{"embeddable":true,"href":"https:\/\/www.invarena.cz\/index.php?rest_route=\/wp\/v2\/users\/3"}],"replies":[{"embeddable":true,"href":"https:\/\/www.invarena.cz\/index.php?rest_route=%2Fwp%2Fv2%2Fcomments&post=10913"}],"version-history":[{"count":0,"href":"https:\/\/www.invarena.cz\/index.php?rest_route=\/wp\/v2\/posts\/10913\/revisions"}],"wp:featuredmedia":[{"embeddable":true,"href":"https:\/\/www.invarena.cz\/index.php?rest_route=\/wp\/v2\/media\/4906"}],"wp:attachment":[{"href":"https:\/\/www.invarena.cz\/index.php?rest_route=%2Fwp%2Fv2%2Fmedia&parent=10913"}],"wp:term":[{"taxonomy":"category","embeddable":true,"href":"https:\/\/www.invarena.cz\/index.php?rest_route=%2Fwp%2Fv2%2Fcategories&post=10913"},{"taxonomy":"post_tag","embeddable":true,"href":"https:\/\/www.invarena.cz\/index.php?rest_route=%2Fwp%2Fv2%2Ftags&post=10913"}],"curies":[{"name":"wp","href":"https:\/\/api.w.org\/{rel}","templated":true}]}}