{"id":11026,"date":"2023-04-26T12:57:33","date_gmt":"2023-04-26T10:57:33","guid":{"rendered":"http:\/\/www.invarena.cz\/?p=11026"},"modified":"2023-04-26T12:57:34","modified_gmt":"2023-04-26T10:57:34","slug":"po-porodech-musi-nosit-plinku","status":"publish","type":"post","link":"https:\/\/www.invarena.cz\/?p=11026","title":{"rendered":"Po porodech mus\u00ed nosit pl\u00ednku"},"content":{"rendered":"<p>Probl\u00e9m mo\u010dov\u00e9 inkontinence se net\u00fdk\u00e1 jen senior\u016f. I \u017een\u00e1m st\u0159edn\u00edho v\u011bku se \u010dasto st\u00e1v\u00e1, \u017ee pot\u0159ebuj\u00ed na malou a nestihnou dob\u011bhnout na toaletu v\u010das. Samovoln\u00fd \u00fanik mo\u010di nen\u00ed nic, za co by se m\u011bl \u010dlov\u011bk styd\u011bt. Je to zdravotn\u00ed probl\u00e9m jako ka\u017ed\u00fd jin\u00fd. Av\u0161ak hodn\u011b lid\u00ed to taj\u00ed nejen p\u0159ed sv\u00fdmi p\u0159\u00edbuzn\u00fdmi a p\u0159\u00e1teli, ale dokonce se styd\u00ed j\u00edt i k l\u00e9ka\u0159i. Nejv\u011bt\u0161\u00ed psychick\u00e9 probl\u00e9my s t\u00edm m\u00edvaj\u00ed mlad\u0161\u00ed \u017eeny. Pova\u017euj\u00ed inkontinenci za n\u011bco, co pat\u0159\u00ed ke st\u00e1\u0159\u00ed, ke star\u00fdm lidem, kte\u0159\u00ed se sotva udr\u017e\u00ed na nohou, nato\u017e aby udr\u017eeli mo\u010d. Ve skute\u010dnosti ale pot\u00ed\u017ee mohou nastat i ve st\u0159edn\u00edm v\u011bku. P\u0159\u00ed\u010din je cel\u00e1 \u0159ada. Nap\u0159\u00edklad stres, oslaben\u00e9 p\u00e1nevn\u00ed dno po v\u00edcer\u00fdch porodech, infekce, zv\u011bt\u0161en\u00e1 prostata u mu\u017e\u016f, \u00farazy a podobn\u011b.<\/p>\n<p>P\u0159\u00edb\u011bh pan\u00ed Dany je typick\u00fd. Porodila kr\u00e1tce po sob\u011b t\u0159i d\u011bti, nav\u00edc prod\u011blala men\u0161\u00ed gynekologickou operaci. &#8222;Nev\u00edm, co se nepovedlo, ale pot\u00ed\u017ee za\u010daly kr\u00e1tce pot\u00e9, co jsem se vr\u00e1tila z t\u00e9 operace. Gynekolog m\u011b uji\u0161\u0165oval, \u017ee je v\u0161echno v po\u0159\u00e1dku, ale u mne v\u0161echno v po\u0159\u00e1dku nebylo. Za\u010dala jsem si ucvrnk\u00e1vat do kalhotek i kr\u00e1tce pot\u00e9, co jsem byla na z\u00e1chod\u011b,&#8220; vypr\u00e1v\u011bla dev\u011btat\u0159icetilet\u00e1 \u017eena. Nejd\u0159\u00edv j\u00ed sta\u010dily siln\u011bj\u0161\u00ed vlo\u017eky, kter\u00e9 nakupovala ve zdravotnick\u00fdch pot\u0159eb\u00e1ch. &#8222;Ty oby\u010dejn\u00e9 z drogerie nejsou k ni\u010demu, jsou moc slab\u00e9. Chodila jsem do obchodu daleko od domova, proto\u017ee jsem se styd\u011bla a prodava\u010dce jsem \u0159\u00edkala, \u017ee je kupuju pro matku. Pot\u00ed\u017ee se ale stup\u0148ovaly a j\u00e1 jsem si musela po\u0159izovat u\u017e speci\u00e1ln\u00ed pleny. P\u0159es den to \u0161lo, byla jsem doma s nejmlad\u0161\u00edm d\u00edt\u011btem. Ve\u010der, kdy\u017e m\u011bl p\u0159ij\u00edt man\u017eel, jsem je ze sebe st\u00e1hla a sna\u017eila jsem se to v\u017edycky n\u011bjak zvl\u00e1dnout. Nakonec se to stejn\u011b provalilo. V\u016fbec mu to ale pr\u00fd nevad\u00ed, ch\u00e1pe, \u017ee je to po porodech. Nakonec jsem se ale i kv\u016fli n\u011bmu rozhodla, \u017ee p\u016fjdu na korek\u010dn\u00ed operaci. Pr\u00fd b\u00fdv\u00e1 skoro v\u017edy \u00fasp\u011b\u0161n\u00e1. Tak snad budu zase \u017e\u00edt jako norm\u00e1ln\u00ed \u017eensk\u00e1,&#8220; dodala Dana.<\/p>\n<p>Lid\u00e9, kter\u00e9 tr\u00e1p\u00ed \u00fanik mo\u010di, to nemaj\u00ed snadn\u00e9. &#8222;U m\u011b to za\u010dalo po rozvodu. M\u00e1lo jsem pila, abych nemusela na WC, po\u0159\u00e1d jsem trp\u011bla \u017e\u00edzn\u00ed. Dokonce jsem kv\u016fli tomu ani nejezdila na dovolenou a byl pro m\u011b probl\u00e9m i cesta do pr\u00e1ce metrem a tramvaj\u00ed. Pod\u00e9l v\u0161ech tras, po kter\u00fdch se \u010dasto pohybuju, m\u00e1m podrobn\u011b zmapovan\u00e9 ve\u0159ejn\u00e9 z\u00e1chodky. Kdo to neza\u017eil, nem\u016f\u017ee pochopit, jak\u00e9 s t\u00edm spojeny probl\u00e9my,&#8220; sv\u011b\u0159ila se Kv\u011btoslava. Nakonec se odhodlala p\u0159ece jen s t\u00edm zaj\u00edt na urologii. L\u00e9ka\u0159 j\u00ed po vy\u0161et\u0159en\u00edch stanovil diagn\u00f3zu, a to hyperaktivn\u00ed mo\u010dov\u00fd m\u011bch\u00fd\u0159. P\u0159edepsal j\u00ed l\u00e9ky, kter\u00e9 po m\u011bs\u00edci zabraly. &#8222;M\u016f\u017eu zase norm\u00e1ln\u011b \u017e\u00edt, ob\u010das pot\u0159ebuju jen oby\u010dejnou hygienickou vlo\u017eku, v noci se u\u017e nebud\u00edm po\u010duran\u00e1 a v pr\u00e1ci se neboj\u00edm, \u017ee nedob\u011bhnu v\u010das.&#8220;<\/p>\n","protected":false},"excerpt":{"rendered":"<div class=\"mh-excerpt\"><p>Probl\u00e9m mo\u010dov\u00e9 inkontinence se net\u00fdk\u00e1 jen senior\u016f. I \u017een\u00e1m st\u0159edn\u00edho v\u011bku se \u010dasto st\u00e1v\u00e1, \u017ee pot\u0159ebuj\u00ed na malou a nestihnou dob\u011bhnout na toaletu v\u010das. Samovoln\u00fd <a class=\"mh-excerpt-more\" href=\"https:\/\/www.invarena.cz\/?p=11026\" title=\"Po porodech mus\u00ed nosit pl\u00ednku\">[&#8230;]<\/a><\/p>\n<\/div>","protected":false},"author":1,"featured_media":13142,"comment_status":"open","ping_status":"closed","sticky":false,"template":"","format":"standard","meta":{"footnotes":""},"categories":[11],"tags":[],"class_list":["post-11026","post","type-post","status-publish","format-standard","has-post-thumbnail","hentry","category-zdravi"],"_links":{"self":[{"href":"https:\/\/www.invarena.cz\/index.php?rest_route=\/wp\/v2\/posts\/11026","targetHints":{"allow":["GET"]}}],"collection":[{"href":"https:\/\/www.invarena.cz\/index.php?rest_route=\/wp\/v2\/posts"}],"about":[{"href":"https:\/\/www.invarena.cz\/index.php?rest_route=\/wp\/v2\/types\/post"}],"author":[{"embeddable":true,"href":"https:\/\/www.invarena.cz\/index.php?rest_route=\/wp\/v2\/users\/1"}],"replies":[{"embeddable":true,"href":"https:\/\/www.invarena.cz\/index.php?rest_route=%2Fwp%2Fv2%2Fcomments&post=11026"}],"version-history":[{"count":0,"href":"https:\/\/www.invarena.cz\/index.php?rest_route=\/wp\/v2\/posts\/11026\/revisions"}],"wp:featuredmedia":[{"embeddable":true,"href":"https:\/\/www.invarena.cz\/index.php?rest_route=\/wp\/v2\/media\/13142"}],"wp:attachment":[{"href":"https:\/\/www.invarena.cz\/index.php?rest_route=%2Fwp%2Fv2%2Fmedia&parent=11026"}],"wp:term":[{"taxonomy":"category","embeddable":true,"href":"https:\/\/www.invarena.cz\/index.php?rest_route=%2Fwp%2Fv2%2Fcategories&post=11026"},{"taxonomy":"post_tag","embeddable":true,"href":"https:\/\/www.invarena.cz\/index.php?rest_route=%2Fwp%2Fv2%2Ftags&post=11026"}],"curies":[{"name":"wp","href":"https:\/\/api.w.org\/{rel}","templated":true}]}}