{"id":1103,"date":"2013-02-19T17:41:07","date_gmt":"2013-02-19T16:41:07","guid":{"rendered":"http:\/\/www.invarena.cz\/?p=1103"},"modified":"2013-02-23T15:38:09","modified_gmt":"2013-02-23T14:38:09","slug":"vladimir-siska-ziskal-loni-nejvyssi-odmenu","status":"publish","type":"post","link":"https:\/\/www.invarena.cz\/?p=1103","title":{"rendered":"\u0160i\u0161ka z\u00edskal loni nejvy\u0161\u0161\u00ed odm\u011bnu"},"content":{"rendered":"<p>B\u00fdval\u00fd n\u00e1m\u011bstek ministra pr\u00e1ce a soci\u00e1ln\u00edch v\u011bc\u00ed Vladim\u00edr \u0160i\u0161ka, jeho\u017e \u010dinnost dnes vy\u0161et\u0159uje policie, obdr\u017eel za rok 2012 nejvy\u0161\u0161\u00ed odm\u011bny ze v\u0161ech ministersk\u00fdch poradc\u016f. A to p\u0159esto\u017ee pracoval jen 9 m\u011bs\u00edc\u016f.<br \/>\n<!--more--><br \/>\nJe to paradox, ale n\u00e1m\u011bstek, kter\u00fd nepracoval ani cel\u00fd rok, z\u00edskal vy\u0161\u0161\u00ed odm\u011bnu ne\u017e t\u0159eba poradci ministra financ\u00ed \u010di ministra vnitra. \u010c\u00e1st pen\u011bz mu na \u00fa\u010dtu p\u0159ist\u00e1la dokonce i po dob\u011b, kdy si vyslechl obvin\u011bn\u00ed na svou osobu.<\/p>\n<p>Celkem \u0160i\u0161ka na odm\u011bn\u00e1ch za lo\u0148sk\u00fd rok z\u00edskal 335 000 korun, pro p\u0159\u00edklad, n\u00e1m\u011bstek ministra financ\u00ed, kter\u00fd ale pracoval po cel\u00fd rok, obdr\u017eel 330 000 korun. Celkov\u00fd plat \u0160i\u0161ky pak tedy \u010din\u00ed 1 319 671 korun.<\/p>\n<p>Mnoh\u00e9 lidi by zaj\u00edmalo, za co si takov\u00e9 pen\u00edze zaslou\u017eil, kdy\u017e jeho pr\u00e1ce do dnes p\u0159in\u00e1\u0161\u00ed velk\u00e9 probl\u00e9my v\u0161em zdravotn\u011b posti\u017een\u00fdm, nezam\u011bstnan\u00fdm a vl\u00e1d\u011b samotn\u00e9.<\/p>\n<p>Byl to pr\u00e1v\u011b Vladim\u00edr \u0160i\u0161ka, kter\u00fd dojedn\u00e1val a n\u00e1sledn\u011b i podepisoval smlouvu na sKarty s \u010ceskou spo\u0159itelnou a byl to tak\u00e9 on, kdo zav\u00e1d\u011bl nov\u00e9 elektronick\u00e9 syst\u00e9my na \u00fa\u0159adech, o kter\u00fdch gener\u00e1ln\u00ed \u0159editel \u00da\u0159adu pr\u00e1ce Ji\u0159\u00ed Kube\u0161a tvrd\u00ed, \u017ee nefunguj\u00ed a jen stresuj\u00ed \u00fa\u0159edn\u00edky pota\u017emo i klienty.<\/p>\n<p>B\u00fdval\u00fd ministr Dr\u00e1bek svou pravou ruku rekordn\u011b honoroval u\u017e o rok d\u0159\u00edve, kdy v\u011bt\u0161ina ministr\u016f kv\u016fli \u0161krt\u016fm \u0161et\u0159ila. On ov\u0161em \u0160i\u0161kovi navzdory kritice p\u0159emr\u0161t\u011bn\u00fdch odm\u011bn ud\u011blil pr\u00e9mie v celkov\u00e9 v\u00fd\u0161i 1 015 000 korun a zdvojn\u00e1sobil mu ro\u010dn\u00ed p\u0159\u00edjem. M\u011bs\u00ed\u010dn\u011b tak \u0160i\u0161ka bral v pr\u016fm\u011bru 187 tis\u00edc korun, tedy v\u00edce ne\u017e premi\u00e9r.<\/p>\n<p>invArena<\/p>\n","protected":false},"excerpt":{"rendered":"<div class=\"mh-excerpt\"><p>B\u00fdval\u00fd n\u00e1m\u011bstek ministra pr\u00e1ce a soci\u00e1ln\u00edch v\u011bc\u00ed Vladim\u00edr \u0160i\u0161ka, jeho\u017e \u010dinnost dnes vy\u0161et\u0159uje policie, obdr\u017eel za rok 2012 nejvy\u0161\u0161\u00ed odm\u011bny ze v\u0161ech ministersk\u00fdch poradc\u016f. A <a class=\"mh-excerpt-more\" href=\"https:\/\/www.invarena.cz\/?p=1103\" title=\"\u0160i\u0161ka z\u00edskal loni nejvy\u0161\u0161\u00ed odm\u011bnu\">[&#8230;]<\/a><\/p>\n<\/div>","protected":false},"author":3,"featured_media":1110,"comment_status":"open","ping_status":"open","sticky":false,"template":"","format":"standard","meta":{"footnotes":""},"categories":[1,6,9],"tags":[],"class_list":["post-1103","post","type-post","status-publish","format-standard","has-post-thumbnail","hentry","category-nezarazene","category-politika","category-zpravy"],"_links":{"self":[{"href":"https:\/\/www.invarena.cz\/index.php?rest_route=\/wp\/v2\/posts\/1103","targetHints":{"allow":["GET"]}}],"collection":[{"href":"https:\/\/www.invarena.cz\/index.php?rest_route=\/wp\/v2\/posts"}],"about":[{"href":"https:\/\/www.invarena.cz\/index.php?rest_route=\/wp\/v2\/types\/post"}],"author":[{"embeddable":true,"href":"https:\/\/www.invarena.cz\/index.php?rest_route=\/wp\/v2\/users\/3"}],"replies":[{"embeddable":true,"href":"https:\/\/www.invarena.cz\/index.php?rest_route=%2Fwp%2Fv2%2Fcomments&post=1103"}],"version-history":[{"count":0,"href":"https:\/\/www.invarena.cz\/index.php?rest_route=\/wp\/v2\/posts\/1103\/revisions"}],"wp:featuredmedia":[{"embeddable":true,"href":"https:\/\/www.invarena.cz\/index.php?rest_route=\/wp\/v2\/media\/1110"}],"wp:attachment":[{"href":"https:\/\/www.invarena.cz\/index.php?rest_route=%2Fwp%2Fv2%2Fmedia&parent=1103"}],"wp:term":[{"taxonomy":"category","embeddable":true,"href":"https:\/\/www.invarena.cz\/index.php?rest_route=%2Fwp%2Fv2%2Fcategories&post=1103"},{"taxonomy":"post_tag","embeddable":true,"href":"https:\/\/www.invarena.cz\/index.php?rest_route=%2Fwp%2Fv2%2Ftags&post=1103"}],"curies":[{"name":"wp","href":"https:\/\/api.w.org\/{rel}","templated":true}]}}