{"id":11114,"date":"2013-09-27T11:33:40","date_gmt":"2013-09-27T09:33:40","guid":{"rendered":"http:\/\/www.invarena.cz\/?p=11114"},"modified":"2013-09-27T11:34:40","modified_gmt":"2013-09-27T09:34:40","slug":"vice-ockovani-seniorum","status":"publish","type":"post","link":"https:\/\/www.invarena.cz\/?p=11114","title":{"rendered":"V\u00edce o\u010dkov\u00e1n\u00ed senior\u016fm"},"content":{"rendered":"<p><strong>Jen minimum senior\u016f je o\u010dkov\u00e1no proti ch\u0159ipce a pneumokokov\u00fdm onemocn\u011bn\u00edm, sta\u0159\u00ed lid\u00e9 p\u0159itom pat\u0159\u00ed k nejohro\u017een\u011bj\u0161\u00edm skupin\u00e1m. Upozornila na to v\u010dera Rada senior\u016f (RS).<\/strong> <!--more--><\/p>\n<p>Podle RS by pomohlo, kdyby se st\u00e1t v\u00edc finan\u010dn\u011b pod\u00edlel na o\u010dkovan\u00ed ob\u010dan\u016f star\u0161\u00edch 65 let, nutn\u00e1 je ale i v\u011bt\u0161\u00ed osv\u011bta. O\u010dkov\u00e1n\u00ed proti ch\u0159ipce je u lid\u00ed star\u0161\u00edch 65 let zdarma, p\u0159esto je o\u010dkov\u00e1no jen 30 procent senior\u016f. Proti pneumokok\u016fm je pak v \u010cR o\u010dkov\u00e1no m\u00e9n\u011b ne\u017e jedno procento lid\u00ed nad 65 let. St\u00e1t hrad\u00ed o\u010dkov\u00e1n\u00ed pouze lidem \u017eij\u00edc\u00edm v domovech d\u016fchodc\u016f nebo pacient\u016fm l\u00e9\u010deben dlouhodob\u011b nemocn\u00fdch.<\/p>\n<p>\u00bbProto se p\u0159imlouv\u00e1m za to, aby jak na poli osv\u011bty, tak v oblasti legislativy byly vytv\u00e1\u0159eny takov\u00e9 podm\u00ednky, kter\u00e9 u senior\u016f zv\u00fd\u0161\u00ed pov\u011bdom\u00ed o smyslu prevence v podob\u011b o\u010dkov\u00e1n\u00ed. Z\u00e1rove\u0148 jej u\u010din\u00ed finan\u010dn\u011b dostupn\u00fdm,\u00ab \u0159ekl p\u0159edseda RS Zden\u011bk Pernes. Vakc\u00edna proti pneumokok\u016fm stoj\u00ed od 500 do 1500 korun, p\u016fsob\u00ed celo\u017eivotn\u011b. Na toto o\u010dkov\u00e1n\u00ed p\u0159isp\u00edvaj\u00ed n\u011bkter\u00e9 zdravotn\u00ed poji\u0161\u0165ovny. <\/p>\n<p>V\u0161eobecn\u00fd l\u00e9ka\u0159 Igor Karen upozornil, \u017ee pneumokoky jsou \u010d\u00edm d\u00e1l odoln\u011bj\u0161\u00ed v\u016f\u010di b\u011b\u017en\u00fdm antibiotik\u016fm. Pokud by bylo o\u010dkov\u00e1n\u00ed pro seniory zdarma, u\u0161et\u0159ilo by se pr\u00fd za antibiotika vyd\u00e1van\u00e1 na l\u00e9\u010dbu komplikac\u00ed. L\u00e9ka\u0159 tak\u00e9 odm\u00edtl obavy n\u011bkter\u00fdch lid\u00ed ze zdravotn\u00edch probl\u00e9m\u016f v d\u016fsledku o\u010dkov\u00e1n\u00ed, p\u0159\u00edpadn\u00e9 komplikace pr\u00fd souvisej\u00ed t\u0159eba s t\u00edm, \u017ee pacient p\u0159i\u0161el na o\u010dkov\u00e1n\u00ed v hor\u0161\u00edm zdravotn\u00edm stavu.<\/p>\n<p>Mezin\u00e1rodn\u00edm dnem senior\u016f vyhl\u00e1sila OSN 1. \u0159\u00edjen. Po cel\u00e9 \u010cR se budou konat akce, do nich\u017e se krom\u011b domov\u016f d\u016fchodc\u016f zapojuj\u00ed i m\u00edstn\u00ed samospr\u00e1vy a organizace pom\u00e1haj\u00edc\u00ed senior\u016fm.<\/p>\n<p>Senio\u0159i tvo\u0159\u00ed v\u00edce ne\u017e 40 procent ze zhruba 350 pacient\u016f, kte\u0159\u00ed ro\u010dn\u011b pneumokokem onemocn\u00ed. U star\u00fdch lid\u00ed je pneumokok asi ve 25 procentech smrteln\u00fd, obzvl\u00e1\u0161\u0165, kdy\u017e m\u00e1 pacient dal\u0161\u00ed p\u0159idru\u017een\u00e9 onemocn\u011bn\u00ed.<\/p>\n","protected":false},"excerpt":{"rendered":"<div class=\"mh-excerpt\"><p>Jen minimum senior\u016f je o\u010dkov\u00e1no proti ch\u0159ipce a pneumokokov\u00fdm onemocn\u011bn\u00edm, sta\u0159\u00ed lid\u00e9 p\u0159itom pat\u0159\u00ed k nejohro\u017een\u011bj\u0161\u00edm skupin\u00e1m. Upozornila na to v\u010dera Rada senior\u016f (RS).<\/p>\n<\/div>","protected":false},"author":1,"featured_media":0,"comment_status":"open","ping_status":"open","sticky":false,"template":"","format":"standard","meta":{"footnotes":""},"categories":[11],"tags":[],"class_list":["post-11114","post","type-post","status-publish","format-standard","hentry","category-zdravi"],"_links":{"self":[{"href":"https:\/\/www.invarena.cz\/index.php?rest_route=\/wp\/v2\/posts\/11114","targetHints":{"allow":["GET"]}}],"collection":[{"href":"https:\/\/www.invarena.cz\/index.php?rest_route=\/wp\/v2\/posts"}],"about":[{"href":"https:\/\/www.invarena.cz\/index.php?rest_route=\/wp\/v2\/types\/post"}],"author":[{"embeddable":true,"href":"https:\/\/www.invarena.cz\/index.php?rest_route=\/wp\/v2\/users\/1"}],"replies":[{"embeddable":true,"href":"https:\/\/www.invarena.cz\/index.php?rest_route=%2Fwp%2Fv2%2Fcomments&post=11114"}],"version-history":[{"count":0,"href":"https:\/\/www.invarena.cz\/index.php?rest_route=\/wp\/v2\/posts\/11114\/revisions"}],"wp:attachment":[{"href":"https:\/\/www.invarena.cz\/index.php?rest_route=%2Fwp%2Fv2%2Fmedia&parent=11114"}],"wp:term":[{"taxonomy":"category","embeddable":true,"href":"https:\/\/www.invarena.cz\/index.php?rest_route=%2Fwp%2Fv2%2Fcategories&post=11114"},{"taxonomy":"post_tag","embeddable":true,"href":"https:\/\/www.invarena.cz\/index.php?rest_route=%2Fwp%2Fv2%2Ftags&post=11114"}],"curies":[{"name":"wp","href":"https:\/\/api.w.org\/{rel}","templated":true}]}}