{"id":11123,"date":"2013-09-27T19:18:59","date_gmt":"2013-09-27T17:18:59","guid":{"rendered":"http:\/\/www.invarena.cz\/?p=11123"},"modified":"2014-10-20T20:06:20","modified_gmt":"2014-10-20T18:06:20","slug":"svatovaclavske-slavnosti","status":"publish","type":"post","link":"https:\/\/www.invarena.cz\/?p=11123","title":{"rendered":"Svatov\u00e1clavsk\u00e9 slavnosti"},"content":{"rendered":"<p><strong>Svat\u00fd V\u00e1clav je patronem nejen zem\u011b \u010desk\u00e9, ale i pivovarn\u00edk\u016f a vina\u0159\u016f, co\u017e p\u0159ipom\u00ednaj\u00ed tradi\u010dn\u00ed podzimn\u00ed slavnosti, nab\u00edzej\u00edc\u00ed vedle kulturn\u00edch i gastronomick\u00e9 z\u00e1\u017eitky. Slavnost\u00ed, kter\u00e9 maj\u00ed i vz\u00e1cn\u00fd duchovn\u00ed rozm\u011br, se konaj\u00ed v mnoha \u010desk\u00fdch m\u011bstech.<br \/>\n<\/strong><\/p>\n<p><!--more--><\/p>\n<p><strong>Brand\u00fds nad Labem &#8211; Star\u00e1 Boleslav<\/strong>: N\u00e1rodn\u00ed svatov\u00e1clavsk\u00e1 pou\u0165, p\u00e1tek-ned\u011ble, krom\u011b duchovn\u00edch slavnost\u00ed se bude v r\u00e1mci pouti konat lidov\u00e1 pou\u0165ov\u00e1 z\u00e1bava a st\u00e1nkov\u00fd prodej www.svatovaclavskapout.cz<\/p>\n<p><strong>Jesenice<\/strong> &#8211; Vlastiv\u011bdn\u00e9 muzeum: Poklady z depozit\u00e1\u0159e jesenick\u00e9ho muzea, v\u00fdstava zam\u011b\u0159en\u00e1 na sb\u00edrkov\u00e9 p\u0159edm\u011bty ulo\u017een\u00e9 v jesenick\u00e9m depozit\u00e1\u0159i, kter\u00e9 nebyly nikdy nebo jen z\u0159\u00eddka vystaveny, 25. z\u00e1\u0159\u00ed &#8211; 17. listopadu, vstupn\u00e9: 20 K\u010d, rodinn\u00e9: 40 K\u010d www.muzeumtgm.cz<\/p>\n<p><strong>Karl\u0161tejn<\/strong> &#8211; n\u00e1dvo\u0159\u00ed hradu: Karl\u0161tejnsk\u00e9 vinobran\u00ed, sobota a ned\u011ble, slavnosti v\u00edna nab\u00eddnou bohat\u00fd kulturn\u00ed program: kapely, divadlo, kejkl\u00ed\u0159e, ob\u010derstven\u00ed, vstupn\u00e9: 200 K\u010d, ned\u011ble: 100 K\u010d www.karlstejnske-vinobrani.cz<\/p>\n<p><strong>Severn\u00ed Morava<\/strong><\/p>\n<p>V sobotu i ned\u011bli se m\u016f\u017eete vypravit na hrad Hukvaldy, kde se ku p\u0159\u00edle\u017eitosti sv\u00e1tku sv. V\u00e1clava uskute\u010dn\u00ed posledn\u00ed akce leto\u0161n\u00ed hlavn\u00ed sezony. Vystoup\u00ed Ryt\u00ed\u0159i z H\u00fcckeswagen a Gotick\u00e1 katovna Ord\u00e1l, kter\u00e1 p\u0159edvede sv\u00e9 um\u011bn\u00ed v 11, 13, 15 a 16 hodin, Ryt\u00ed\u0159i z H\u00fcckeswagen pak v 11.30, 13.30 a 15.30. Program je stejn\u00fd po oba dny, akce kon\u010d\u00ed v\u017edy po 16. hodin\u011b.<br \/>\nhrad Hukvaldy, Hukvaldy Za\u010d\u00e1tek v 11.00, cena 70 K\u010d, ml\u00e1de\u017e od 15 do 18 let, studenti, d\u016fchodci 50 K\u010d, d\u011bti do 15 let, ZTP, ZTP\/P 20 K\u010d<\/p>\n<p>Mlad\u00e1 fronta DNES<\/p>\n<p><strong>Zl\u00ednsk\u00fd kraj\u00a0<\/strong><\/p>\n<p>Nadch\u00e1zej\u00edc\u00ed sv\u00e1te\u010dn\u00ed v\u00edkend bude ve Zl\u00ednsk\u00e9m kraji pln\u00fd zaj\u00edmav\u00fdch kulturn\u011b\u00adspole\u010densk\u00fdch akc\u00ed. \u0158ada z nich, tak\u00e9 d\u00edky st\u00e1tn\u00edmu sv\u00e1tku, se ponese ve znamen\u00ed Svatov\u00e1clavsk\u00fdch hod\u016f \u010di slavnost\u00ed. Mimon\u011b v\u0161ak st\u00e1le v\u00fdb\u011br z\u016fst\u00e1v\u00e1 pestr\u00fd. Den\u00edk pro v\u00e1s vybral ty nejzaj\u00edmav\u011bj\u0161\u00ed.<\/p>\n<p><strong>Skanzen l\u00e1k\u00e1 na Svatov\u00e1clavsk\u00e9 hody<\/strong><\/p>\n<p>Kdy: sobota od 9 do 17 hodin Kde: are\u00e1l D\u0159ev\u011bn\u00e9ho m\u011bste\u010dka ve Vala\u0161sk\u00e9m muzeu v p\u0159\u00edrod\u011b v Ro\u017enov\u011b pod Radho\u0161t\u011bm<br \/>\nCelodenn\u00ed Svatov\u00e1clavsk\u00e9 hody se uskute\u010dn\u00ed v sobotu v D\u0159ev\u011bn\u00e9m m\u011bste\u010dku ve Vala\u0161sk\u00e9m muzeu v p\u0159\u00edrod\u011b v Ro\u017enov\u011b pod Radho\u0161t\u011bm. N\u00e1v\u0161t\u011bvn\u00edci budou moci v muzejn\u00edch hospod\u00e1ch ochutnat tradi\u010dn\u00ed hodov\u00e1 j\u00eddla, p\u0159ipraven\u00e1 podle receptur vala\u0161sk\u00fdch kucha\u0159ek. &#8222;Hospoda Na posledn\u00edm gro\u0161i p\u0159iprav\u00ed \u010dty\u0159chodov\u00e9 menu, kdy z\u00e1kladem bude husa ve v\u0161ech podob\u00e1ch, p\u0159\u00edpadn\u011b dietn\u011bj\u0161\u00ed maso. Nebude chyb\u011bt sladk\u00e1 te\u010dka na z\u00e1v\u011br,&#8220; uvedla hospodsk\u00e1 Kate\u0159ina R\u016f\u010dkov\u00e1.<br \/>\nVe Va\u0161kov\u011b hospod\u011b bude na gurm\u00e1ny rovn\u011b\u017e \u010dekat husa ve v\u0161ech podob\u00e1ch. P\u0159i jej\u00ed p\u0159\u00edprav\u011b ov\u0161em kucha\u0159i nav\u00edc vyu\u017eij\u00ed sezonn\u00edho ovoce, tedy hru\u0161ek \u010di \u0161vestek. Ve st\u00e1nc\u00edch v are\u00e1lu D\u0159ev\u011bn\u00e9ho m\u011bste\u010dka budou ke koupi tak\u00e9 kvalitn\u00ed v\u00edna \u010di bur\u010d\u00e1k, sladkosti a dal\u0161\u00ed dobroty. V doprovodn\u00e9m kulturn\u00edm programu se p\u0159\u00edchoz\u00edm p\u0159edstav\u00ed Dechov\u00e1 hudba Vala\u0161ka z Vala\u0161sk\u00fdch Klobouk a cimb\u00e1lov\u00e1 muzika Radho\u0161\u0165 i folklorn\u00ed soubor Vala\u0161sk\u00fd vojvoda z Kozlovic.<\/p>\n<p><strong>Zem\u00e1kov\u00e9 odpoledne chystaj\u00ed v Karlovic\u00edch<\/strong><\/p>\n<p>Kdy: sobota od 10 do 17 hodin Kde: u muzea ve Velk\u00fdch Karlovic\u00edch Zv\u011b\u0159inu, jablka, ale i brambory. Tyto typicky podzimn\u00ed pochutiny budou moci ochutnat n\u00e1v\u0161t\u011bvn\u00edci Velk\u00fdch Karlovic. Veden\u00ed m\u011bsta tam toti\u017e p\u0159ipravilo svatov\u00e1clavsk\u00fd den spojen\u00fd s tradi\u010dn\u00edmi podzimn\u00edmi kulin\u00e1\u0159sk\u00fdmi specialitami, jarmarkem, v\u00fdstavou i sout\u011b\u017eemi.<br \/>\nKarlov\u0161t\u00ed nejsou \u017e\u00e1dn\u00ed tro\u0161ka\u0159i. V okol\u00ed muzea toti\u017e na sobotu p\u0159ichystali hned t\u0159i akce. Dopoledne za\u010dne Svatov\u00e1clavsk\u00fd den. &#8222;Vystoup\u00ed na n\u011bm cimb\u00e1lov\u00e1 muzika, prod\u00e1vat se budou tak\u00e9 \u0159emesln\u00e9 v\u00fdrobky,&#8220; pozvala na akci Dagmar Stoklasov\u00e1 z informa\u010dn\u00edho centra ve Velk\u00fdch Karlovic\u00edch.<br \/>\nOdpoledne v prostoru muzea pak po\u0159adatel\u00e9 zah\u00e1j\u00ed v\u00fdstavu Myslivost \u2013 kon\u00ed\u010dek i povol\u00e1n\u00ed, jej\u00ed\u017e sou\u010d\u00e1st\u00ed bude tak\u00e9 odborn\u00e1 p\u0159edn\u00e1\u0161ka. &#8222;P\u0159i t\u00e9to p\u0159\u00edle\u017eitosti budeme prod\u00e1vat nap\u0159\u00edklad zv\u011b\u0159inov\u00e9 speciality,&#8220; podotkla Dagmar Stoklasov\u00e1.<br \/>\nVe stodole se zase odehraje Zem\u00e1kov\u00fd den. Jeho organiz\u00e1to\u0159i tak\u00e9 letos pot\u011b\u0161\u00ed hlavn\u011b d\u011bti. P\u0159ipravili si toti\u017e z\u00e1bavn\u00e9 sout\u011b\u017ee i bramborov\u00e9 hr\u00e1tky. &#8222;D\u011bti budou vyr\u00e1b\u011bt nap\u0159\u00edklad raz\u00edtka z brambor, dosp\u011bl\u00ed zase mohou ochutn\u00e1vat bramborov\u00e9 speciality,&#8220; nal\u00e1kala na akci Dagmar Stoklasov\u00e1. Program Svatov\u00e1clavsk\u00e9ho dne v Karlovic\u00edch potrv\u00e1 od 10 do 17 hodin.<\/p>\n<p><strong>Na Sala\u0161i vystav\u00ed unik\u00e1tn\u00ed houbov\u00e9 \u00falovky<\/strong><\/p>\n<p>Kdy: sobota od 13 do 18 a ned\u011ble od 10 do 18 hodin<br \/>\nKde: hospody Na Ml\u00fdn\u011b na Sala\u0161i<br \/>\nZ\u00e1\u0159ijov\u00e9 dny houba\u0159\u016fm p\u0159ej\u00ed. Radost z toho m\u00e1 sedmn\u00e1cti\u010dlenn\u00fd Mykologick\u00fd klub v Sala\u0161i, kter\u00fd uspo\u0159\u00e1d\u00e1 o posledn\u00edm z\u00e1\u0159ijov\u00e9m v\u00edkendu v are\u00e1lu tamn\u00ed hospody Na Ml\u00fdn\u011b VII. ro\u010dn\u00edk v\u00fdstavy hub. Jedl\u00fdch, nejedl\u00fdch i jedovat\u00fdch. &#8222;P\u0159esto\u017ee p\u0159ed lo\u0148skou v\u00fdstavou byla houba\u0159sk\u00e1 sezona velice \u0161patn\u00e1 a lid\u00e9 se z lesa dom\u016f vraceli s pr\u00e1zdn\u00fdmi ko\u0161\u00edky, se\u0161lo se n\u00e1m v expozici sto \u0161edes\u00e1t druh\u016f hub. V dosavadn\u00ed \u0161estilet\u00e9 historii v\u00fdstav to byl rekordn\u00ed po\u010det. Uvid\u00edme, zda se n\u00e1m jej poda\u0159\u00ed poko\u0159it,&#8220; poznamenala Alena Fil\u00edpkov\u00e1, zakladatelka a m\u00edstop\u0159edsedkyn\u011b mykologick\u00e9ho klubu.<br \/>\nV\u00fdstava hub bude pro ve\u0159ejnost otev\u0159ena v sobotu od 13 do 18 hodin,v ned\u011bli od 10 do 18 hodin. Pouze pro \u0161koly pak i v pond\u011bl\u00ed od 8 do 14 hodin. N\u00e1v\u0161t\u011bvn\u00edci rovn\u011b\u017e budou moct v r\u00e1mci houba\u0159sk\u00e9 poradny pokl\u00e1dat zku\u0161en\u00fdm mykolog\u016fm v\u0161ete\u010dn\u00e9 dotazy.<\/p>\n<p><strong>Jable\u010dn\u00e1 slavnost v Host\u011bt\u00edn\u011b<\/strong><\/p>\n<p>Kdy: ned\u011ble od 11 hodin Kde: Host\u011bt\u00edn Jable\u010dnou slavnost\u00ed o\u017eije v ned\u011bli Host\u011bt\u00edn. N\u00e1v\u0161t\u011bvn\u00edci obce mohou letos u\u017e po dvan\u00e1ct\u00e9 ochutnat jable\u010dn\u00e9 mou\u010dn\u00edky, ovocn\u00fd mo\u0161t nebo su\u0161en\u00e9 ovoce. &#8222;C\u00edlem akce je podpora m\u00edstn\u00edch p\u011bstitel\u016f ovoce, jeho tradi\u010dn\u00edch b\u011blokarpatsk\u00fdch odr\u016fd a region\u00e1ln\u00ed zna\u010dky Tradice B\u00edl\u00fdch Karpat,&#8220; uvedla za organiz\u00e1tory Hana Mach\u016f. V 11 hodin za\u010dne na n\u00e1vsi jarmark, na kter\u00e9m se p\u0159edstav\u00ed z\u00e1stupci tradi\u010dn\u00edch \u0159emesel a zem\u011bd\u011blci. L\u00e1kadlem slavnost\u00ed je v\u017edy p\u0159ehl\u00eddka jable\u010dn\u00fdch mou\u010dn\u00edk\u016f m\u00edstn\u00edch hospodyn\u011bk. Vystaven\u00e9 expon\u00e1ty si lid\u00e9 mohou odpoledne koupit. Vystaveny budou i star\u00e9 a krajov\u00e9 odr\u016fdy ovoce, z\u00e1jemci mohou vyu\u017e\u00edt ovocn\u00e1\u0159sk\u00e9 poradenstv\u00ed a koupit si \u010derstv\u00e9 i su\u0161en\u00e9 ovoce.<br \/>\nV are\u00e1lu mo\u0161t\u00e1rny mohou n\u00e1v\u0161t\u011bvn\u00edci ochutnat bio n\u00e1poje, nap\u0159\u00edklad \u010derstv\u00fd jable\u010dn\u00fd mo\u0161t. Vedle ovocn\u00fdch pokrm\u016f budou ke koupi jehn\u011b\u010d\u00ed steaky, klob\u00e1sy, gul\u00e1\u0161 a sal\u00e1ty. Po\u0159adatel\u00e9 chystaj\u00ed ekologickou poradnu pro dom\u00e1cnost a prohl\u00eddky modelov\u00fdch ekologick\u00fdch projekt\u016f. Ka\u017ed\u00fd, kdo do Host\u011bt\u00edna doraz\u00ed p\u011b\u0161ky, na kole nebo vlakem, dostane skleni\u010dku mo\u0161tu zdarma.<\/p>\n<p><strong>Hody v Kunovic\u00edch s vozen\u00edm berana<\/strong><\/p>\n<p>Kdy: p\u00e1tek a\u017e ned\u011ble Kde: Kunovice Tradi\u010dn\u00ed hody s pr\u00e1vem se uskute\u010dn\u00ed od dne\u0161n\u00edho dne a\u017e do ned\u011ble v Kunovic\u00edch. Zah\u00e1j\u00ed je vernis\u00e1\u017e v klenbov\u00e9m s\u00e1le Pansk\u00e9ho dvora, zahraje cimb\u00e1lov\u00e1 muzika Kunovjan\u00e9. Na P\u00e1lenici pak v 19 hodin za\u010dne Hodov\u00e1 beseda u cimb\u00e1lu s cimb\u00e1lovou muzikou Lintava.<br \/>\nV sobotu po m\u0161i svat\u00e9 vyjde ve 14 hodin krojov\u00fd pr\u016fvod a sou\u010dasn\u011b za\u010dne Zp\u00edv\u00e1n\u00ed u radnice (cimb\u00e1lov\u00e1 muzika Kunovjan\u00e9, Mu\u017esk\u00fd sbor z Kunovic a host\u00e9) a na n\u00e1dvo\u0159\u00ed Pansk\u00e9ho dvora budou zv\u00e1t do vinn\u00e9ho sklepa cimb\u00e1lov\u00e9 muziky Pol&#8217;u\u0148 a Kasanka. Slovensk\u00e1 v\u00edna budete moci ve Slov\u00e1ck\u00e9m sklep\u011b ko\u0161tovat od 15 do 18 hodina na n\u00e1dvo\u0159\u00ed a ve sklep\u011b je v dob\u011b od 13 do 17 hodin p\u0159ipraven jarmark v\u00edn.<br \/>\nV 15 hodin pak bude v Pansk\u00e9m dvo\u0159e zah\u00e1jena v\u00fdstava prac\u00ed klient\u016f B\u011blinky a na n\u00e1dvo\u0159\u00ed bude koncertovat dechov\u00e1 hudba.<br \/>\n\u017d\u00e1d\u00e1n\u00ed o ud\u011blen\u00ed pr\u00e1va p\u0159ed radnic\u00ed se bude konat v 17 hodin a ve 20 hodin vypukne hodov\u00e1 z\u00e1bava s dechovou hudbou Hrad\u010dovjanka a cimb\u00e1lovou muzikou Mlad\u00ed Bur\u010d\u00e1ci.<br \/>\nNa ned\u011bli bude od 14 hodin p\u0159ipraveno vozen\u00ed berana, vyhr\u00e1vat bude cimb\u00e1lov\u00e1 muzika Lintava a hody zakon\u010d\u00ed po 20. hodin\u011b hodov\u00e9 dozvuky.<\/p>\n<p><strong>V Kostelanech bude retro j\u00edzda na kolech<\/strong><\/p>\n<p>Kdy: sobota 28. z\u00e1\u0159\u00ed 2013, 9.00 hodin Kde: motorest Na Honech Sdru\u017een\u00ed Ch\u0159iby po\u0159\u00e1d\u00e1 o v\u00edkendu u\u017e \u010dtvrt\u00fd ro\u010dn\u00edk akce P\u0159ejezd Ch\u0159ib\u016f na kolech star\u0161\u00ed v\u00fdroby. Sraz v\u0161ech \u00fa\u010dastn\u00edk\u016f je z\u00edtra v dev\u011bt hodin r\u00e1no u motorestu Na samot\u011b.<br \/>\n&#8222;Odtud vyraz\u00edme spole\u010dn\u011b p\u0159es Brdo a Bun\u010d na Ran\u010d Kostelany,&#8220; popsal za organiz\u00e1tory starosta Kostelan na Krom\u011b\u0159\u00ed\u017esku Jan Pet\u0159\u00edk.<br \/>\nAkce v recesistick\u00e9m duchu m\u00e1 povzbudit cyklisty, aby vyt\u00e1hli sv\u00e1 star\u00e1 kola a dobov\u00e9 oble\u010den\u00ed a spole\u010dn\u011b se pobavili. &#8222;Letos bude trasa mo\u017en\u00e1 tro\u0161ku n\u00e1ro\u010dn\u011bj\u0161\u00ed kv\u016fli ter\u00e9nn\u00edm pracem, bude mo\u017en\u00e1 lep\u0161\u00ed nechat tentokr\u00e1t d\u011bti doma,&#8220; upozor\u0148uje starosta a jedn\u00edm dechem dodal, \u017ee se ale rozhodn\u011b nen\u00ed \u010deho b\u00e1t.<br \/>\nOb\u010derstven\u00ed b\u011bhem j\u00edzdy i v c\u00edli je zaji\u0161t\u011bno a pro nejstylov\u011bji oble\u010den\u00e9 cyklisty jsou p\u0159ipraveny v neposledn\u00ed \u0159ad\u011b i zaj\u00edmav\u00e9 ceny.<\/p>\n<p>DEN\u00cdK<br \/>\n<strong>Kapely \u010cechomor a The Tap Tap zahraj\u00ed pro dobrou v\u011bc<\/strong><\/p>\n<p>Horn\u00ed Po\u010dernice \u2013 Sdru\u017een\u00ed \u0160ance pro Po\u010dernice dnes po\u0159\u00e1d\u00e1 charitativn\u00ed koncert na Chvalsk\u00e9 tvrzi. Vystoup\u00ed hudebn\u00ed skupina \u010cechomor, kter\u00e1 m\u00e1 za sebou p\u011btadvacet let existence a t\u00e9m\u011b\u0159 dvacet vydan\u00fdch alb. Jako p\u0159edkapela vystoup\u00ed skupina The Tap Tap, kter\u00e1 je tvo\u0159ena p\u0159ev\u00e1\u017en\u011b z muzikant\u016f se zdravotn\u00edm posti\u017een\u00edm. Cel\u00fd v\u00fdt\u011b\u017eek koncertu bude v\u011bnov\u00e1n na charitativn\u00ed \u00fa\u010dely pro Jedli\u010dk\u016fv \u00fastav, Pomocn\u00e9 tlapky o.p.s. a Nada\u010dn\u00ed fond \u0160ance.<\/p>\n<p>&nbsp;<\/p>\n<p><strong><span style=\"font-size: large;\">SVATOV\u00c1CLAVSK\u00c9 SLAVNOSTI 2013<br \/>\n<\/span><span style=\"font-size: medium;\">22. mezin\u00e1rodn\u00ed festival duchovn\u00edho um\u011bn\u00ed<\/span><br \/>\n28.9.2013<br \/>\nPRAHA \/\u00a0OSEK \/ MILEVSKO<br \/>\n<a href=\"http:\/\/www.svatovaclavske.cz\/\">www.svatovaclavske.cz<\/a><br \/>\n<\/strong><\/p>\n<p>Klasick\u00e1 hudba, star\u00e1 hudba, byzantsk\u00e9 zp\u011bvy, jazz nebo gospely, ale i pou\u0165 do malebn\u00e9ho kl\u00e1\u0161tera v H\u00e1jku, nebo n\u00e1v\u0161t\u011bva vzd\u00e1len\u011bj\u0161\u00edho Oseka a Milevska &#8211; to jsou Svatov\u00e1clavsk\u00e9 slavnosti 2013, mezin\u00e1rodn\u00ed festival duchovn\u00edho um\u011bn\u00ed, po\u0159\u00e1dan\u00fd po dvac\u00e1t\u00e9 druh\u00e9 Spole\u010dnost\u00ed pro duchovn\u00ed hudbu.<br \/>\nOd 31. srpna do 28. z\u00e1\u0159\u00ed prob\u011bhne v (nejen) pra\u017esk\u00fdch sakr\u00e1ln\u00edch prostor\u00e1ch celkem patn\u00e1ct ve\u010dern\u00edch setk\u00e1n\u00ed s \u017eiv\u00fdmi kulturami Evropy i vzd\u00e1len\u011bj\u0161\u00edch oblast\u00ed &#8211; um\u011bn\u00ed, kter\u00e9 nab\u00edz\u00ed dostatek prostoru pro zamy\u0161len\u00ed, odpo\u010dinek \u010di meditaci. Festival krom\u011b\u00a0koncert\u016f zahrnuje i\u00a0liturgick\u00e9 akce,\u00a0nap\u0159\u00edklad ve dnech sv\u00e1tk\u016f sv. Ludmily a sv. V\u00e1clava, od nich\u017e je cel\u00e1 festivalov\u00e1 tradice historicky odvozena, na v\u00fdznamn\u00fdch m\u00edstech \u010desk\u00fdch d\u011bjin.<\/p>\n<p><strong>Zlevn\u011bn\u00e9 vstupn\u00e9 pro studenty, seniory\u00a0je mo\u017en\u00e9 uplatnit p\u0159i on-line n\u00e1kupu v n\u00e1kupn\u00edm ko\u0161\u00edku nastaven\u00edm slevy stejn\u011b jako p\u0159i n\u00e1kupu na v\u0161ech\u00a0prodejn\u00edch m\u00edstech s\u00edt\u011b Ticketportal.<\/strong><\/p>\n<p>Info ZTP a ZTP\/P:<br \/>\nDr\u017eitel pr\u016fkazu ZTP nebo ZTP\/P m\u00e1 n\u00e1rok na slevu ve v\u00fd\u0161i 50% ze vstupn\u00e9ho\u00a0dle platn\u00e9ho cen\u00edku.<\/p>\n<h2>Svatov\u00e1clavsk\u00e1 tradice v \u010cesk\u00e9m Krumlov\u011b<\/h2>\n<p>12. ro\u010dn\u00edk Svatov\u00e1clavsk\u00fdch slavnost\u00ed 27. &#8211; 29. 9. 2013 se ponese v duchu pocty svat\u00e9mu V\u00e1clavovi, patronovi nejen \u010desk\u00e9 zem\u011b, ale i m\u011bsta \u010cesk\u00fd Krumlov. V programov\u00e9 nab\u00eddce slavnost\u00ed nebude chyb\u011bt tradi\u010dn\u00ed zp\u011bv a tanec inspirovan\u00fd folkl\u00f3rem, obl\u00edben\u00e1 noc otev\u0159en\u00fdch muze\u00ed a galeri\u00ed, dobov\u00e1 kuchyn\u011b \u010di svatov\u00e1clavsk\u00fd jarmark. Do programu slavnost\u00ed je ji\u017e pot\u0159in\u00e1ct\u00e9 za\u0159azen Mezin\u00e1rodn\u00ed folkl\u00f3rn\u00ed festival \u010cesk\u00fd Krumlov, kter\u00fd roztan\u010d\u00ed historick\u00e9 uli\u010dky a z\u00e1kout\u00ed m\u011bsta. Pro odv\u00e1\u017en\u011bj\u0161\u00ed n\u00e1v\u0161t\u011bvn\u00edky bude po cel\u00e9 t\u0159i dny v provozu adrenalinov\u00e1 lanov\u00e1 dr\u00e1ha z parku za M\u011bstsk\u00fdm divadlem. Na programu je d\u00e1le tradi\u010dn\u00ed setk\u00e1n\u00ed v\u0161ech V\u00e1clav\u016f a V\u00e1clavek, koncerty (Cig\u00e1nski Diabli (SK), Abigail, \u0160vejk Band, Dy\u0161kanti,&#8230;), obl\u00edben\u00fd vinn\u00fd dv\u016fr, divadeln\u00ed prohl\u00eddky v Museu Fotoatelier Seidel, prohl\u00eddky m\u011bsta a mnoho dal\u0161\u00edho&#8230;<\/p>\n<h2><\/h2>\n<h2>V\u00edkend zve na festival d\u0159eva, oslavy v\u00edna i sv. V\u00e1clava<\/h2>\n<p><strong>SEVERN\u00cd \u010cECHY<\/strong> Posledn\u00ed z\u00e1\u0159ijov\u00fd v\u00edkend zve na vinobran\u00ed, oslavy sv\u00e1tku svat\u00e9ho V\u00e1clava \u010di ovocn\u00e1\u0159skou v\u00fdstavu.<\/p>\n<p>1. Na \u017eernoseck\u00e9 vinobran\u00ed doraz\u00ed i kr\u00e1l Karel IV.<br \/>\nVe Velk\u00fdch \u017dernosek\u00e1ch se dnes od 17 hodin otev\u00edraj\u00ed vina\u0159sk\u00e9 \u0161enky a st\u00e1nky, za\u010d\u00edn\u00e1 zde toti\u017e tradi\u010dn\u00ed vinobran\u00ed. Hlavn\u00ed program v\u0161ak za\u010dne z\u00edtra v 11 hodin, kdy bude po\u017eehn\u00e1no v\u00edno. Ve 14 hodin se vyd\u00e1 na cestu obc\u00ed historick\u00fd vina\u0159sk\u00fd pr\u016fvod, v jeho\u017e \u010dele budou kr\u00e1l Karel IV. a b\u016fh v\u00edna Bakchus. Sout\u011b\u017ee, poh\u00e1dky a p\u00edsni\u010dky jsou p\u0159ichyst\u00e1ny na d\u011btsk\u00e9m podiu. V 19 hodin za\u010d\u00edn\u00e1 v m\u00edstn\u00edm kulturn\u00edm dom\u011b tane\u010dn\u00ed z\u00e1bava. Vstupn\u00e9 je 100 korun.<br \/>\n2. Svatov\u00e1clavsk\u00e9 oslavy ve skanzenu Star\u00e1 Ves Chomutovsk\u00fd zoopark z\u00edtra od 14 do 18 hodin oslav\u00ed sv\u00e1tek sv. V\u00e1clava. O hudebn\u00ed doprovod se postaraj\u00ed folklorn\u00ed soubory Jirkov\u00e1k, Kru\u0161nohor a country kapela Makovec. D\u011bti si u\u017eij\u00ed historick\u00fd koloto\u010d, povoz\u00ed se i na kon\u00edch nebo traktoru. N\u00e1v\u0161t\u011bvn\u00edci uvid\u00ed uk\u00e1zky zpracov\u00e1n\u00ed vlny, tkalcovstv\u00ed, dr\u00e1tkov\u00e1n\u00ed a \u0159adu v\u011bc\u00ed si mohou vyzkou\u0161et v d\u00edln\u00e1ch. Dosp\u011bl\u00ed zaplat\u00ed 60 korun, d\u011bti 30.<br \/>\n3. Podzimn\u00ed ovocn\u00e1\u0159sk\u00e1 v\u00fdstava v \u017datci \u017dateck\u00e9 region\u00e1ln\u00ed muzeum K. A. Pol\u00e1nka se rozhodlo nav\u00e1zat na v\u00edce jak sto let starou tradici ovocn\u00e1\u0159sk\u00fdch v\u00fdstav v K\u0159\u00ed\u017eov\u011b vile, ji\u017e spravuje. Prvn\u00ed obnoven\u00fd ro\u010dn\u00edk prob\u011bhne dnes a z\u00edtra od 10 do 17 hodin. V\u00fdstava p\u0159edstav\u00ed r\u016fzn\u00e9 odr\u016fdy jablek, hru\u0161ek, a \u0161vestek. Prob\u011bhne tak\u00e9 sout\u011b\u017e o nejkr\u00e1sn\u011bj\u0161\u00ed jablko a nebude chyb\u011bt ani degustace mo\u0161t\u016f a cideru. Vstup je 30 korun.<br \/>\n4. Oslavy v\u00edna v kada\u0148sk\u00e9m franti\u0161k\u00e1nsk\u00e9m kl\u00e1\u0161te\u0159e V zahrad\u00e1ch kada\u0148sk\u00e9ho franti\u0161k\u00e1nsk\u00e9ho kl\u00e1\u0161tera se z\u00edtra od 10 do 20 hodin uskute\u010dn\u00ed Svatov\u00e1clavsk\u00e9 vinobran\u00ed. Lid\u00e9 mohou okusit v\u00edna z kl\u00e1\u0161tern\u00ed vinice. Oslav\u00e1m v\u00edna p\u0159edch\u00e1z\u00ed bohoslu\u017eba, kter\u00e1 za\u010dne v 9 hodin. O hodinu pozd\u011bji akci zah\u00e1j\u00ed vystoupen\u00ed kapel Ko\u0148aboj, Linda a Vonica. Vstup je 30 korun.<br \/>\n5. Svat\u00e9ho V\u00e1clava oslav\u00ed tak\u00e9 v B\u00edlce pod Mile\u0161ovkou Svatov\u00e1clavskou slavnost po\u0159\u00e1daj\u00ed i v B\u00edlce pod Mile\u0161ovkou. Prob\u011bhne z\u00edtra od 14 hodin. B\u011bhem dne se dozv\u00edte n\u011bco o svat\u00e9m V\u00e1clavu, usly\u0161\u00edte koncerty Brixiho a komorn\u00edho souboru, s programem \u010clov\u011bk a krajina vystoup\u00ed Divadlo V Pytli. D\u011bti se pobav\u00ed p\u0159i malov\u00e1n\u00ed na obli\u010dej a j\u00edzd\u011b na kon\u00edch. V 11 hodin za\u010d\u00edn\u00e1 proch\u00e1zka kolem Mile\u0161ovky s odborn\u00fdm v\u00fdkladem o ochran\u011b p\u0159\u00edrody. 6. D\u0159evorubeck\u00e1 show v \u00fasteck\u00e9m letn\u00edm kin\u011b \u00dasteck\u00e9 letn\u00ed kino host\u00ed z\u00edtra od 12 hodin 2. ro\u010dn\u00edk Festivalu d\u0159eva, kter\u00fd po\u0159\u00e1daj\u00ed Lesy \u010cR. Nejv\u011bt\u0161\u00ed severo\u010desk\u00e1 d\u0159evorubeck\u00e1 show nab\u00eddne t\u0159eba pozn\u00e1v\u00e1n\u00ed p\u0159\u00edrodn\u00edch plod\u016f (\u0161i\u0161ek i d\u0159eva) nebo p\u0159edstaven\u00ed myslivosti. Pro d\u011bti je p\u0159ichyst\u00e1no puzzle, pavou\u010d\u00ed s\u00ed\u0165 nebo malov\u00e1n\u00ed na obli\u010dej.<\/p>\n<p>Mlad\u00e1 fronta DNES<\/p>\n","protected":false},"excerpt":{"rendered":"<div class=\"mh-excerpt\"><p>Svat\u00fd V\u00e1clav je patronem nejen zem\u011b \u010desk\u00e9, ale i pivovarn\u00edk\u016f a vina\u0159\u016f, co\u017e p\u0159ipom\u00ednaj\u00ed tradi\u010dn\u00ed podzimn\u00ed slavnosti, nab\u00edzej\u00edc\u00ed vedle kulturn\u00edch i gastronomick\u00e9 z\u00e1\u017eitky. Slavnost\u00ed, kter\u00e9 <a class=\"mh-excerpt-more\" href=\"https:\/\/www.invarena.cz\/?p=11123\" title=\"Svatov\u00e1clavsk\u00e9 slavnosti\">[&#8230;]<\/a><\/p>\n<\/div>","protected":false},"author":1,"featured_media":8672,"comment_status":"open","ping_status":"open","sticky":false,"template":"","format":"standard","meta":{"footnotes":""},"categories":[17],"tags":[],"class_list":["post-11123","post","type-post","status-publish","format-standard","has-post-thumbnail","hentry","category-kultura"],"_links":{"self":[{"href":"https:\/\/www.invarena.cz\/index.php?rest_route=\/wp\/v2\/posts\/11123","targetHints":{"allow":["GET"]}}],"collection":[{"href":"https:\/\/www.invarena.cz\/index.php?rest_route=\/wp\/v2\/posts"}],"about":[{"href":"https:\/\/www.invarena.cz\/index.php?rest_route=\/wp\/v2\/types\/post"}],"author":[{"embeddable":true,"href":"https:\/\/www.invarena.cz\/index.php?rest_route=\/wp\/v2\/users\/1"}],"replies":[{"embeddable":true,"href":"https:\/\/www.invarena.cz\/index.php?rest_route=%2Fwp%2Fv2%2Fcomments&post=11123"}],"version-history":[{"count":0,"href":"https:\/\/www.invarena.cz\/index.php?rest_route=\/wp\/v2\/posts\/11123\/revisions"}],"wp:featuredmedia":[{"embeddable":true,"href":"https:\/\/www.invarena.cz\/index.php?rest_route=\/wp\/v2\/media\/8672"}],"wp:attachment":[{"href":"https:\/\/www.invarena.cz\/index.php?rest_route=%2Fwp%2Fv2%2Fmedia&parent=11123"}],"wp:term":[{"taxonomy":"category","embeddable":true,"href":"https:\/\/www.invarena.cz\/index.php?rest_route=%2Fwp%2Fv2%2Fcategories&post=11123"},{"taxonomy":"post_tag","embeddable":true,"href":"https:\/\/www.invarena.cz\/index.php?rest_route=%2Fwp%2Fv2%2Ftags&post=11123"}],"curies":[{"name":"wp","href":"https:\/\/api.w.org\/{rel}","templated":true}]}}