{"id":11134,"date":"2013-09-29T10:57:53","date_gmt":"2013-09-29T08:57:53","guid":{"rendered":"http:\/\/www.invarena.cz\/?p=11134"},"modified":"2013-09-29T11:25:33","modified_gmt":"2013-09-29T09:25:33","slug":"kromerizske-muzeum-vystavuje-dila-psychicky-nemocnych-lidi","status":"publish","type":"post","link":"https:\/\/www.invarena.cz\/?p=11134","title":{"rendered":"Krom\u011b\u0159\u00ed\u017esk\u00e9 muzeum vystavuje d\u00edla psychicky nemocn\u00fdch lid\u00ed"},"content":{"rendered":"<p><strong>Muzeum Krom\u011b\u0159\u00ed\u017eska v Galerii v podloub\u00ed otev\u0159elo v\u00fdstavu Um\u011bn\u00ed je stav du\u0161e. Autory t\u00e9m\u011b\u0159 100 maleb, kreseb, grafik jsou klienti Psychiatrick\u00e9 nemocnice v Krom\u011b\u0159\u00ed\u017ei, kte\u0159\u00ed je vytvo\u0159ili v ateli\u00e9ru arteterapie Em\u00edlie Rudolfov\u00e9, je\u017e je z\u00e1rove\u0148 kur\u00e1torkou expozice.<\/strong> <!--more--><\/p>\n<p>Arteterapie umo\u017e\u0148uje klientovi beze slov, v\u00fdtvarn\u00fdmi prost\u0159edky, vyj\u00e1d\u0159it jeho tr\u00e1pen\u00ed, p\u0159ehodnotit jeho chyby a zm\u011bnit \u00fahel pohledu na vlastn\u00ed \u017eivotn\u00ed p\u0159\u00edb\u011bh. V\u00fdtvarn\u00e9 um\u011bn\u00ed je tak prost\u0159edkem pozn\u00e1n\u00ed a ovlivn\u011bn\u00ed lidsk\u00e9 psychiky. Rudolfov\u00e1 se arteterapii v\u011bnuje t\u0159i desetilet\u00ed, od roku 1993 pak funguje v krom\u011b\u0159\u00ed\u017esk\u00e9 l\u00e9\u010debn\u011b ateli\u00e9r arteterapie, kter\u00fdm za tuto dobu pro\u0161ly stovky lid\u00ed z cel\u00e9 zem\u011b.<\/p>\n<p>&#8222;M\u00e1m terapii postavenou na vztahu. Pokud se n\u011bkdo domn\u00edv\u00e1, \u017ee arteterapie je namalovan\u00fd obr\u00e1zek na st\u011bn\u011b, je to \u0161patn\u011b pochopen\u00fd princip. Ten dosp\u011bl\u00fd \u010dlov\u011bk je uvnit\u0159 velmi zran\u011bn\u00fd a uplakan\u00fd. \u010casto se st\u00e1v\u00e1, \u017ee nemluv\u00ed, nijak se neprojevuje, sed\u00ed a pouze pozoruje. \u010cas otev\u0159en\u00ed je pro ka\u017ed\u00e9ho jin\u00fd, u n\u011bkoho je to t\u00fdden, u jin\u00e9ho dva nebo i del\u0161\u00ed \u010das,&#8220; \u0159ekla \u010cTK Rudolfov\u00e1. V\u00fdtvarn\u00fd projev nen\u00ed zdaleka na prvn\u00edm m\u00edst\u011b.<\/p>\n<p>&#8222;Doktory nezaj\u00edm\u00e1, jestli klient r\u00e1d maluje, pos\u00edlaj\u00ed mi je na o\u0161et\u0159en\u00ed. J\u00e1 do toho vztahu vstupuji s nab\u00eddkou terapeutick\u00e9ho procesu. Na jeho z\u00e1klad\u011b pak vznikaj\u00ed v\u00fdtvarn\u00e9 pr\u00e1ce, jejich\u017e obsahy jsou velmi siln\u00e9. Nevznikly by v\u0161ak, kdyby ke mn\u011b klienti nem\u011bli d\u016fv\u011bru,&#8220; uvedla Rudolfov\u00e1 s t\u00edm, \u017ee klient\u016fm nab\u00edz\u00ed probuzen\u00ed. &#8222;Aby se nechovali, jako\u017ee sp\u00ed a donekone\u010dna se nevymlouvali, &#8218;obalovali&#8216; se slovy, kter\u00e1 jsou \u010dasto v rozporu s t\u00edm, co sd\u011bluj\u00ed a co vid\u00edm ve vytvo\u0159en\u00e9m d\u00edle,&#8220; dodala.<\/p>\n<p>V ateli\u00e9ru se st\u0159\u00eddaj\u00ed lid\u00e9 nejr\u016fzn\u011bj\u0161\u00edch profes\u00ed, nap\u0159\u00edklad prodava\u010dka, zdravotn\u00ed sestra, u\u010ditelka, studentka chemie, a dokonce i vystudovan\u00fd v\u00fdtvarn\u00edk. Jde o lidi s nejr\u016fzn\u011bj\u0161\u00edmi probl\u00e9my, kte\u0159\u00ed se nap\u0159\u00edklad sebepo\u0161kozuj\u00ed nebo jsou z\u00e1visl\u00ed na alkoholu \u010di na l\u00e9c\u00edch. Podle Rudolfov\u00e9 v posledn\u00edch dvou letech bohu\u017eel p\u0159ibylo ob\u011bt\u00ed dom\u00e1c\u00edho n\u00e1sil\u00ed, kde agresorem byl jeden z rodi\u010d\u016f.<\/p>\n<p>Dokladem, \u017ee arteterapie funguje, je i to, \u017ee b\u00fdval\u00ed klienti ateli\u00e9ru Em\u00edlie Rudolfov\u00e9 \u017eij\u00ed a da\u0159\u00ed se jim. N\u011bkte\u0159\u00ed se dokonce z\u00fa\u010dastnili dne\u0161n\u00ed vernis\u00e1\u017ee. V\u00fdstava m\u00e1 ale dopad i na n\u00e1v\u0161t\u011bvn\u00edky, kte\u0159\u00ed v malb\u00e1ch, kresb\u00e1ch \u010di plastik\u00e1ch \u010dasto pozn\u00e1vaj\u00ed i sv\u016fj \u017eivotn\u00ed p\u0159\u00edb\u011bh. Projekt, kter\u00fd je sv\u00fdm rozsahem a \u010detnost\u00ed ojedin\u011bl\u00fd i v r\u00e1mci Evropy, v krom\u011b\u0159\u00ed\u017esk\u00e9m muzeu potrv\u00e1 do 3. listopadu.<\/p>\n<p>&nbsp;<\/p>\n","protected":false},"excerpt":{"rendered":"<div class=\"mh-excerpt\"><p>Muzeum Krom\u011b\u0159\u00ed\u017eska v Galerii v podloub\u00ed otev\u0159elo v\u00fdstavu Um\u011bn\u00ed je stav du\u0161e. Autory t\u00e9m\u011b\u0159 100 maleb, kreseb, grafik jsou klienti Psychiatrick\u00e9 nemocnice v Krom\u011b\u0159\u00ed\u017ei, kte\u0159\u00ed <a class=\"mh-excerpt-more\" href=\"https:\/\/www.invarena.cz\/?p=11134\" title=\"Krom\u011b\u0159\u00ed\u017esk\u00e9 muzeum vystavuje d\u00edla psychicky nemocn\u00fdch lid\u00ed\">[&#8230;]<\/a><\/p>\n<\/div>","protected":false},"author":1,"featured_media":3357,"comment_status":"open","ping_status":"open","sticky":false,"template":"","format":"standard","meta":{"footnotes":""},"categories":[17],"tags":[],"class_list":["post-11134","post","type-post","status-publish","format-standard","has-post-thumbnail","hentry","category-kultura"],"_links":{"self":[{"href":"https:\/\/www.invarena.cz\/index.php?rest_route=\/wp\/v2\/posts\/11134","targetHints":{"allow":["GET"]}}],"collection":[{"href":"https:\/\/www.invarena.cz\/index.php?rest_route=\/wp\/v2\/posts"}],"about":[{"href":"https:\/\/www.invarena.cz\/index.php?rest_route=\/wp\/v2\/types\/post"}],"author":[{"embeddable":true,"href":"https:\/\/www.invarena.cz\/index.php?rest_route=\/wp\/v2\/users\/1"}],"replies":[{"embeddable":true,"href":"https:\/\/www.invarena.cz\/index.php?rest_route=%2Fwp%2Fv2%2Fcomments&post=11134"}],"version-history":[{"count":0,"href":"https:\/\/www.invarena.cz\/index.php?rest_route=\/wp\/v2\/posts\/11134\/revisions"}],"wp:featuredmedia":[{"embeddable":true,"href":"https:\/\/www.invarena.cz\/index.php?rest_route=\/wp\/v2\/media\/3357"}],"wp:attachment":[{"href":"https:\/\/www.invarena.cz\/index.php?rest_route=%2Fwp%2Fv2%2Fmedia&parent=11134"}],"wp:term":[{"taxonomy":"category","embeddable":true,"href":"https:\/\/www.invarena.cz\/index.php?rest_route=%2Fwp%2Fv2%2Fcategories&post=11134"},{"taxonomy":"post_tag","embeddable":true,"href":"https:\/\/www.invarena.cz\/index.php?rest_route=%2Fwp%2Fv2%2Ftags&post=11134"}],"curies":[{"name":"wp","href":"https:\/\/api.w.org\/{rel}","templated":true}]}}