{"id":11187,"date":"2013-09-30T14:18:25","date_gmt":"2013-09-30T12:18:25","guid":{"rendered":"http:\/\/www.invarena.cz\/?p=11187"},"modified":"2013-09-30T14:18:37","modified_gmt":"2013-09-30T12:18:37","slug":"na-lecebne-konopi-si-pockate-asi-az-do-konce-roku","status":"publish","type":"post","link":"https:\/\/www.invarena.cz\/?p=11187","title":{"rendered":"Na l\u00e9\u010debn\u00e9 konop\u00ed si po\u010dk\u00e1te asi a\u017e do konce roku"},"content":{"rendered":"<p><strong>Na l\u00e9\u010debn\u00e9 konop\u00ed si pacienti s rakovinou, roztrou\u0161enou skler\u00f3zou \u010di AIDS po\u010dkaj\u00ed asi a\u017e do konce roku. P\u016fvodn\u00ed pl\u00e1n byl v\u0161ak konec z\u00e1\u0159\u00ed. Podle l\u00e9kov\u00e9ho \u00fastavu se toti\u017e \u010dek\u00e1 na vyhl\u00e1\u0161ky, kter\u00e9 uprav\u00ed mj. fungov\u00e1n\u00ed registru, kam l\u00e9ka\u0159i budou hl\u00e1sit p\u0159edeps\u00e1n\u00ed l\u00e9ku a l\u00e9k\u00e1rn\u00edci v\u00fddej.<!--more--><\/strong><\/p>\n<p>Novela z\u00e1kona o u\u017eit\u00ed marihuany k l\u00e9\u010db\u011b plat\u00ed od dubna.<\/p>\n<p>Povolen\u00ed k dovozu l\u00e9\u010debn\u00e9ho konop\u00ed zat\u00edm \u017e\u00e1dn\u00e1 firma nem\u00e1. Konop\u00ed nab\u00edzej\u00ed konopn\u00e9 l\u00e9k\u00e1rny, podle l\u00e9k\u00e1rnick\u00e9 komory ale nejde o l\u00e9k.<\/p>\n<p>&#8222;Registr elektronick\u00fdch recept\u016f s omezen\u00edm se ov\u011b\u0159uje do konce z\u00e1\u0159\u00ed, pak dva a\u017e t\u0159i m\u011bs\u00edce potrv\u00e1, ne\u017e ho firmy zapracuj\u00ed do softwaru l\u00e9ka\u0159\u016f, l\u00e9k\u00e1rn\u00edk\u016f i nemocnic,&#8220; \u0159ekla ke zdr\u017een\u00ed mluv\u010d\u00ed l\u00e9kov\u00e9ho \u00fastavu Lucie \u0160ustkov\u00e1. P\u0159ipomn\u011bla, \u017ee firmy pot\u0159ebuj\u00ed povolen\u00ed k distribuci od \u00fastavu a povolen\u00ed k nakl\u00e1d\u00e1n\u00ed s n\u00e1vykov\u00fdmi l\u00e1tkami od ministerstva. Teprve pak mohou za\u010d\u00edt dov\u00e1\u017eet.<\/p>\n<p>L\u00e9\u010debn\u00e9 konop\u00ed bude jen pro dosp\u011bl\u00e9 a bude jen na elektronick\u00fd recept, tedy p\u0159edpis s omezen\u00edm. Po\u010d\u00edt\u00e1 se z dovozem z Nizozemska, od dubna p\u0159\u00ed\u0161t\u00edho roku by mohly za\u010d\u00edt p\u011bstovat l\u00e9\u010debn\u00e9 konop\u00ed tak\u00e9 \u010desk\u00e9 firmy.<\/p>\n<p>Legislativn\u00ed n\u00e1m\u011bstek ministra zdravotnictv\u00ed Martin Pl\u00ed\u0161ek \u0159ekl, \u017ee o povolen\u00ed k nakl\u00e1d\u00e1n\u00ed s omamn\u00fdmi a psychotropn\u00edmi l\u00e1tkami ve spojitosti s konop\u00edm po\u017e\u00e1dalo p\u011bt firem. Dv\u011b z nich po\u017e\u00e1daly o ud\u011blen\u00ed licence na dovoz l\u00e9\u010debn\u00e9ho konop\u00ed ze zahrani\u010d\u00ed. Spr\u00e1vn\u00ed \u0159\u00edzen\u00ed bylo p\u0159eru\u0161eno, bude pokra\u010dovat v \u0159\u00edjnu, uvedl.<\/p>\n<p>L\u00e9k\u00e1rnick\u00e1 komora se kv\u016fli konop\u00ed dostala do sporu s konopn\u00fdmi l\u00e9k\u00e1rnami, pr\u00fd zneu\u017e\u00edvaj\u00ed n\u00e1zvu &#8222;l\u00e9k\u00e1rna&#8220; a jejich v\u00fdrobky nespadaj\u00ed do kategorie l\u00e9\u010div. Z\u00e1stupci konopn\u00e9 l\u00e9k\u00e1rny k tomu uvedli, \u017ee nevyd\u00e1vaj\u00ed p\u0159\u00edpravky z konop\u00ed za l\u00e9ky a p\u0159i prodeji informuj\u00ed, \u017ee konopn\u00e1 mast m\u00e1 schv\u00e1len\u00ed jako zdravotnick\u00fd prost\u0159edek. Z\u00e1kon podle nich umo\u017e\u0148uje u\u017e\u00edt n\u00e1zev l\u00e9k\u00e1rna komukoli, co\u017e komora nezpochybnila.<\/p>\n<p>Ke konop\u00ed up\u00edr\u00e1 nad\u011bje \u0159ada pacient\u016f. Tak\u00e9 n\u011bkte\u0159\u00ed l\u00e9ka\u0159i podporuj\u00ed, aby pacienti u\u017e\u00edvali konop\u00ed na potla\u010den\u00ed doprovodn\u00fdch p\u0159\u00edznak\u016f nemoci, nap\u0159\u00edklad na nechutenstv\u00ed, ztuhlost sval\u016f, t\u0159as \u010di bolest.<\/p>\n<p>P\u0159edseda \u010cesk\u00e9 onkologick\u00e9 spole\u010dnosti profesor Ji\u0159\u00ed Vorl\u00ed\u010dek je k l\u00e9\u010debn\u00e9mu vyu\u017eit\u00ed marihuany v onkologie skeptick\u00fd. &#8222;Soud\u00edm, \u017ee nepot\u0159ebujeme marihuanu k l\u00e9\u010den\u00ed onkologick\u00fdch probl\u00e9m\u016f a onkologick\u00e9 bolesti. M\u00e1me dost jin\u00fdch prost\u0159edk\u016f,&#8220; \u0159ekl.<\/p>\n<p>V\u00ed, \u017ee n\u011bkte\u0159\u00ed pacienti vid\u00ed v l\u00e9\u010debn\u00e9m konop\u00ed pro sebe v\u00fdhodu. Pokud budou cht\u00edt konop\u00ed u\u017e\u00edvat, br\u00e1nit jim nebude, musej\u00ed ale dodr\u017eovat l\u00e9\u010dbu p\u0159edepsanou onkologem.<\/p>\n<p>Vyhl\u00e1\u0161ka umo\u017en\u00ed p\u0159edepsat nejv\u00fd\u0161e 30 gram\u016f l\u00e9\u010debn\u00e9ho konop\u00ed m\u011bs\u00ed\u010dn\u011b. Pro d\u011bti tyto p\u0159\u00edpravky dostupn\u00e9 nebudou. Na jeden recept m\u016f\u017ee l\u00e9ka\u0159 napsat pouze mno\u017estv\u00ed na jednom\u011bs\u00ed\u010dn\u00ed l\u00e9\u010dbu.<\/p>\n<p>Kritici tvrd\u00ed, \u017ee povolen\u00fdch 30 gram\u016f nebude \u0159ad\u011b pacient\u016f sta\u010dit, argumentuj\u00ed dosavadn\u00ed prax\u00ed i zahrani\u010dn\u00edmi p\u0159\u00edklady. Vad\u00ed jim tak\u00e9 to, \u017ee nizozemsk\u00e1 firma nab\u00edz\u00ed gram za 200 korun, pacient za povolen\u00fdch 30 gram\u016f tak m\u011bs\u00ed\u010dn\u011b bude muset d\u00e1t 6000 korun.<\/p>\n<p>Indikace a specializovan\u00e1 zp\u016fsobilost p\u0159edepisuj\u00edc\u00edho l\u00e9ka\u0159e<\/p>\n<p>&nbsp;<\/p>\n<table>\n<tbody>\n<tr>\n<td>indikace<\/td>\n<td>specializovan\u00e1 zp\u016fsobilost <a href=\"https:\/\/ib.ctk.cz\/Infobanka\/vysl\/zprav\/zprav_d.asp?LogQueryID=31288331&amp;radek=10&amp;skupina=aktu&amp;celkz=20&amp;prvni=1&amp;zalozka=3#hit12\" name=\"hit11\"><strong>l\u00e9ka\u0159e<\/strong><\/a><\/td>\n<\/tr>\n<tr>\n<td>chronick\u00e1 neut\u011b\u0161iteln\u00e1 bolest, zejm\u00e9na v souvislosti s rakovinou, bolest spojen\u00e1 s neurodegenerativn\u00edm onemocn\u011bn\u00edm pohybov\u00e9ho syst\u00e9mu, syst\u00e9mov\u00fdm onemocn\u011bn\u00edm pojiva a imunopatologick\u00fdmi stavy, neuropatick\u00e1 bolest<\/td>\n<td>klinick\u00e1 onkologie, radia\u010dn\u00ed onkologie, neurologie, paliativn\u00ed medic\u00edna, l\u00e9\u010dba bolesti, revmatologie, ortopedie, infek\u010dn\u00ed l\u00e9ka\u0159stv\u00ed, vnit\u0159n\u00ed l\u00e9ka\u0159stv\u00ed &#8211; pouze pro hospitalizovan\u00e9 pacienty<\/td>\n<\/tr>\n<tr>\n<td>spasticita a s n\u00ed spojen\u00e1 bolest u roztrou\u0161en\u00e9 skler\u00f3zy nebo p\u0159i poran\u011bn\u00ed m\u00edchy<\/td>\n<td>neurologie<\/td>\n<\/tr>\n<tr>\n<td>nauzea, zvracen\u00ed nebo podpora chuti v souvislosti s l\u00e9\u010dbou rakoviny nebo HIV<\/td>\n<td>klinick\u00e1 onkologie, radia\u010dn\u00ed onkologie, infek\u010dn\u00ed l\u00e9ka\u0159stv\u00ed<\/td>\n<\/tr>\n<tr>\n<td>Gilles de la Tourette syndrom<\/td>\n<td>psychiatrie<\/td>\n<\/tr>\n<\/tbody>\n<\/table>\n<p>Zdroj: vyhl\u00e1\u0161ka<\/p>\n<p>&nbsp;<\/p>\n","protected":false},"excerpt":{"rendered":"<div class=\"mh-excerpt\"><p>Na l\u00e9\u010debn\u00e9 konop\u00ed si pacienti s rakovinou, roztrou\u0161enou skler\u00f3zou \u010di AIDS po\u010dkaj\u00ed asi a\u017e do konce roku. P\u016fvodn\u00ed pl\u00e1n byl v\u0161ak konec z\u00e1\u0159\u00ed. Podle l\u00e9kov\u00e9ho <a class=\"mh-excerpt-more\" href=\"https:\/\/www.invarena.cz\/?p=11187\" title=\"Na l\u00e9\u010debn\u00e9 konop\u00ed si po\u010dk\u00e1te asi a\u017e do konce roku\">[&#8230;]<\/a><\/p>\n<\/div>","protected":false},"author":1,"featured_media":0,"comment_status":"open","ping_status":"open","sticky":false,"template":"","format":"standard","meta":{"footnotes":""},"categories":[7],"tags":[],"class_list":["post-11187","post","type-post","status-publish","format-standard","hentry","category-spolecnost"],"_links":{"self":[{"href":"https:\/\/www.invarena.cz\/index.php?rest_route=\/wp\/v2\/posts\/11187","targetHints":{"allow":["GET"]}}],"collection":[{"href":"https:\/\/www.invarena.cz\/index.php?rest_route=\/wp\/v2\/posts"}],"about":[{"href":"https:\/\/www.invarena.cz\/index.php?rest_route=\/wp\/v2\/types\/post"}],"author":[{"embeddable":true,"href":"https:\/\/www.invarena.cz\/index.php?rest_route=\/wp\/v2\/users\/1"}],"replies":[{"embeddable":true,"href":"https:\/\/www.invarena.cz\/index.php?rest_route=%2Fwp%2Fv2%2Fcomments&post=11187"}],"version-history":[{"count":0,"href":"https:\/\/www.invarena.cz\/index.php?rest_route=\/wp\/v2\/posts\/11187\/revisions"}],"wp:attachment":[{"href":"https:\/\/www.invarena.cz\/index.php?rest_route=%2Fwp%2Fv2%2Fmedia&parent=11187"}],"wp:term":[{"taxonomy":"category","embeddable":true,"href":"https:\/\/www.invarena.cz\/index.php?rest_route=%2Fwp%2Fv2%2Fcategories&post=11187"},{"taxonomy":"post_tag","embeddable":true,"href":"https:\/\/www.invarena.cz\/index.php?rest_route=%2Fwp%2Fv2%2Ftags&post=11187"}],"curies":[{"name":"wp","href":"https:\/\/api.w.org\/{rel}","templated":true}]}}