{"id":11209,"date":"2013-10-01T10:53:15","date_gmt":"2013-10-01T08:53:15","guid":{"rendered":"http:\/\/www.invarena.cz\/?p=11209"},"modified":"2014-10-20T20:06:19","modified_gmt":"2014-10-20T18:06:19","slug":"s-uctou-smekli-pred-dobrovolniky-a-rozdali-jim-kresadla","status":"publish","type":"post","link":"https:\/\/www.invarena.cz\/?p=11209","title":{"rendered":"S \u00factou smekli p\u0159ed dobrovoln\u00edky a rozdali jim K\u0159esadla"},"content":{"rendered":"<p><strong>V Plzni byly rozd\u00e1ny ceny K\u0159esadlo. Ocen\u011bn\u00ed jsou lid\u00e9, kte\u0159\u00ed se aktivn\u011b v\u011bnuj\u00ed dobrovolnick\u00e9 \u010dinnosti a je pro n\u011b celo\u017eivotn\u00edm posl\u00e1n\u00edm. P\u0159e\u010dt\u011bte si p\u0159\u00edb\u011bhy nov\u00fdch dr\u017eitel\u016f K\u0159esadla.<\/strong><br \/>\n<!--more--><br \/>\nP\u0159ed jedenadvaceti lety se za\u010dala u\u010ditelka a v\u00fdchovn\u00e1 poradkyn\u011b Marta \u010cern\u00e1 starat o ment\u00e1ln\u011b i zdravotn\u011b posti\u017een\u00e9 d\u011bti v Plzni. P\u0159esto\u017ee se jedn\u00e1 o mimo\u0159\u00e1dn\u011b n\u00e1ro\u010dnou profesi, vydr\u017eela u n\u00ed. Nejprve m\u011bla na starost pouze klienty speci\u00e1ln\u00ed \u0161koly a dnes pom\u00e1h\u00e1 v r\u00e1mci sv\u00fdch aktivit lidem, kte\u0159\u00ed \u017e\u00e1dnou \u0161kolou nepro\u0161li, ale maj\u00ed z\u00e1jem se n\u011bco nau\u010dit nebo zvl\u00e1dnout. To znamen\u00e1, \u017ee se v\u011bt\u0161inou sna\u017e\u00ed pom\u00e1hat lidem, kte\u0159\u00ed byli d\u0159\u00edve za\u0159azov\u00e1ni do kategorie nevzd\u011blavateln\u00fdch.<br \/>\nMarta \u010cern\u00e1 pracuje v Z\u00e1kladn\u00ed \u0161kole speci\u00e1ln\u00ed v Plzni na Borech a v\u010dera p\u0159i oce\u0148ov\u00e1n\u00ed \u010dinnosti dobrovoln\u00edk\u016f v r\u00e1mci tradi\u010dn\u00ed akce K\u0159esadlo z\u00edskala za svou \u010dinnost Zvl\u00e1\u0161tn\u00ed cenu poroty. Pro jej\u00ed pr\u00e1ci neplat\u00ed b\u011b\u017en\u00e1 m\u011b\u0159\u00edtka.<\/p>\n<p>&#8222;Nau\u010dit n\u011bkoho kolik je dv\u011b a dv\u011b, m\u016f\u017ee trvat tak\u00e9 v\u00edc ne\u017e deset let,&#8220; vysv\u011btluje sedma\u010dty\u0159icetilet\u00e1 \u017eena. Pro rodi\u010de \u017e\u00e1k\u016f \u0161koly zalo\u017eila Klub rodi\u010d\u016f, kde mohou z\u00edskat informace o mo\u017enostech uplatn\u011bn\u00ed nebo volno\u010dasov\u00fdch aktivit\u00e1ch absolvent\u016f \u0161koly. &#8222;P\u0159ipravuji programy na t\u00e9mata, kter\u00e1 je zaj\u00edmaj\u00ed. Pokud nap\u0159\u00edklad nastane zm\u011bna v soci\u00e1ln\u00edm syst\u00e9mu, pozveme z\u00e1stupce ze soci\u00e1lky, aby jim nov\u00e1 pravidla vysv\u011btlil,&#8220; uv\u00e1d\u00ed.<\/p>\n<p>Marta \u010cern\u00e1 nav\u00edc ve spolupr\u00e1ci s dobrovolnickou agenturou DORA a studenty Pedagogick\u00e9 fakulty organizovala tak\u00e9 Ve\u010dern\u00ed \u0161kolu a projekt s n\u00e1zvem Zkusme to. &#8222;Ve\u010dern\u00ed \u0161kola se zam\u011b\u0159ovala na dou\u010dov\u00e1n\u00ed na\u0161ich absolvent\u016f, aby nezapomn\u011bli, co se ve \u0161kole nau\u010dili, co\u017e u nich hroz\u00ed, pokud se to s nimi neprocvi\u010duje. Podle individu\u00e1ln\u00edch pl\u00e1n\u016f se v\u011bnovali \u010dten\u00ed, psan\u00ed, po\u010dt\u016fm,&#8220; uv\u00e1d\u00ed \u010cern\u00e1.<\/p>\n<p>Projekt Zkusme to byl zam\u011b\u0159en na procvi\u010dov\u00e1n\u00ed z\u00e1kladn\u00edch soci\u00e1ln\u00edch dovednost\u00ed, tak\u017ee absolventi speci\u00e1ln\u00ed \u0161koly si mohli vyzkou\u0161et \u017eivot bez dozoru rodi\u010d\u016f a u\u010dili se nap\u0159\u00edklad nakupovat.<br \/>\nMarta \u010cern\u00e1 tvrd\u00ed, \u017ee ji, i p\u0159es zna\u010dnou n\u00e1ro\u010dnost jej\u00ed pr\u00e1ce s pom\u011brn\u011b t\u011b\u017eko m\u011b\u0159iteln\u00fdmi v\u00fdsledky, netr\u00e1p\u00ed pocit marnosti a netou\u017e\u00ed se v\u011bnovat jin\u00e9 profesi. Pr\u00fd se \u0159\u00edd\u00ed t\u00edm, \u017ee pro sv\u00e9 klienty ud\u011bl\u00e1, co je v jej\u00edch sil\u00e1ch.<\/p>\n<p>&#8222;Prost\u011b dojdu tam, kam to jde. V\u00edm, \u017ee nap\u0159\u00edklad nem\u016f\u017eu za\u0159\u00eddit, aby byli zdrav\u00ed. Ale m\u016f\u017eu jim pomoci k tomu, aby byli \u0161\u0165astn\u00ed. A sna\u017e\u00edm se, aby jim nikdo neubli\u017eoval. Kdy\u017e je \u010dlov\u011bk \u0161\u0165astn\u00fd, tak je vedlej\u0161\u00ed, \u017ee nev\u00ed, kolik je dv\u011b a dv\u011b,&#8220; prohla\u0161uje kantorka.<\/p>\n<p>K\u0159esadly byli v\u010dera za dobrovolnickou \u010dinnost tak\u00e9 ocen\u011bni tren\u00e9r v sout\u011b\u017e\u00edch velmi \u00fasp\u011b\u0161n\u00e9ho dru\u017estva \u017een Sboru dobrovoln\u00fdch hasi\u010d\u016f Chv\u00e1lenice Karel Nol\u010d nebo Mark\u00e9ta Sm\u00fdkalov\u00e1, kter\u00e1 se ve spolupr\u00e1ci s plze\u0148skou agenturou DORA star\u00e1 o volno\u010dasov\u00e9 aktivity handicapovan\u00fdch mlad\u00fdch lid\u00ed.<\/p>\n<p>K\u0159esadlo jako ocen\u011bn\u00ed sv\u00e9 pr\u00e1ce z\u00edskala tak\u00e9 Lenka Bo\u0159ilov\u00e1, kter\u00e1 pom\u00e1h\u00e1 handicapovan\u00fdm a senior\u016fm vyu\u017e\u00edvaj\u00edc\u00edm za\u0159\u00edzen\u00ed Charity v Klatovech. Pozoruhodn\u00e9 je, \u017ee se Lenka Bo\u0159ilov\u00e1 sna\u017e\u00ed pom\u00e1hat druh\u00fdm, p\u0159esto\u017ee se sama od narozen\u00ed musela vyrovn\u00e1vat s n\u00e1sledky mozkov\u00e9 obrny.<\/p>\n<p>Na ocen\u011bn\u00ed za dobrovolnickou pr\u00e1ci bylo letos v Plze\u0148sk\u00e9m kraji nominov\u00e1no 45 lid\u00ed. &#8222;Roz\u0161\u00ed\u0159ili jsme okruh pro mo\u017en\u00e9 nominace i mimo soci\u00e1ln\u00ed oblast. Proto se mezi navr\u017een\u00e9 na ocen\u011bn\u00ed dostali i dobrovoln\u00ed hasi\u010di nebo t\u0159eba pam\u00e1tk\u00e1\u0159i,&#8220; sd\u011blila Pavl\u00edna Brabcov\u00e1 z agentury DORA.<\/p>\n<p>Jaroslav Nedv\u011bd<br \/>\nMlad\u00e1 fronta DNES<\/p>\n","protected":false},"excerpt":{"rendered":"<div class=\"mh-excerpt\"><p>V Plzni byly rozd\u00e1ny ceny K\u0159esadlo. Ocen\u011bn\u00ed jsou lid\u00e9, kte\u0159\u00ed se aktivn\u011b v\u011bnuj\u00ed dobrovolnick\u00e9 \u010dinnosti a je pro n\u011b celo\u017eivotn\u00edm posl\u00e1n\u00edm. P\u0159e\u010dt\u011bte si p\u0159\u00edb\u011bhy nov\u00fdch <a class=\"mh-excerpt-more\" href=\"https:\/\/www.invarena.cz\/?p=11209\" title=\"S \u00factou smekli p\u0159ed dobrovoln\u00edky a rozdali jim K\u0159esadla\">[&#8230;]<\/a><\/p>\n<\/div>","protected":false},"author":1,"featured_media":3499,"comment_status":"open","ping_status":"open","sticky":false,"template":"","format":"standard","meta":{"footnotes":""},"categories":[7,9],"tags":[],"class_list":["post-11209","post","type-post","status-publish","format-standard","has-post-thumbnail","hentry","category-spolecnost","category-zpravy"],"_links":{"self":[{"href":"https:\/\/www.invarena.cz\/index.php?rest_route=\/wp\/v2\/posts\/11209","targetHints":{"allow":["GET"]}}],"collection":[{"href":"https:\/\/www.invarena.cz\/index.php?rest_route=\/wp\/v2\/posts"}],"about":[{"href":"https:\/\/www.invarena.cz\/index.php?rest_route=\/wp\/v2\/types\/post"}],"author":[{"embeddable":true,"href":"https:\/\/www.invarena.cz\/index.php?rest_route=\/wp\/v2\/users\/1"}],"replies":[{"embeddable":true,"href":"https:\/\/www.invarena.cz\/index.php?rest_route=%2Fwp%2Fv2%2Fcomments&post=11209"}],"version-history":[{"count":0,"href":"https:\/\/www.invarena.cz\/index.php?rest_route=\/wp\/v2\/posts\/11209\/revisions"}],"wp:featuredmedia":[{"embeddable":true,"href":"https:\/\/www.invarena.cz\/index.php?rest_route=\/wp\/v2\/media\/3499"}],"wp:attachment":[{"href":"https:\/\/www.invarena.cz\/index.php?rest_route=%2Fwp%2Fv2%2Fmedia&parent=11209"}],"wp:term":[{"taxonomy":"category","embeddable":true,"href":"https:\/\/www.invarena.cz\/index.php?rest_route=%2Fwp%2Fv2%2Fcategories&post=11209"},{"taxonomy":"post_tag","embeddable":true,"href":"https:\/\/www.invarena.cz\/index.php?rest_route=%2Fwp%2Fv2%2Ftags&post=11209"}],"curies":[{"name":"wp","href":"https:\/\/api.w.org\/{rel}","templated":true}]}}