{"id":11227,"date":"2013-10-01T02:09:00","date_gmt":"2013-10-01T00:09:00","guid":{"rendered":"http:\/\/www.invarena.cz\/?p=11227"},"modified":"2014-10-20T20:06:20","modified_gmt":"2014-10-20T18:06:20","slug":"stop-hamburgerum-na-skolach-rekli-si-vozickari-a-zacali-pripravovat-svaciny","status":"publish","type":"post","link":"https:\/\/www.invarena.cz\/?p=11227","title":{"rendered":"Stop hamburger\u016fm na \u0161kol\u00e1ch, \u0159ekli si voz\u00ed\u010dk\u00e1\u0159i a za\u010dali p\u0159ipravovat sva\u010diny"},"content":{"rendered":"<p><strong>Nov\u00fd projekt \u010cesk\u00e9 abilympijsk\u00e9 asociace nab\u00edz\u00ed pardubick\u00fdm \u0161kol\u00e1k\u016fm alternativu k nezdrav\u00fdm pokrm\u016fm pln\u00fdm tuku, cukru a chemick\u00fdch barviv.<\/strong> <!--more--><\/p>\n<p>Vylep\u0161it nezdrav\u00e9 stravov\u00e1n\u00ed \u017e\u00e1k\u016f pardubick\u00fdch z\u00e1kladn\u00edch \u0161kol se rozhodli lid\u00e9 z abilympijsk\u00e9 asociace. Z n\u00e1padu nakonec vznikl projekt e-svacinky.cz.<br \/>\nNa webov\u00fdch str\u00e1nk\u00e1ch si tak nyn\u00ed mohou \u017e\u00e1ci z\u00e1kladn\u00edch \u0161kol objednat z dvaceti druh\u016f \u010derstv\u00fdch baget, housek, dalam\u00e1nk\u016f, ovocn\u00fdch a zeleninov\u00fdch sal\u00e1t\u016f nebo jogurt\u016f s m\u00fcsli.<\/p>\n<p>&#8222;\u0160kol\u00e1ci \u010dasto sva\u010d\u00ed velmi nevhodn\u00e9 potraviny, p\u0159\u00edpadn\u011b nesva\u010d\u00ed v\u016fbec, co\u017e m\u00e1 samoz\u0159ejm\u011b negativn\u00ed dopad na jejich soust\u0159ed\u011bn\u00ed i mno\u017estv\u00ed vyd\u00e1van\u00e9 energie. Proto jsme se rozhodli p\u0159isp\u011bt ke zm\u011bn\u011b t\u011bchto n\u00e1vyk\u016f,&#8220; \u0159ekl jednatel \u010cesk\u00e9 abilympijsk\u00e9 asociace Jarom\u00edr Krp\u00e1lek.<\/p>\n<p>N\u00e1pad vznikl p\u0159ed p\u00e1r t\u00fddny a je inspirovan\u00fd podobn\u00fdm projektem v sousedn\u00edm krajsk\u00e9m m\u011bst\u011b.<\/p>\n<p>&#8222;U\u017e od devades\u00e1t\u00fdch let se sna\u017e\u00edme zam\u011bstn\u00e1vat lidi se zdravotn\u00edm posti\u017een\u00edm. T\u011bch mo\u017enost\u00ed je ale st\u00e1le m\u00e9n\u011b, tak jsme se inspirovali v Hradci Kr\u00e1lov\u00e9 jejich Skokem do \u017eivota, kter\u00fd sva\u010dinky u\u017e rok d\u011bl\u00e1,&#8220; uvedl koordin\u00e1tor a mluv\u010d\u00ed asociace Filip Novotn\u00fd.<\/p>\n<p>N\u00e1sledovala dohoda s \u0159editeli dvan\u00e1cti pardubick\u00fdch z\u00e1kladn\u00edch \u0161kol, aby \u017e\u00e1ci nebo rodi\u010de mohli bu\u010f p\u0159\u00edmo ve \u0161kole nebo p\u0159es internet objedn\u00e1vat zdrav\u00e9 sva\u010diny.<\/p>\n<p>&#8222;Pro n\u00e1s je to pom\u011brn\u011b \u010derstv\u00e1 z\u00e1le\u017eitost, za\u010dali jsme asi p\u0159ed dv\u011bma t\u00fddny. Mn\u011b se to zal\u00edbilo hned, jednak spolupracujeme s posti\u017een\u00fdmi lidmi a nav\u00edc maj\u00ed d\u011bti ke sva\u010din\u011b zaji\u0161t\u011bnou zdravou stravu,&#8220; \u0159ekla \u0159editelka Z\u00e1kladn\u00ed \u0161koly \u0160tef\u00e1nikova Renata Janeck\u00e1.<\/p>\n<p>Na jej\u00ed \u0161kole abilympijsk\u00e1 asociace dokonce p\u0159ebrala \u0161koln\u00ed bufet a zavedla tady prodej zdrav\u00fdch potravin. &#8222;Sami si prostor upravili a za\u010d\u00ednaj\u00ed prod\u00e1vat u\u017e p\u0159ed prvn\u00edm zvon\u011bn\u00edm, tak\u017ee nen\u00ed o p\u0159est\u00e1vk\u00e1ch ani moc velk\u00fd n\u00e1por,&#8220; dodala \u0159editelka.<\/p>\n<p>N\u00e1pad na prvn\u00ed pohled trochu p\u0159ipom\u00edn\u00e1 takzvan\u00e9 krabi\u010dkov\u00e9 diety, p\u0159i nich\u017e si objedn\u00e1vaj\u00ed p\u0159esn\u011b d\u00e1vkovan\u00e9 porce lid\u00e9, kte\u0159\u00ed si p\u0159ej\u00ed zhubnout nebo \u017e\u00edt zdrav\u011b.<\/p>\n<p>Filip Novotn\u00fd se netaj\u00ed t\u00edm, \u017ee jejich z\u00e1m\u011br je podobn\u00fd, a m\u00e1 tak\u00e9 za c\u00edl p\u0159in\u00e9st pen\u00edze do pokladny asociace. &#8222;Na\u0161\u00edm z\u00e1m\u011brem je p\u0159in\u00e9st zam\u011bstn\u00e1n\u00ed pro zdravotn\u011b posti\u017een\u00e9,&#8220; \u0159ekl.<\/p>\n<p>Projekt se v\u0161ak zat\u00edm rozj\u00ed\u017ed\u00ed pomalu. Denn\u011b v p\u0159\u00edpravn\u011b na Hlav\u00e1\u010dov\u011b ulici p\u0159iprav\u00ed \u0161est zam\u011bstnanc\u016f kolem pades\u00e1ti sva\u010din.<\/p>\n<p>Dal\u0161\u00ed des\u00edtky sva\u010din pak skon\u010d\u00ed ve zm\u00edn\u011bn\u00e9m bufetu na \u0160tef\u00e1nikov\u011b ulici. To v\u0161ak nen\u00ed zat\u00edm nijak uspokojiv\u00e9 \u010d\u00edslo. &#8222;Na\u0161\u00edm c\u00edlem je d\u011blat kolem \u010dty\u0159 a\u017e p\u011bti set sva\u010din, jak je tomu v Hradci. Pak bychom mohli zam\u011bstnat kolem p\u011btadvaceti posti\u017een\u00fdch lid\u00ed,&#8220; uvedl Novotn\u00fd.<\/p>\n<p>Dodal, \u017ee v takov\u00e9m p\u0159\u00edpad\u011b by cel\u00fd projekt e-svacinky.cz dos\u00e1hl zcela ekonomick\u00e9 sob\u011bsta\u010dnosti. Cena jednotliv\u00fdch typ\u016f j\u00eddel se pohybuje od sedmi do t\u0159iceti korun. Za ty se d\u00e1 po\u0159\u00eddit oblo\u017een\u00e1 bageta, za nejni\u017e\u0161\u00ed cenu maj\u00ed \u017e\u00e1ci mo\u017enost si objednat sm\u011bs ovoce. Oblo\u017een\u00e1 houska se sal\u00e1mem a sal\u00e1tem se pohybuje p\u0159ibli\u017en\u011b uprost\u0159ed cenov\u00e9ho rozp\u011bt\u00ed.<\/p>\n<p>Podle Novotn\u00e9ho vych\u00e1zej\u00ed ceny z p\u0159esn\u00e9 kalkulace. &#8222;Nejde o projekt, kter\u00fd je neziskov\u00fd. My jsme sice neziskov\u00e1 organizace, ale na provoz na\u0161\u00ed asociace si mus\u00edme vyd\u011blat, chceme proto prodejem sva\u010din tak\u00e9 generovat zisk,&#8220; dodal Novotn\u00fd.<\/p>\n<p>Ceny proto vznikaly jednak na z\u00e1klad\u011b zku\u0161enost\u00ed v Hradci Kr\u00e1lov\u00e9 a po debat\u011b s \u0159editeli \u0161kol.<\/p>\n<p>Hlavn\u00edm c\u00edlem podle Novotn\u00e9ho v\u0161ak je vyhla\u0161en\u00ed v\u00e1lky automat\u016fm na sladkosti ve \u0161kol\u00e1ch. Z\u00e1rove\u0148 si tv\u016frci projektu kladou za c\u00edl vych\u00e1zet vst\u0159\u00edc individu\u00e1ln\u00edm pot\u0159eb\u00e1m d\u011bt\u00ed.<\/p>\n<p>V nab\u00eddce jsou proto tak\u00e9 bezlepkov\u00e9 sva\u010dinky, zejm\u00e9na ovocn\u00e9 a zeleninov\u00e9 misti\u010dky a pokrmy, kter\u00e9 neobsahuj\u00ed ml\u00e9ko. Krom\u011b toho je v nab\u00eddce celozrnn\u00e9 pe\u010divo s vl\u00e1kninou, kter\u00e9 je pro t\u011blo vhodn\u011bj\u0161\u00ed ne\u017e pe\u010divo b\u00edl\u00e9.<\/p>\n<p>Nyn\u00ed se uk\u00e1\u017ee, jak je n\u00e1pad v Pardubic\u00edch sob\u011bsta\u010dn\u00fd. Ne v\u0161echny \u0161koly se ke sva\u010din\u00e1m od voz\u00ed\u010dk\u00e1\u0159\u016f hned p\u0159ihl\u00e1sily. &#8222;Zat\u00edm jsme j\u00eddla hodnotili po v\u00fd\u017eivov\u00e9 str\u00e1nce, jestli ale nab\u00eddku vyu\u017eijeme, se rozhodneme po debat\u011b s rodi\u010di na t\u0159\u00eddn\u00edch sch\u016fzk\u00e1ch,&#8220; \u0159ekla \u0159editelka \u0161koly Bene\u0161ova Ema Ji\u010d\u00ednsk\u00e1.<\/p>\n<p>Mlad\u00e1 fronta Dnes<\/p>\n<p>Martin \u0164opek<\/p>\n","protected":false},"excerpt":{"rendered":"<div class=\"mh-excerpt\"><p>Nov\u00fd projekt \u010cesk\u00e9 abilympijsk\u00e9 asociace nab\u00edz\u00ed pardubick\u00fdm \u0161kol\u00e1k\u016fm alternativu k nezdrav\u00fdm pokrm\u016fm pln\u00fdm tuku, cukru a chemick\u00fdch barviv.<\/p>\n<\/div>","protected":false},"author":1,"featured_media":4060,"comment_status":"open","ping_status":"open","sticky":false,"template":"","format":"standard","meta":{"footnotes":""},"categories":[7],"tags":[],"class_list":["post-11227","post","type-post","status-publish","format-standard","has-post-thumbnail","hentry","category-spolecnost"],"_links":{"self":[{"href":"https:\/\/www.invarena.cz\/index.php?rest_route=\/wp\/v2\/posts\/11227","targetHints":{"allow":["GET"]}}],"collection":[{"href":"https:\/\/www.invarena.cz\/index.php?rest_route=\/wp\/v2\/posts"}],"about":[{"href":"https:\/\/www.invarena.cz\/index.php?rest_route=\/wp\/v2\/types\/post"}],"author":[{"embeddable":true,"href":"https:\/\/www.invarena.cz\/index.php?rest_route=\/wp\/v2\/users\/1"}],"replies":[{"embeddable":true,"href":"https:\/\/www.invarena.cz\/index.php?rest_route=%2Fwp%2Fv2%2Fcomments&post=11227"}],"version-history":[{"count":0,"href":"https:\/\/www.invarena.cz\/index.php?rest_route=\/wp\/v2\/posts\/11227\/revisions"}],"wp:featuredmedia":[{"embeddable":true,"href":"https:\/\/www.invarena.cz\/index.php?rest_route=\/wp\/v2\/media\/4060"}],"wp:attachment":[{"href":"https:\/\/www.invarena.cz\/index.php?rest_route=%2Fwp%2Fv2%2Fmedia&parent=11227"}],"wp:term":[{"taxonomy":"category","embeddable":true,"href":"https:\/\/www.invarena.cz\/index.php?rest_route=%2Fwp%2Fv2%2Fcategories&post=11227"},{"taxonomy":"post_tag","embeddable":true,"href":"https:\/\/www.invarena.cz\/index.php?rest_route=%2Fwp%2Fv2%2Ftags&post=11227"}],"curies":[{"name":"wp","href":"https:\/\/api.w.org\/{rel}","templated":true}]}}