{"id":11282,"date":"2013-10-03T09:46:30","date_gmt":"2013-10-03T07:46:30","guid":{"rendered":"http:\/\/www.invarena.cz\/?p=11282"},"modified":"2013-10-03T12:57:54","modified_gmt":"2013-10-03T10:57:54","slug":"zamestnavani-postizenych-je-letos-vetsi-problem-nez-v-predchozich-letech","status":"publish","type":"post","link":"https:\/\/www.invarena.cz\/?p=11282","title":{"rendered":"Zam\u011bstn\u00e1v\u00e1n\u00ed posti\u017een\u00fdch je letos v\u011bt\u0161\u00ed probl\u00e9m ne\u017e d\u0159\u00edve"},"content":{"rendered":"<p><strong>V \u010cesku v posledn\u00edch letech ub\u00fdvalo nezam\u011bstnan\u00fdch se zdravotn\u00edm posti\u017een\u00edm, letos se v\u0161ak tento pokles bohu\u017eel zastavil. Vl\u00e1dn\u00ed opat\u0159en\u00ed neza\u00fa\u010dinkovala tak, jak posti\u017een\u00ed doufali.<!--more--><\/strong><\/p>\n<p>Podle Pavla Pt\u00e1\u010dn\u00edka z vl\u00e1dn\u00edho v\u00fdboru pro posti\u017een\u00e9 vl\u00e1dn\u00ed opat\u0159en\u00ed o\u010dek\u00e1van\u00fd v\u00fdsledek nep\u0159inesla. \u00bbPo\u017eadovan\u00fd efekt, kter\u00fd jsme o\u010dek\u00e1vali, se nedostavil. Je nutn\u00e9 hledat nov\u00e9 cesty a n\u00e1stroje k zam\u011bstn\u00e1v\u00e1n\u00ed posti\u017een\u00fdch,\u00ab \u0159ekl v\u010dera Pt\u00e1\u010dn\u00edk. Nab\u00eddka pracovn\u00edch m\u00edst pro posti\u017een\u00e9 m\u011bla b\u00fdt toti\u017e v\u011bt\u0161\u00ed a jejich um\u00edst\u011bn\u00ed snadn\u011bj\u0161\u00ed.<\/p>\n<p>Podle Pt\u00e1\u010dn\u00edka je nutn\u00e9 nap\u0159\u00edklad zlep\u0161it prov\u00e1zanost v\u0161ech akt\u00e9r\u016f, kte\u0159\u00ed p\u0159i zam\u011bstn\u00e1v\u00e1n\u00ed handicapovan\u00fdch hraj\u00ed roli &#8211; \u00fa\u0159ad\u016f pr\u00e1ce, radnic, zam\u011bstnavatel\u016f i poskytovatel\u016f soci\u00e1ln\u00edch slu\u017eeb.<\/p>\n<p>To doporu\u010duje i Liga lidsk\u00fdch pr\u00e1v. Navrhuje tak\u00e9, aby se na zam\u011bstn\u00e1v\u00e1n\u00ed posti\u017een\u00fdch na \u00fa\u0159adu pr\u00e1ce specializoval n\u011bjak\u00fd pracovn\u00edk. Ten by se v\u011bnoval t\u00e9to agend\u011b a komunikoval by se zam\u011bstnavateli.<\/p>\n<p>Podle koordin\u00e1tora projektu Petra Hansliana z ligy by ve firm\u00e1ch mohli p\u016fsobit i takzvan\u00ed par\u0165\u00e1ci, kte\u0159\u00ed by posti\u017een\u00e9ho pracovn\u00edka po jeho n\u00e1stupu sezn\u00e1mili s chodem podniku a dokonale ho zapracovali. \u0160\u00e9f by jim za to ubral do\u010dasn\u011b pr\u00e1ce, poskytl by odm\u011bnu. Tento model se osv\u011bd\u010dil v Nizozemsku.<\/p>\n<p>Funguje i pomoc pracovn\u00edch asistent\u016f, kte\u0159\u00ed p\u016fsob\u00ed ve \u0161kol\u00e1ch, v \u00fa\u0159adech \u010di neziskov\u00fdch organizac\u00edch a handicapovan\u00e9ho prov\u00e1zej\u00ed od hled\u00e1n\u00ed m\u00edsta p\u0159es n\u00e1stup a\u017e po zapracov\u00e1n\u00ed. Plat\u00ed je st\u00e1t \u010di neziskov\u00e9 organizace z p\u0159\u00edsp\u011bvk\u016f od st\u00e1tu.<\/p>\n<p>Podle Hansliana firmy v \u010cR m\u00edvaj\u00ed \u010dasto obavy a p\u0159edsudky, boj\u00ed se komplikac\u00ed i dal\u0161\u00edch v\u00fddaj\u016f.<\/p>\n<p>Hal\u00f3 noviny<\/p>\n","protected":false},"excerpt":{"rendered":"<div class=\"mh-excerpt\"><p>V \u010cesku v posledn\u00edch letech ub\u00fdvalo nezam\u011bstnan\u00fdch se zdravotn\u00edm posti\u017een\u00edm, letos se v\u0161ak tento pokles bohu\u017eel zastavil. Vl\u00e1dn\u00ed opat\u0159en\u00ed neza\u00fa\u010dinkovala tak, jak posti\u017een\u00ed doufali.<\/p>\n<\/div>","protected":false},"author":1,"featured_media":1171,"comment_status":"open","ping_status":"open","sticky":false,"template":"","format":"standard","meta":{"footnotes":""},"categories":[7],"tags":[],"class_list":["post-11282","post","type-post","status-publish","format-standard","has-post-thumbnail","hentry","category-spolecnost"],"_links":{"self":[{"href":"https:\/\/www.invarena.cz\/index.php?rest_route=\/wp\/v2\/posts\/11282","targetHints":{"allow":["GET"]}}],"collection":[{"href":"https:\/\/www.invarena.cz\/index.php?rest_route=\/wp\/v2\/posts"}],"about":[{"href":"https:\/\/www.invarena.cz\/index.php?rest_route=\/wp\/v2\/types\/post"}],"author":[{"embeddable":true,"href":"https:\/\/www.invarena.cz\/index.php?rest_route=\/wp\/v2\/users\/1"}],"replies":[{"embeddable":true,"href":"https:\/\/www.invarena.cz\/index.php?rest_route=%2Fwp%2Fv2%2Fcomments&post=11282"}],"version-history":[{"count":0,"href":"https:\/\/www.invarena.cz\/index.php?rest_route=\/wp\/v2\/posts\/11282\/revisions"}],"wp:featuredmedia":[{"embeddable":true,"href":"https:\/\/www.invarena.cz\/index.php?rest_route=\/wp\/v2\/media\/1171"}],"wp:attachment":[{"href":"https:\/\/www.invarena.cz\/index.php?rest_route=%2Fwp%2Fv2%2Fmedia&parent=11282"}],"wp:term":[{"taxonomy":"category","embeddable":true,"href":"https:\/\/www.invarena.cz\/index.php?rest_route=%2Fwp%2Fv2%2Fcategories&post=11282"},{"taxonomy":"post_tag","embeddable":true,"href":"https:\/\/www.invarena.cz\/index.php?rest_route=%2Fwp%2Fv2%2Ftags&post=11282"}],"curies":[{"name":"wp","href":"https:\/\/api.w.org\/{rel}","templated":true}]}}