{"id":11376,"date":"2013-10-04T10:58:26","date_gmt":"2013-10-04T08:58:26","guid":{"rendered":"http:\/\/www.invarena.cz\/?p=11376"},"modified":"2013-10-04T10:59:10","modified_gmt":"2013-10-04T08:59:10","slug":"cesi-maji-opet-chut-financne-pomahat-potrebnym","status":"publish","type":"post","link":"https:\/\/www.invarena.cz\/?p=11376","title":{"rendered":"\u010ce\u0161i maj\u00ed op\u011bt chu\u0165 finan\u010dn\u011b pom\u00e1hat pot\u0159ebn\u00fdm"},"content":{"rendered":"<p><strong> P\u0159es \u010dty\u0159i miliardy korun se loni vybralo na dobro\u010dinn\u00fdch darech. \u010ce\u0161i tak po del\u0161\u00ed dob\u011b maj\u00ed znovu chu\u0165 finan\u010dn\u011b pom\u00e1hat pot\u0159ebn\u00fdm. D\u016fkazem je podle report\u00e1\u017ee \u010cesk\u00e9 televize i vyhl\u00e1\u0161en\u00ed cen Nadace VIA, kter\u00e9 byly rozd\u00e1ny v pra\u017esk\u00e9m Keiserstejnsk\u00e9m pal\u00e1ci.<!--more--><\/strong><br \/>\nV\u00ed, jak je pomoc d\u016fle\u017eit\u00e1, s\u00e1m toti\u017e vyr\u016fstal v probl\u00e9mov\u00e9 rodin\u011b, kter\u00e1 se o n\u011bj nestarala. I to byl d\u016fvod, pro\u010d se Tom\u00e1\u0161 Slavata za\u010dal v\u011bnovat d\u011btem z d\u011btsk\u00fdch domov\u016f.<\/p>\n<p>Tom\u00e1\u0161 SLAVATA, ocen\u011bn\u00fd d\u00e1rce:&#8220;D\u016fvodem byla ta moje osobn\u00ed zku\u0161enost a to, \u017ee jsem si tu \u0161anci musel vybojovat s\u00e1m.&#8220;<\/p>\n<p>Dnes u\u017e bojuje jen ve sportu jako triatlonista. A pr\u00e1v\u011b svoje sportovn\u00ed i osobn\u00ed zku\u0161enosti se sna\u017e\u00ed p\u0159edat pr\u00e1v\u011b d\u011btem.<\/p>\n<p>Tom\u00e1\u0161 SLAVATA, ocen\u011bn\u00fd d\u00e1rce:&#8220;Je to triatlonov\u00e1 tour, kde se sna\u017e\u00edm spojovat d\u011bti z d\u011btskejch domov\u016f, tak i s d\u011btma z ve\u0159ejnosti, aby nedoch\u00e1zelo vlastn\u011b k n\u011bjak\u00fdmu \u0161katulkov\u00e1n\u00ed.&#8220;<\/p>\n<p>Stejn\u011b jako Tom\u00e1\u0161 se rozhodla pom\u00e1hat i mana\u017eerka Hana Macha\u010dov\u00e1. K oslav\u011b sv\u00fdch narozenin m\u00edsto d\u00e1rk\u016f po\u017e\u00e1dala svoje hosty o finan\u010dn\u00ed pomoc pro handicapovan\u00e9.<\/p>\n<p>Hana MACHA\u010cOV\u00c1, ocen\u011bn\u00e1 d\u00e1rkyn\u011b:&#8220;Do pozv\u00e1nky u\u017e jsem napsala, \u017ee mi ud\u011bl\u00e1 nejv\u011bt\u0161\u00ed radost, kdy\u017e spolu vybereme prost\u0159edky na to, abysme pomohli konkr\u00e9tn\u011b v tom t\u011b\u017ek\u00fdm osudu.&#8220;<\/p>\n<p>Vybrala 700 tis\u00edc korun. \u010c\u00e1st z nich pak putovala Andree \u010cepov\u00e9. Ve 23 letech ochrnula t\u00e9m\u011b\u0159 ze dne na den. Od t\u00e9 doby je odk\u00e1zan\u00e1 na invalidn\u00ed voz\u00edk a svoji rodinu.<\/p>\n<p>Andrea \u010cEPOV\u00c1, na invalidn\u00edm voz\u00ed\u010dku:&#8220;Stala se mi vlastn\u011b takov\u00e1 v\u011bc, \u017ee se mi ucpala c\u00e9vky, kter\u00e1 vy\u017eivuje m\u00edchu v kr\u010dn\u00ed oblasti.&#8220;<\/p>\n<p>Statis\u00edcovou \u010d\u00e1stku ale na voz\u00edk nem\u011bla. Proto se obr\u00e1tila na organizaci, kter\u00e1 pen\u00edze sehnala od sponzor\u016f a d\u00e1rc\u016f. A voz\u00edk nebyl jedinou pom\u016fckou, kter\u00e1 j\u00ed usnadnila \u017eivot. P\u0159\u00edpad Andrey je d\u016fkazem, \u017ee vybran\u00e9 pen\u00edze pom\u00e1haj\u00ed tam, kde maj\u00ed. D\u00edky sb\u00edrce si mohla po\u0159\u00eddit t\u0159eba tohle auto.<\/p>\n<p>Petra KRYSTI\u00c1NOV\u00c1, \u0159editelka kampan\u011b, Nadace VIA:&#8220;Prvn\u00ed leto\u0161n\u00ed odhady se pohybuj\u00ed p\u0159es 4 miliardy korun, od soukrom\u00fdch, i d\u00e1rc\u016f, i firem, a to nen\u00ed v\u0161echno, proto\u017ee vlastn\u011b pak tu m\u00e1me je\u0161t\u011b anonymn\u00ed dary.&#8220;<\/p>\n<p>Darovan\u00e9 pen\u00edze pom\u00e1haj\u00ed nejen lidem, ale i zv\u00ed\u0159at\u016fm. T\u0159eba pra\u017esk\u00e1 zoo d\u00edky nim postav\u00ed nov\u00fd pavilon pro vz\u00e1cn\u00e9 pt\u00e1ky a papou\u0161ky.<\/p>\n<p>Michal \u0160\u0164ASTN\u00dd, mluv\u010d\u00ed, Zoo Praha:&#8220;\u010cervnov\u00e9 povodn\u011b vyvolaly velkou vlnu solidarity, kter\u00e1 vedla k tomu, \u017ee od zalo\u017een\u00ed povod\u0148ov\u00e9ho konta doputovalo do Pra\u017esk\u00e9 Zoologick\u00e9 zahrady u\u017e 16,5 milion\u016f korun.&#8220;<\/p>\n<p>Takhle \u0161t\u011bd\u0159\u00ed byli \u010ce\u0161i naposledy v roce 2007, pak p\u0159i\u0161la krize a s n\u00ed i men\u0161\u00ed chu\u0165, anebo mo\u017enost pom\u00e1hat.<\/p>\n<p>podle report\u00e1\u017ee \u010cesk\u00e9 televize zaznamenala invArena<\/p>\n","protected":false},"excerpt":{"rendered":"<div class=\"mh-excerpt\"><p>P\u0159es \u010dty\u0159i miliardy korun se loni vybralo na dobro\u010dinn\u00fdch darech. \u010ce\u0161i tak po del\u0161\u00ed dob\u011b maj\u00ed znovu chu\u0165 finan\u010dn\u011b pom\u00e1hat pot\u0159ebn\u00fdm. D\u016fkazem je podle report\u00e1\u017ee <a class=\"mh-excerpt-more\" href=\"https:\/\/www.invarena.cz\/?p=11376\" title=\"\u010ce\u0161i maj\u00ed op\u011bt chu\u0165 finan\u010dn\u011b pom\u00e1hat pot\u0159ebn\u00fdm\">[&#8230;]<\/a><\/p>\n<\/div>","protected":false},"author":1,"featured_media":0,"comment_status":"open","ping_status":"open","sticky":false,"template":"","format":"standard","meta":{"footnotes":""},"categories":[7],"tags":[],"class_list":["post-11376","post","type-post","status-publish","format-standard","hentry","category-spolecnost"],"_links":{"self":[{"href":"https:\/\/www.invarena.cz\/index.php?rest_route=\/wp\/v2\/posts\/11376","targetHints":{"allow":["GET"]}}],"collection":[{"href":"https:\/\/www.invarena.cz\/index.php?rest_route=\/wp\/v2\/posts"}],"about":[{"href":"https:\/\/www.invarena.cz\/index.php?rest_route=\/wp\/v2\/types\/post"}],"author":[{"embeddable":true,"href":"https:\/\/www.invarena.cz\/index.php?rest_route=\/wp\/v2\/users\/1"}],"replies":[{"embeddable":true,"href":"https:\/\/www.invarena.cz\/index.php?rest_route=%2Fwp%2Fv2%2Fcomments&post=11376"}],"version-history":[{"count":0,"href":"https:\/\/www.invarena.cz\/index.php?rest_route=\/wp\/v2\/posts\/11376\/revisions"}],"wp:attachment":[{"href":"https:\/\/www.invarena.cz\/index.php?rest_route=%2Fwp%2Fv2%2Fmedia&parent=11376"}],"wp:term":[{"taxonomy":"category","embeddable":true,"href":"https:\/\/www.invarena.cz\/index.php?rest_route=%2Fwp%2Fv2%2Fcategories&post=11376"},{"taxonomy":"post_tag","embeddable":true,"href":"https:\/\/www.invarena.cz\/index.php?rest_route=%2Fwp%2Fv2%2Ftags&post=11376"}],"curies":[{"name":"wp","href":"https:\/\/api.w.org\/{rel}","templated":true}]}}