{"id":11425,"date":"2013-10-05T22:02:15","date_gmt":"2013-10-05T20:02:15","guid":{"rendered":"http:\/\/www.invarena.cz\/?p=11425"},"modified":"2013-10-05T22:02:15","modified_gmt":"2013-10-05T20:02:15","slug":"hiv-nemocnych-stale-pribyva-vice-je-i-zemrelych","status":"publish","type":"post","link":"https:\/\/www.invarena.cz\/?p=11425","title":{"rendered":"HIV nemocn\u00fdch st\u00e1le p\u0159ib\u00fdv\u00e1, v\u00edce je i zem\u0159el\u00fdch"},"content":{"rendered":"<p><strong>V srpnu p\u0159ibylo v \u010cesku 30 pacient\u016f naka\u017een\u00fdch HIV, co\u017e je nejv\u011bt\u0161\u00ed mezim\u011bs\u00ed\u010dn\u00ed n\u00e1r\u016fst od roku 1985, kdy za\u010dal st\u00e1t po\u010det naka\u017een\u00fdch sledovat. Celkem bylo v \u010cesku ke konci srpna 2039 naka\u017een\u00fdch.<!--more--><\/strong><\/p>\n<p><strong>Celkem bylo v \u010cesku ke konci srpna 2039 naka\u017een\u00fdch.<\/strong><br \/>\nZ toho u 394 osob ji\u017e propuklo onemocn\u011bn\u00ed AIDS a 196 lid\u00ed od za\u010d\u00e1tku sledov\u00e1n\u00ed HIV\/AIDS onemocn\u011bn\u00ed podlehlo. Vypl\u00fdv\u00e1 to z \u00fadaj\u016f N\u00e1rodn\u00ed referen\u010dn\u00ed laborato\u0159e pro AIDS St\u00e1tn\u00edho zdravotn\u00edho \u00fastavu.<\/p>\n<p>&#8222;Srpen 2013 se st\u00e1v\u00e1 s po\u010dtem diagnostikovan\u00fdch p\u0159\u00edpad\u016f HIV infekce nej\u010dern\u011bj\u0161\u00edm m\u011bs\u00edcem v historii monitorov\u00e1n\u00ed problematiky HIV\/AIDS v \u010cR,&#8220; sd\u011blil expert na problematiku AIDS Miroslav Hlavat\u00fd, kter\u00fd l\u00e9ta vedl pra\u017esk\u00fd D\u016fm sv\u011btla pro pacienty. Nap\u0159\u00edklad v \u010dervenci p\u0159ibylo 26 lid\u00ed s HIV a loni v srpnu \u010dinil n\u00e1r\u016fst 24 pacient\u016f. Od za\u010d\u00e1tku leto\u0161n\u00edho roku zat\u00edm p\u0159ibylo 152 nov\u00fdch p\u0159\u00edpad\u016f HIV. Loni za stejn\u00e9 obdob\u00ed \u010dinil n\u00e1r\u016fst pouze 145 naka\u017een\u00fdch.<\/p>\n<p>Ze srpnov\u00fdch 30 nov\u011b diagnostikovan\u00fdch p\u0159\u00edpad\u016f HIV p\u0159ipadalo 23 na gaye. Z v\u011bkov\u00fdch skupin se nejv\u00edce naka\u017een\u00fdch objevilo v rozmez\u00ed 35 a\u017e 39 let, a to dev\u011bt, a z kraj\u016f bylo nejv\u00edce naka\u017een\u00fdch v Praze, celkem 16. Nikdo na\u0161t\u011bst\u00ed b\u011bhem srpna nepodlehl AIDS.<\/p>\n<p>Mezi celkov\u00fdmi 2039 HIV naka\u017een\u00fdmi evidovan\u00fdmi v \u010cR do konce leto\u0161n\u00edho srpna bylo 1690 mu\u017e\u016f a 349 \u017een. U 321 mu\u017e\u016f a 73 \u017een se ji\u017e projevilo onemocn\u011bn\u00ed AIDS, tedy Syndrom z\u00edskan\u00e9ho selh\u00e1n\u00ed imunity, kter\u00e9 vir HIV zp\u016fsobuje. Onemocn\u011bn\u00ed dosud v \u010cR podlehlo 159 mu\u017e\u016f a 37 \u017een.<\/p>\n<p><strong>\u00a0\u00a0\u00a0 Kumulativn\u00ed po\u010dty pacient\u016f s virem HIV a nemoc\u00ed AIDS a po\u010dty \u00famrt\u00ed od po\u010d\u00e1tku sledov\u00e1n\u00ed v \u010cR v dan\u00e9m roce:<\/strong><\/p>\n<table>\n<tbody>\n<tr>\n<td>Rok<\/td>\n<td>HIV<\/td>\n<td>AIDS<\/td>\n<td>\u00damrt\u00ed<\/td>\n<\/tr>\n<tr>\n<td>1986<\/td>\n<td>25<\/td>\n<td>1<\/td>\n<td>0<\/td>\n<\/tr>\n<tr>\n<td>1990<\/td>\n<td>108<\/td>\n<td>21<\/td>\n<td>13<\/td>\n<\/tr>\n<tr>\n<td>1995<\/td>\n<td>249<\/td>\n<td>72<\/td>\n<td>45<\/td>\n<\/tr>\n<tr>\n<td>2000<\/td>\n<td>500<\/td>\n<td>151<\/td>\n<td>91<\/td>\n<\/tr>\n<tr>\n<td>2005<\/td>\n<td>826<\/td>\n<td>202<\/td>\n<td>122<\/td>\n<\/tr>\n<tr>\n<td>2010<\/td>\n<td>1522<\/td>\n<td>321<\/td>\n<td>169<\/td>\n<\/tr>\n<tr>\n<td>2011<\/td>\n<td>1675<\/td>\n<td>345<\/td>\n<td>178<\/td>\n<\/tr>\n<tr>\n<td>2012<\/td>\n<td>1887<\/td>\n<td>373<\/td>\n<td>189<\/td>\n<\/tr>\n<tr>\n<td>2013*<\/td>\n<td>2039<\/td>\n<td>394<\/td>\n<td>196<\/td>\n<\/tr>\n<\/tbody>\n<\/table>\n<p>*\u00fadaje ke konci srpna<\/p>\n<p>Zdroj: N\u00e1rodn\u00ed referen\u010dn\u00ed laborato\u0159 pro AIDS St\u00e1tn\u00edho zdravotn\u00edho \u00fastavu<\/p>\n","protected":false},"excerpt":{"rendered":"<div class=\"mh-excerpt\"><p>V srpnu p\u0159ibylo v \u010cesku 30 pacient\u016f naka\u017een\u00fdch HIV, co\u017e je nejv\u011bt\u0161\u00ed mezim\u011bs\u00ed\u010dn\u00ed n\u00e1r\u016fst od roku 1985, kdy za\u010dal st\u00e1t po\u010det naka\u017een\u00fdch sledovat. Celkem bylo <a class=\"mh-excerpt-more\" href=\"https:\/\/www.invarena.cz\/?p=11425\" title=\"HIV nemocn\u00fdch st\u00e1le p\u0159ib\u00fdv\u00e1, v\u00edce je i zem\u0159el\u00fdch\">[&#8230;]<\/a><\/p>\n<\/div>","protected":false},"author":1,"featured_media":0,"comment_status":"open","ping_status":"open","sticky":false,"template":"","format":"standard","meta":{"footnotes":""},"categories":[11],"tags":[],"class_list":["post-11425","post","type-post","status-publish","format-standard","hentry","category-zdravi"],"_links":{"self":[{"href":"https:\/\/www.invarena.cz\/index.php?rest_route=\/wp\/v2\/posts\/11425","targetHints":{"allow":["GET"]}}],"collection":[{"href":"https:\/\/www.invarena.cz\/index.php?rest_route=\/wp\/v2\/posts"}],"about":[{"href":"https:\/\/www.invarena.cz\/index.php?rest_route=\/wp\/v2\/types\/post"}],"author":[{"embeddable":true,"href":"https:\/\/www.invarena.cz\/index.php?rest_route=\/wp\/v2\/users\/1"}],"replies":[{"embeddable":true,"href":"https:\/\/www.invarena.cz\/index.php?rest_route=%2Fwp%2Fv2%2Fcomments&post=11425"}],"version-history":[{"count":0,"href":"https:\/\/www.invarena.cz\/index.php?rest_route=\/wp\/v2\/posts\/11425\/revisions"}],"wp:attachment":[{"href":"https:\/\/www.invarena.cz\/index.php?rest_route=%2Fwp%2Fv2%2Fmedia&parent=11425"}],"wp:term":[{"taxonomy":"category","embeddable":true,"href":"https:\/\/www.invarena.cz\/index.php?rest_route=%2Fwp%2Fv2%2Fcategories&post=11425"},{"taxonomy":"post_tag","embeddable":true,"href":"https:\/\/www.invarena.cz\/index.php?rest_route=%2Fwp%2Fv2%2Ftags&post=11425"}],"curies":[{"name":"wp","href":"https:\/\/api.w.org\/{rel}","templated":true}]}}