{"id":11462,"date":"2013-10-08T09:47:39","date_gmt":"2013-10-08T07:47:39","guid":{"rendered":"http:\/\/www.invarena.cz\/?p=11462"},"modified":"2013-10-08T09:47:39","modified_gmt":"2013-10-08T07:47:39","slug":"na-prvni-krucky-cekala-jednadvacet-let","status":"publish","type":"post","link":"https:\/\/www.invarena.cz\/?p=11462","title":{"rendered":"Na prvn\u00ed kr\u016f\u010dky \u010dekala jednadvacet let"},"content":{"rendered":"<p><strong>Rodi\u010de si v\u011bt\u0161inou pamatuj\u00ed prvn\u00ed kr\u016f\u010dky sv\u00fdch d\u011bt\u00ed. Pokusy o ch\u016fzi se p\u0159ev\u00e1\u017en\u011b odehr\u00e1vaj\u00ed kolem prvn\u00edho roku jejich \u017eivota. Na prvn\u00ed kroky nikdy nezapomene ani pan\u00ed Anna. Jej\u00ed dce\u0159i p\u0159i nich ale bylo jednadvacet let. <\/strong>\/ilustra\u010dn\u00ed sn\u00edmek<strong>\/<!--more--><\/strong><\/p>\n<p>&nbsp;<\/p>\n<p>Mlad\u00e9 \u017een\u011b, nad kterou u\u017e l\u00e9ka\u0159i jak se \u0159\u00edk\u00e1 zlomili h\u016fl, pomohlo speci\u00e1ln\u00ed cvi\u010den\u00ed a v\u016fle.\u00a0 Dlouh\u00fdch dvacet let byla Podle report\u00e1\u017ee TV Barrandov Mi\u0161ka p\u0159ipoutan\u00e1 na voz\u00edk. Dnes po roce speci\u00e1ln\u00ed rehabilitace je schopna ud\u011blat p\u00e1r krok\u016f \u00fapln\u011b sama. Mi\u0161ka se narodila p\u0159ed\u010dasn\u011b a diagnostikovali j\u00ed d\u011btskou mozkovou obrnu.<\/p>\n<p>Anna MUSALOV\u00c1, matka Michaely:&#8220;M\u00e1 t\u0159i kon\u010detiny posti\u017een\u00e9, dv\u011b doln\u00ed a levou horn\u00ed ruku.&#8220;<\/p>\n<p>Matce Mi\u0161ky \u0159ekli, \u017ee se mus\u00ed sm\u00ed\u0159it s t\u00edm, \u017ee jej\u00ed dcera bude na voz\u00ed\u010dku.<\/p>\n<p>Anna MUSALOV\u00c1:&#8220;Samostatn\u011b v\u016fbec nikdy nechodila.&#8220;<\/p>\n<p>Vystudovala obchodn\u00ed akademii a po maturit\u011b si \u0159ekla, \u017ee chce sv\u016fj \u017eivot zm\u011bnit. Chce chodit \u00fapln\u011b bez pom\u016fcek &#8211; sama.<\/p>\n<p>Michala MUSALOV\u00c1, pacientka:&#8220;P\u0159edt\u00edm jsem se vlastn\u011b pohybovala jenom na voz\u00edku.&#8220;<\/p>\n<p>P\u0159ed rokem se dostala na rehabilitace do \u0160\u00farovce, celkov\u011b tam byla t\u0159ikr\u00e1t.<\/p>\n<p>Gabriel GRN\u00c1\u010c, neurolog:&#8220;V dob\u011b druh\u00e9ho pobytu v podstat\u011b se postavila a za\u010dala chodit o dvou berl\u00edch.&#8220;<\/p>\n<p>Mi\u0161ka je d\u016fkazem, \u017ee se d\u00e1 pomoct i dosp\u011bl\u00fdm pacient\u016fm, jenom mus\u00ed poctiv\u011b cvi\u010dit.<\/p>\n<p>Michala MUSALOV\u00c1:&#8220;Kdy\u017e m\u00e1te okolo sebe lidi, kte\u0159\u00ed tomu rozum\u00ed, tak potom to nen\u00ed a\u017e tak t\u011b\u017ek\u00e9, sta\u010d\u00ed tro\u0161ku sebezap\u0159en\u00ed a jde to.&#8220;<\/p>\n<p>Moment\u00e1ln\u011b je to rok od t\u00e9 doby, kdy na tom, aby mohla samostatn\u011b chodit usilovn\u011b a tvrd\u011b pracuje. Pro jej\u00ed matku je to mal\u00fd z\u00e1zrak.<\/p>\n<p>matka Michaly:&#8220;Jsem r\u00e1da, \u017ee v podstat\u011b je po\u0159\u00e1d \u0161ance a takov\u00e1 nad\u011bje.&#8220;<\/p>\n<p>Michala, pacientka:&#8220;Zkvalitn\u00ed mi to tak \u017eivot, proto\u017ee budu moct d\u011blat to co chci.&#8220;<\/p>\n<p>A Mi\u0161ka velmi p\u0159esn\u011b v\u00ed, co by cht\u011bla.<\/p>\n<p>Michala:&#8220;St\u00e1t se psycholo\u017ekou a tak pom\u00e1hat lidem a na to mus\u00edm vlastn\u011b natr\u00e9novat tu ch\u016fzi.&#8220;<\/p>\n<p>matka Michaly:&#8220;Ona je takov\u00e1, \u017ee v podstat\u011b nechce jenom sed\u011bt doma, ale chce i n\u011bco dos\u00e1hnout v \u017eivot\u011b, tak\u017ee vypad\u00e1 to, \u017ee se n\u00e1m to poda\u0159\u00ed.<\/p>\n<p>Podle report\u00e1\u017ee TV Barrandov zaznamenala invArena<\/p>\n","protected":false},"excerpt":{"rendered":"<div class=\"mh-excerpt\"><p>Rodi\u010de si v\u011bt\u0161inou pamatuj\u00ed prvn\u00ed kr\u016f\u010dky sv\u00fdch d\u011bt\u00ed. Pokusy o ch\u016fzi se p\u0159ev\u00e1\u017en\u011b odehr\u00e1vaj\u00ed kolem prvn\u00edho roku jejich \u017eivota. Na prvn\u00ed kroky nikdy nezapomene ani <a class=\"mh-excerpt-more\" href=\"https:\/\/www.invarena.cz\/?p=11462\" title=\"Na prvn\u00ed kr\u016f\u010dky \u010dekala jednadvacet let\">[&#8230;]<\/a><\/p>\n<\/div>","protected":false},"author":1,"featured_media":904,"comment_status":"open","ping_status":"open","sticky":false,"template":"","format":"standard","meta":{"footnotes":""},"categories":[7],"tags":[],"class_list":["post-11462","post","type-post","status-publish","format-standard","has-post-thumbnail","hentry","category-spolecnost"],"_links":{"self":[{"href":"https:\/\/www.invarena.cz\/index.php?rest_route=\/wp\/v2\/posts\/11462","targetHints":{"allow":["GET"]}}],"collection":[{"href":"https:\/\/www.invarena.cz\/index.php?rest_route=\/wp\/v2\/posts"}],"about":[{"href":"https:\/\/www.invarena.cz\/index.php?rest_route=\/wp\/v2\/types\/post"}],"author":[{"embeddable":true,"href":"https:\/\/www.invarena.cz\/index.php?rest_route=\/wp\/v2\/users\/1"}],"replies":[{"embeddable":true,"href":"https:\/\/www.invarena.cz\/index.php?rest_route=%2Fwp%2Fv2%2Fcomments&post=11462"}],"version-history":[{"count":0,"href":"https:\/\/www.invarena.cz\/index.php?rest_route=\/wp\/v2\/posts\/11462\/revisions"}],"wp:featuredmedia":[{"embeddable":true,"href":"https:\/\/www.invarena.cz\/index.php?rest_route=\/wp\/v2\/media\/904"}],"wp:attachment":[{"href":"https:\/\/www.invarena.cz\/index.php?rest_route=%2Fwp%2Fv2%2Fmedia&parent=11462"}],"wp:term":[{"taxonomy":"category","embeddable":true,"href":"https:\/\/www.invarena.cz\/index.php?rest_route=%2Fwp%2Fv2%2Fcategories&post=11462"},{"taxonomy":"post_tag","embeddable":true,"href":"https:\/\/www.invarena.cz\/index.php?rest_route=%2Fwp%2Fv2%2Ftags&post=11462"}],"curies":[{"name":"wp","href":"https:\/\/api.w.org\/{rel}","templated":true}]}}