{"id":11469,"date":"2013-10-07T10:39:44","date_gmt":"2013-10-07T08:39:44","guid":{"rendered":"http:\/\/www.invarena.cz\/?p=11469"},"modified":"2013-10-07T10:39:44","modified_gmt":"2013-10-07T08:39:44","slug":"petice-za-lepsi-dostupnost-kvalitni-rehabilitacni-pece","status":"publish","type":"post","link":"https:\/\/www.invarena.cz\/?p=11469","title":{"rendered":"Petice za lep\u0161\u00ed dostupnost kvalitn\u00ed rehabilita\u010dn\u00ed p\u00e9\u010de"},"content":{"rendered":"<p><strong>Rodi\u010de posti\u017een\u00fdch d\u011bt\u00ed se rozhodli, \u017ee sep\u00ed\u0161\u00ed petici. Je ur\u010dena zdravotn\u00edm poji\u0161\u0165ovn\u00e1m, kter\u00e9 odm\u00edtaj\u00ed hradit l\u00e1ze\u0148sk\u00e9 procedury, kter\u00e9 posti\u017een\u00fdm mohou pomoci.<\/strong><br \/>\n<!--more--><\/p>\n<p><strong>text petice:<\/strong><br \/>\nRodi\u010de posti\u017een\u00fdch d\u011bt\u00ed zdravotn\u00edm poji\u0161\u0165ovn\u00e1m<\/p>\n<p>Dovolujeme si V\u00e1s oslovit ve v\u011bci lep\u0161\u00ed dostupnosti kvalitn\u00ed rehabilita\u010dn\u00ed p\u00e9\u010de.<\/p>\n<p>Po schv\u00e1len\u00ed nov\u00e9ho indika\u010dn\u00edho seznamu do\u0161lo ke zkr\u00e1cen\u00ed d\u00e9lky l\u00e1ze\u0148sk\u00fdch pobyt\u016f a t\u00edm i zhor\u0161en\u00ed p\u00e9\u010de pro na\u0161e posti\u017een\u00e9 d\u011bti. To v\u0161e v dob\u011b, kdy za\u010dala Sanatoria Klimkovice nab\u00edzet mimo\u0159\u00e1dn\u011b \u00fa\u010dinn\u00e9 mo\u017enosti rehabilitace, kter\u00e9 n\u00e1m jako rodi\u010d\u016fm d\u00e1vaj\u00ed nad\u011bji na zlep\u0161en\u00ed stavu na\u0161ich d\u011bt\u00ed. To n\u00e1s jako rodi\u010de vedlo k zalo\u017een\u00ed ob\u010dansk\u00e9ho sdru\u017een\u00ed a ke spole\u010dn\u00e9mu postupu p\u0159i seps\u00e1n\u00ed t\u00e9to \u017e\u00e1dosti pro v\u0161echny zdravotn\u00ed poji\u0161\u0165ovny v \u010cR.<\/p>\n<p>Asociace rodi\u010d\u016f d\u011bt\u00ed s DMO a p\u0159idru\u017een\u00fdmi neurologick\u00fdmi onemocn\u011bn\u00edmi \u010cR je ob\u010dansk\u00e9 sdru\u017een\u00ed, kter\u00e9 bylo zalo\u017eeno za \u00fa\u010delem sdru\u017eov\u00e1n\u00ed rodi\u010d\u016f d\u011bt\u00ed s DMO, neurologick\u00fdmi onemocn\u011bn\u00edmi a poran\u011bn\u00edmi mozku, kte\u0159\u00ed cht\u011bj\u00ed aktivn\u011b prosazovat zlep\u0161ov\u00e1n\u00ed zdravotn\u00edho stavu d\u011bt\u00ed a soci\u00e1ln\u00edho postaven\u00ed jejich rodin.<\/p>\n<p>Posl\u00e1n\u00edm Asociace je zab\u00fdvat se probl\u00e9my rodi\u010d\u016f s posti\u017een\u00fdmi d\u011btmi, vytvo\u0159it informa\u010dn\u00ed syst\u00e9m pro rodi\u010de od sam\u00e9ho po\u010d\u00e1tku neurologick\u00fdch pot\u00ed\u017e\u00ed d\u00edt\u011bte, podpora a rozvoj komplexn\u00edch rehabilita\u010dn\u00edch slu\u017eeb posti\u017een\u00fdm d\u011btem, h\u00e1jen\u00ed opr\u00e1vn\u011bn\u00fdch z\u00e1jm\u016f rodi\u010d\u016f posti\u017een\u00fdch d\u011bt\u00ed v\u016f\u010di st\u00e1tn\u00edm org\u00e1n\u016fm a zdravotn\u00edm poji\u0161\u0165ovn\u00e1m, pod\u00edlen\u00ed se na p\u0159\u00edprav\u011b a p\u0159ipom\u00ednkov\u00e1n\u00ed z\u00e1kon\u016f a vyhl\u00e1\u0161ek t\u00fdkaj\u00edc\u00edch se posti\u017een\u00fdch d\u011bt\u00ed.<\/p>\n<p>St\u00e1vaj\u00edc\u00ed rehabilitace d\u011bt\u00ed s DMO a p\u0159idru\u017een\u00fdmi neurologick\u00fdmi onemocn\u011bn\u00edmi, kter\u00e1 je nab\u00edzena ve v\u011bt\u0161in\u011b l\u00e1ze\u0148sk\u00fdch nebo OLU za\u0159\u00edzen\u00ed, je m\u00e1lo efektivn\u00ed a \u00fa\u010dinn\u00e1. Pobyt v takov\u00e9m za\u0159\u00edzen\u00ed je dnes v\u00edce soci\u00e1ln\u00ed slu\u017ebou s 3 procedurami denn\u011b po cca 20 min. Individu\u00e1ln\u00ed cvi\u010den\u00ed (ILTV) v d\u00e9lce 20 min., ve kter\u00fdch mus\u00ed fyzioterapeut stihnout d\u00edt\u011b nejen odcvi\u010dit, ale i svl\u00e9ct a obl\u00e9ct, a na samotnou rehabilitaci mu tedy zb\u00fdv\u00e1 cca 10 a\u017e 15 min., nen\u00ed toti\u017e ani na \u00farovni udr\u017eovac\u00ed rehabilitace.<\/p>\n<p>Sanatoria Klimkovice druh\u00fdm rokem spolupracuj\u00ed s p\u0159edn\u00edmi odborn\u00edky cel\u00e9ho sv\u011bta a jako jedin\u00e9 v \u010cR jsou v l\u00e9\u010db\u011b t\u011b\u017ece posti\u017een\u00fdch neurologick\u00fdch d\u011bt\u00ed s DMO na srovnateln\u00e9 evropsk\u00e9 a sv\u011btov\u00e9 \u00farovni. Specializovan\u00e1 terapie pro l\u00e9\u010dbu d\u011bt\u00ed s DMO &#8211; KLIMTHERAPY &#8211; kterou Sanatoria zavedla spole\u010dn\u011b s americkou dr\u017eitelkou sv\u011btov\u00e9ho patentu, IZABELOU KOSCIELNY, m\u00e1 mimo\u0159\u00e1dn\u00e9 v\u00fdsledky a trvalou \u00fa\u010dinnost p\u0159i zkvalitn\u011bn\u00ed \u017eivota na\u0161\u00edch posti\u017een\u00fdch d\u011bt\u00ed. Po absolvov\u00e1n\u00ed intenzivn\u00ed terapie, za\u017e\u00edvaj\u00ed mnoz\u00ed z n\u00e1s neuv\u011b\u0159iteln\u00e9 pocity, kdy na\u0161e d\u011bti si poprv\u00e9 dok\u00e1\u017eou sednout, poprv\u00e9 se postav\u00ed na sv\u00e9 nohy, poprv\u00e9 se p\u0159eto\u010d\u00ed, \u010di zvednou ruku, nemluv\u011b, kdy\u017e ud\u011blaj\u00ed sv\u00e9 prvn\u00ed kroky.<\/p>\n<p>Tato intenzivn\u00ed a ve sv\u011bt\u011b respektovan\u00e1 metoda vyu\u017e\u00edv\u00e1 3 hodin propracovan\u00e9ho syst\u00e9mu cvi\u010den\u00ed, co\u017e nelze ani zdaleka srovnat s v\u00fd\u0161e zmi\u0148ovan\u00fdm neefektivn\u00edm standardem rehabilitace v d\u00e9lce 20 minut. Nav\u00edc ve spojen\u00ed s jedine\u010dn\u00fdm zdrojem jodobromov\u00e9 solanky se st\u00e1v\u00e1 komplexn\u00ed l\u00e9\u010dba KLIMTHERAPY nenahraditeln\u00e1 pro l\u00e9\u010dbu na\u0161\u00edch d\u011bt\u00ed s DMO a p\u0159idru\u017een\u00fdmi neurologick\u00fdmi onemocn\u011bn\u00edmi.<\/p>\n<p>Proto\u017ee v\u0161ak nen\u00ed tato \u00fa\u010dinn\u00e1 metoda hrazena zdravotn\u00edmi poji\u0161\u0165ovnami, jsme jako rodi\u010de vystaveni zoufal\u00e9 a \u010dasto poni\u017euj\u00edc\u00ed situaci. Mus\u00edme sh\u00e1n\u011bt pen\u00edze od nadac\u00ed, dopro\u0161ovat se sponzor\u016f, po\u0159\u00e1dat nejr\u016fzn\u011bj\u0161\u00ed sb\u00edrky, zadlu\u017eovat se p\u016fj\u010dkami cel\u00fdch rodin apod.<\/p>\n<p>Ano, jsme pro sv\u00e9 d\u011bti schopni ud\u011blat a podstoupit opravdu v\u0161echno. Nem\u011bli bychom ale zapom\u00ednat, \u017ee se to m\u016f\u017ee p\u0159ihodit opravdu komukoliv a tak\u00e9 to, \u017ee \u00farove\u0148 n\u00e1roda se m\u011b\u0159\u00ed podle toho, jak se dok\u00e1\u017ee postarat o sv\u00e9 nemocn\u00e9 a bezbrann\u00e9. U d\u011bt\u00ed by to m\u011blo platit desateron\u00e1sobn\u011b.<\/p>\n<p>Nav\u00edc, aby rehabilitace byla opravdu \u00fa\u010dinn\u00e1 a dosa\u017een\u00e9 pokroky trval\u00e9 \u010di udr\u017eiteln\u00e9, mus\u00ed se v\u00edcekr\u00e1t za rok zopakovat, jak dokl\u00e1daj\u00ed jednak studie, ale i zpr\u00e1vy a doporu\u010den\u00ed d\u011btsk\u00fdch neurolog\u016f a pediatr\u016f. Proto\u017ee v\u0161ak l\u00e1ze\u0148sk\u00e1 l\u00e9\u010dba je d\u00edt\u011bti a doprovodu ve v\u011bt\u0161in\u011b p\u0159\u00edpadech schvalov\u00e1na pouze 1x za rok na 28 dn\u00ed, jsme nuceni n\u00e1sledn\u00e9 pobyty hradit v\u010detn\u011b ubytov\u00e1n\u00ed, stravy a procedur ze 100%.<\/p>\n<p>Po setk\u00e1n\u00ed s veden\u00edm Sanatoria Klimkovice jsme zjistili, \u017ee \u010d\u00e1ste\u010dn\u00e9 \u0159e\u0161en\u00ed by p\u0159ineslo p\u0159izn\u00e1n\u00ed statusu OLU pro Klimkovick\u00e9 Sanatoria, kdy by se n\u00e1m rehabilita\u010dn\u00ed pobyty alespo\u0148 o n\u011bco zlevnily. Klimkovick\u00e9 Sanatoria nemaj\u00ed tento statut u d\u011btsk\u00fdch pacient\u016f nasmlouvan\u00fd s V\u00e1mi, zdravotn\u00edmi poji\u0161\u0165ovnami.<\/p>\n<p>Z v\u00fd\u0161e uveden\u00fdch d\u016fvod\u016f si V\u00e1s dovolujeme po\u017e\u00e1dat o nasmlouv\u00e1n\u00ed OLU l\u016f\u017eek pro d\u011btsk\u00e9 indikace, co\u017e povede ke zv\u00fd\u0161en\u00ed \u00farovn\u011b rehabilitace posti\u017een\u00fdch d\u011bt\u00ed a d\u016fstojn\u011bj\u0161\u00edmu postaven\u00ed n\u00e1s rodi\u010d\u016f.<\/p>\n<p>Za Asociaci rodi\u010d\u016f d\u011bt\u00ed s DMO a p\u0159idru\u017een\u00fdmi onemocn\u011bn\u00edmi \u010cR<\/p>\n<p>Kate\u0159ina Novotn\u00e1, p\u0159,<\/p>\n<p>Milo\u0161 Svoboda, mp\u0159.<\/p>\n<p><a href=\"http:\/\/www.petice24.com\/rodie_postienych_dti_zdravotnim_pojiovnam\">Petici m\u016f\u017eete podepsat zde:<\/a><\/p>\n<p>Parlamentnilisty.cz<\/p>\n","protected":false},"excerpt":{"rendered":"<div class=\"mh-excerpt\"><p>Rodi\u010de posti\u017een\u00fdch d\u011bt\u00ed se rozhodli, \u017ee sep\u00ed\u0161\u00ed petici. Je ur\u010dena zdravotn\u00edm poji\u0161\u0165ovn\u00e1m, kter\u00e9 odm\u00edtaj\u00ed hradit l\u00e1ze\u0148sk\u00e9 procedury, kter\u00e9 posti\u017een\u00fdm mohou pomoci.<\/p>\n<\/div>","protected":false},"author":1,"featured_media":0,"comment_status":"open","ping_status":"open","sticky":false,"template":"","format":"standard","meta":{"footnotes":""},"categories":[11],"tags":[],"class_list":["post-11469","post","type-post","status-publish","format-standard","hentry","category-zdravi"],"_links":{"self":[{"href":"https:\/\/www.invarena.cz\/index.php?rest_route=\/wp\/v2\/posts\/11469","targetHints":{"allow":["GET"]}}],"collection":[{"href":"https:\/\/www.invarena.cz\/index.php?rest_route=\/wp\/v2\/posts"}],"about":[{"href":"https:\/\/www.invarena.cz\/index.php?rest_route=\/wp\/v2\/types\/post"}],"author":[{"embeddable":true,"href":"https:\/\/www.invarena.cz\/index.php?rest_route=\/wp\/v2\/users\/1"}],"replies":[{"embeddable":true,"href":"https:\/\/www.invarena.cz\/index.php?rest_route=%2Fwp%2Fv2%2Fcomments&post=11469"}],"version-history":[{"count":0,"href":"https:\/\/www.invarena.cz\/index.php?rest_route=\/wp\/v2\/posts\/11469\/revisions"}],"wp:attachment":[{"href":"https:\/\/www.invarena.cz\/index.php?rest_route=%2Fwp%2Fv2%2Fmedia&parent=11469"}],"wp:term":[{"taxonomy":"category","embeddable":true,"href":"https:\/\/www.invarena.cz\/index.php?rest_route=%2Fwp%2Fv2%2Fcategories&post=11469"},{"taxonomy":"post_tag","embeddable":true,"href":"https:\/\/www.invarena.cz\/index.php?rest_route=%2Fwp%2Fv2%2Ftags&post=11469"}],"curies":[{"name":"wp","href":"https:\/\/api.w.org\/{rel}","templated":true}]}}