{"id":1150,"date":"2013-02-20T09:46:37","date_gmt":"2013-02-20T08:46:37","guid":{"rendered":"http:\/\/www.invarena.cz\/?p=1150"},"modified":"2014-10-20T20:14:48","modified_gmt":"2014-10-20T18:14:48","slug":"lide-dodnes-nedostali-davky","status":"publish","type":"post","link":"https:\/\/www.invarena.cz\/?p=1150","title":{"rendered":"Lid\u00e9 dodnes nedostali d\u00e1vky"},"content":{"rendered":"<p>M\u00e1me dvac\u00e1t\u00fd den v m\u011bs\u00edci a spousta lid\u00ed do dne\u0161n\u00edho dne nedostala soci\u00e1ln\u00ed d\u00e1vky. \u00da\u0159ad tvrd\u00ed: &#8222;M\u00e1me \u010das do konce m\u011bs\u00edce.&#8220;<br \/>\n<!--more--><br \/>\nKonec m\u011bs\u00edce. To je podle \u00da\u0159adu pr\u00e1ce \u010cR jedin\u00fd z\u00e1vazn\u00fd term\u00edn pro v\u00fdplatu d\u00e1vek. Pravidelnost klienti \u010dekat nemohou. T\u0159eba pan\u00ed Eva z Karlov\u00fdch Var\u016f, matka dvou d\u011bt\u00ed, dost\u00e1vala rodi\u010dovsk\u00fd p\u0159\u00edsp\u011bvek nejpozd\u011bji 15. den v m\u011bs\u00edci. V\u010dera je\u0161t\u011b nem\u011bla na soukrom\u00e9m \u00fa\u010dtu u \u010cesk\u00e9 spo\u0159itelny nic. <\/p>\n<p>&#8222;\u00da\u0159ady pr\u00e1ce si klienty rozmazlily, proto\u017ee jim to poslaly t\u0159eba u\u017e p\u00e1t\u00e9ho. Ale objem d\u00e1vek a pr\u00e1ce nar\u016fst\u00e1 a z\u00e1konn\u00fd term\u00edn je do konce m\u011bs\u00edce,&#8220; upozor\u0148uje mluv\u010d\u00ed \u00da\u0159adu pr\u00e1ce \u010cR Ji\u0159\u00ed Reichl. &#8222;Term\u00edn pro vyplacen\u00ed rodi\u010dovsk\u00fdch p\u0159\u00edsp\u011bvk\u016f za leden 2013 je do konce m\u011bs\u00edce \u00fanora 2013,&#8220; dod\u00e1v\u00e1. <\/p>\n<p>Term\u00edny pro jednotliv\u00e9 typy d\u00e1vek podle n\u011bj nejsou pevn\u011b stanoveny, datum, kdy pen\u00edze odch\u00e1zej\u00ed z \u00fa\u010dtu \u00fa\u0159adu pr\u00e1ce, m\u016f\u017ee ovlivnit \u0159ada v\u011bc\u00ed &#8211; po\u010det pracovn\u00edch dn\u016f, v\u00edkendy. &#8222;A tak\u00e9 zcela pochopiteln\u00e9 technick\u00e9 mo\u017enosti cel\u00e9ho syst\u00e9mu,&#8220; podotkl Reichl. <\/p>\n<p>Od lo\u0148sk\u00e9ho roku \u00fa\u0159ady pr\u00e1ce a \u010cSSZ p\u0159e\u0161ly na nov\u00fd IT syst\u00e9m nasmlouvan\u00fd exministrem Jarom\u00edrem Dr\u00e1bkem. Ten st\u00e1le nen\u00ed dota\u017een\u00fd a p\u016fsob\u00ed \u00fa\u0159edn\u00edk\u016fm a n\u00e1sledn\u011b klient\u016fm pot\u00ed\u017ee s tokem informac\u00ed. Nap\u0159\u00edklad minul\u00fd t\u00fdden software dod\u00e1van\u00fd firmou Monet Plus nep\u0159i\u0159adil k 15 tis\u00edc\u016fm d\u00e1vek pro Olomouck\u00fd kraj k\u00f3d, aby mohly proj\u00edt z sKartov\u00e9ho \u00fa\u010dtu d\u00e1le na soukrom\u00e9 \u00fa\u010dty klient\u016f. <\/p>\n<p>A postoj ministerstva? &#8222;P\u0159esto\u017ee to nebyla chyba MPSV ani \u00da\u0159adu pr\u00e1ce \u010cR, \u00fa\u0159ady se v\u010dera ob\u010dan\u016fm omluvily,&#8220; uvedlo v tiskov\u00e9 zpr\u00e1v\u011b. Naposledy \u00fa\u0159ad \u0159e\u0161il odd\u011blen\u00ed v\u00fdplaty p\u011bstounsk\u00fdch d\u00e1vek v informa\u010dn\u00edm syst\u00e9mu od ostatn\u00edch. To se podle Reichla poda\u0159ilo a m\u011blo by to do budoucna v\u00fdplaty urychlit. <\/p>\n<p>Bi\u010d si na sebe dobrovoln\u011b upletla \u010cesk\u00e1 spo\u0159itelna, kdy\u017e do projektu sKaret slou\u017e\u00edc\u00edch k v\u00fdplat\u011b d\u00e1vek vstoupila. Ve\u0161ker\u00e1 kritika za opo\u017ed\u011bn\u00e9 d\u00e1vky se tak sn\u00e1\u0161\u00ed na ni. <\/p>\n<p>&#8222;V\u00fd\u0161i \u010d\u00e1stky a den, kdy maj\u00ed b\u00fdt pen\u00edze p\u0159ips\u00e1ny na technick\u00e9 \u00fa\u010dty k sKart\u011b, ur\u010duje \u00da\u0159ad pr\u00e1ce \u010cR. \u010cesk\u00e1 spo\u0159itelna nem\u016f\u017ee tento proces nijak ovlivnit,&#8220; br\u00e1n\u00ed se banka kritice des\u00edtek dr\u017eitel\u016f sKarty na sv\u00e9m facebookov\u00e9m profilu. <\/p>\n<p>M\u011bs\u00ed\u010dn\u011b \u00fa\u0159ady pr\u00e1ce vyplat\u00ed 1,9 milionu d\u00e1vek za \u0161est miliard korun.<\/p>\n<p>Jitka Vlkov\u00e1<br \/>\nMlad\u00e1 fronta DNES<\/p>\n","protected":false},"excerpt":{"rendered":"<div class=\"mh-excerpt\"><p>M\u00e1me dvac\u00e1t\u00fd den v m\u011bs\u00edci a spousta lid\u00ed do dne\u0161n\u00edho dne nedostala soci\u00e1ln\u00ed d\u00e1vky. \u00da\u0159ad tvrd\u00ed: &#8222;M\u00e1me \u010das do konce m\u011bs\u00edce.&#8220;<\/p>\n<\/div>","protected":false},"author":1,"featured_media":0,"comment_status":"open","ping_status":"open","sticky":false,"template":"","format":"standard","meta":{"footnotes":""},"categories":[1],"tags":[],"class_list":["post-1150","post","type-post","status-publish","format-standard","hentry","category-nezarazene"],"_links":{"self":[{"href":"https:\/\/www.invarena.cz\/index.php?rest_route=\/wp\/v2\/posts\/1150","targetHints":{"allow":["GET"]}}],"collection":[{"href":"https:\/\/www.invarena.cz\/index.php?rest_route=\/wp\/v2\/posts"}],"about":[{"href":"https:\/\/www.invarena.cz\/index.php?rest_route=\/wp\/v2\/types\/post"}],"author":[{"embeddable":true,"href":"https:\/\/www.invarena.cz\/index.php?rest_route=\/wp\/v2\/users\/1"}],"replies":[{"embeddable":true,"href":"https:\/\/www.invarena.cz\/index.php?rest_route=%2Fwp%2Fv2%2Fcomments&post=1150"}],"version-history":[{"count":0,"href":"https:\/\/www.invarena.cz\/index.php?rest_route=\/wp\/v2\/posts\/1150\/revisions"}],"wp:attachment":[{"href":"https:\/\/www.invarena.cz\/index.php?rest_route=%2Fwp%2Fv2%2Fmedia&parent=1150"}],"wp:term":[{"taxonomy":"category","embeddable":true,"href":"https:\/\/www.invarena.cz\/index.php?rest_route=%2Fwp%2Fv2%2Fcategories&post=1150"},{"taxonomy":"post_tag","embeddable":true,"href":"https:\/\/www.invarena.cz\/index.php?rest_route=%2Fwp%2Fv2%2Ftags&post=1150"}],"curies":[{"name":"wp","href":"https:\/\/api.w.org\/{rel}","templated":true}]}}