{"id":11531,"date":"2013-10-09T11:40:37","date_gmt":"2013-10-09T09:40:37","guid":{"rendered":"http:\/\/www.invarena.cz\/?p=11531"},"modified":"2013-10-09T21:43:09","modified_gmt":"2013-10-09T19:43:09","slug":"paralympionici-predstirali-sve-postizeni","status":"publish","type":"post","link":"https:\/\/www.invarena.cz\/?p=11531","title":{"rendered":"Paralympionici p\u0159edst\u00edrali posti\u017een\u00ed"},"content":{"rendered":"<p><strong>Nejv\u011bt\u0161\u00ed skand\u00e1l v historii paralympijsk\u00fdch her, kdy ve v\u00edt\u011bzn\u00e9m t\u00fdmu ment\u00e1ln\u011b posti\u017een\u00fdch \u0161pan\u011blsk\u00fdch basketbalist\u016f byli opravdu posti\u017een\u00ed pouze dva hr\u00e1\u010di, skon\u010dil jen sm\u011b\u0161nou pokutou.<!--more--><\/strong><\/p>\n<p>Podle report\u00e1\u017ee TV Nova byli ve v\u00edt\u011bzn\u00e9m t\u00fdmu ment\u00e1ln\u011b posti\u017een\u00fdch \u0161pan\u011blsk\u00fdch basketbalist\u016f byli v roce 2000 opravdu posti\u017een\u00ed pouze 2 hr\u00e1\u010di. Zbyl\u00fdch 10 hr\u00e1\u010d\u016f \u017e\u00e1dn\u00fd handicap nem\u011blo.<\/p>\n<p>Na paralympi\u00e1d\u011b v Sydney v roce 2000 z\u00edskal zlat\u00e9 medaile \u0161pan\u011blsk\u00fd t\u00fdm ment\u00e1ln\u011b posti\u017een\u00fdch basketbalist\u016f. Bylo jich celkem 12, jen\u017ee jak se pozd\u011bji uk\u00e1zalo, rovn\u00fdch 10 z nich \u017e\u00e1dn\u00e9 posti\u017een\u00ed nem\u011blo. V k\u00e1dru byli i in\u017een\u00fd\u0159i a dal\u0161\u00ed absolventi vysok\u00fdch \u0161kol.<\/p>\n<p>Carlos RIBAGORDA; \u0161pan\u011blsk\u00fd novin\u00e1\u0159\/: &#8222;Schv\u00e1ln\u011b je anga\u017eovali, aby z\u00edskali medaili a t\u00edm dal\u0161\u00ed sponzoring. N\u011bkolik hr\u00e1\u010d\u016f \u017e\u00e1dn\u00fd ment\u00e1ln\u00ed handicap nem\u011blo.&#8220;<\/p>\n<p>\u0160pan\u011bl\u0161t\u00ed basketbalist\u00e9 p\u0159ed 13 lety v\u00e1lcovali jednoho soupe\u0159e za druh\u00fdm. Zlat\u00e9 medaile nakonec museli vr\u00e1tit. \u0158\u00edk\u00e1te si ale, jak je mo\u017en\u00e9, \u017ee se sportovci bez posti\u017een\u00ed do paralympijsk\u00e9ho t\u00fdmu dostali? Jednodu\u0161e. Nemuseli se podrobit \u017e\u00e1dn\u00fdm l\u00e9ka\u0159sk\u00fdm nebo psychologick\u00fdm test\u016fm. P\u0159edseda \u0160pan\u011blsk\u00e9ho paralympijsk\u00e9ho v\u00fdboru byl tehdy z cel\u00e9 ud\u00e1losti v \u0161oku.<\/p>\n<p>Jose Maria ARROYO; p\u0159edseda \u0160pan\u011blsk\u00e9ho paralympijsk\u00e9ho v\u00fdboru\/: &#8222;Je smutn\u00e9, \u017ee by mohl b\u00fdt n\u00e1\u0161 \u00fasp\u011bch v Sydney zast\u00edn\u011bn nef\u00e9rov\u00fdm p\u0159\u00edstupem n\u011bkolika sportovc\u016f. Proto se prost\u0159ednictv\u00edm vy\u0161et\u0159ov\u00e1n\u00ed chceme dobrat k n\u011bjak\u00fdm z\u00e1v\u011br\u016fm.&#8220;<\/p>\n<p>Definitivn\u00ed z\u00e1v\u011br p\u0159i\u0161el po 13 letech. Za podvod je podle soudu zodpov\u011bdn\u00fd b\u00fdval\u00fd prezident \u0161pan\u011blsk\u00e9ho svazu ment\u00e1ln\u011b posti\u017een\u00fdch sportovc\u016f Fernando Vicente a mus\u00ed zaplatit v p\u0159epo\u010dtu 138 tis\u00edc korun. Za to, \u017ee vlastn\u011b kv\u016fli n\u011bmu pykali ment\u00e1ln\u011b posti\u017een\u00ed sportovci z cel\u00e9ho sv\u011bta, je to hodn\u011b sm\u011b\u0161n\u00e1 pokuta. Kv\u016fli podv\u00e1d\u011bj\u00edc\u00edm \u0160pan\u011bl\u016fm toti\u017e \u017e\u00e1dn\u00fd z nich nemohl startovat na paralympi\u00e1d\u00e1ch dlouh\u00fdch 12 let.<\/p>\n<p>podle report\u00e1\u017ee televize Nova zaznamenala invArena<\/p>\n","protected":false},"excerpt":{"rendered":"<div class=\"mh-excerpt\"><p>Nejv\u011bt\u0161\u00ed skand\u00e1l v historii paralympijsk\u00fdch her, kdy ve v\u00edt\u011bzn\u00e9m t\u00fdmu ment\u00e1ln\u011b posti\u017een\u00fdch \u0161pan\u011blsk\u00fdch basketbalist\u016f byli opravdu posti\u017een\u00ed pouze dva hr\u00e1\u010di, skon\u010dil jen sm\u011b\u0161nou pokutou.<\/p>\n<\/div>","protected":false},"author":1,"featured_media":11579,"comment_status":"open","ping_status":"open","sticky":false,"template":"","format":"standard","meta":{"footnotes":""},"categories":[7],"tags":[],"class_list":["post-11531","post","type-post","status-publish","format-standard","has-post-thumbnail","hentry","category-spolecnost"],"_links":{"self":[{"href":"https:\/\/www.invarena.cz\/index.php?rest_route=\/wp\/v2\/posts\/11531","targetHints":{"allow":["GET"]}}],"collection":[{"href":"https:\/\/www.invarena.cz\/index.php?rest_route=\/wp\/v2\/posts"}],"about":[{"href":"https:\/\/www.invarena.cz\/index.php?rest_route=\/wp\/v2\/types\/post"}],"author":[{"embeddable":true,"href":"https:\/\/www.invarena.cz\/index.php?rest_route=\/wp\/v2\/users\/1"}],"replies":[{"embeddable":true,"href":"https:\/\/www.invarena.cz\/index.php?rest_route=%2Fwp%2Fv2%2Fcomments&post=11531"}],"version-history":[{"count":0,"href":"https:\/\/www.invarena.cz\/index.php?rest_route=\/wp\/v2\/posts\/11531\/revisions"}],"wp:featuredmedia":[{"embeddable":true,"href":"https:\/\/www.invarena.cz\/index.php?rest_route=\/wp\/v2\/media\/11579"}],"wp:attachment":[{"href":"https:\/\/www.invarena.cz\/index.php?rest_route=%2Fwp%2Fv2%2Fmedia&parent=11531"}],"wp:term":[{"taxonomy":"category","embeddable":true,"href":"https:\/\/www.invarena.cz\/index.php?rest_route=%2Fwp%2Fv2%2Fcategories&post=11531"},{"taxonomy":"post_tag","embeddable":true,"href":"https:\/\/www.invarena.cz\/index.php?rest_route=%2Fwp%2Fv2%2Ftags&post=11531"}],"curies":[{"name":"wp","href":"https:\/\/api.w.org\/{rel}","templated":true}]}}