{"id":1155,"date":"2013-02-20T11:10:19","date_gmt":"2013-02-20T10:10:19","guid":{"rendered":"http:\/\/www.invarena.cz\/?p=1155"},"modified":"2013-02-23T15:37:32","modified_gmt":"2013-02-23T14:37:32","slug":"velka-pomoc-pro-vozickare","status":"publish","type":"post","link":"https:\/\/www.invarena.cz\/?p=1155","title":{"rendered":"Velk\u00e1 pomoc pro voz\u00ed\u010dk\u00e1\u0159e"},"content":{"rendered":"<p>Voz\u00ed\u010dk\u00e1\u0159i by se u\u017e m\u011bli m\u00e9n\u011b \u010dasto ocitat v situaci, kdy se n\u011bkam pot\u0159ebuj\u00ed dostat, ale naraz\u00ed na nep\u0159ekonateln\u00e9 bari\u00e9ry. Pom\u016f\u017ee jim v tom toti\u017e projekt VozejkMap.<br \/>\n<!--more--><br \/>\nProjekt VozejkMap p\u0159in\u00e1\u0161\u00ed voz\u00ed\u010dk\u00e1\u0159\u016fm lep\u0161\u00ed orientaci v m\u00edstech, kde to dob\u0159e neznaj\u00ed nebo nemaj\u00ed zmapov\u00e1no. Voz\u00ed\u010dk\u00e1\u0159i tak\u00e9 sami mohou vkl\u00e1dat na port\u00e1l data v\u010detn\u011b fotografi\u00ed, v\u0161e pak jen schv\u00e1l\u00ed administr\u00e1tor.<\/p>\n<p>Velkou v\u00fdhodou je, \u017ee cel\u00e1 aplikace u\u017e tak\u00e9 funguje na chytr\u00fdch telefonech, d\u00edky tomu si u\u017eivatel\u00e9 mohou nal\u00e9zt pomoc p\u0159\u00edmo v aktu\u00e1ln\u00edm \u010dase. Aplikace zat\u00edm jde na OS Android, ale za nedlouho u\u017e p\u016fjde i na iOS.<\/p>\n<p>V sou\u010dasn\u00e9 dob\u011b je mnoho port\u00e1l\u016f a organizac\u00ed, kter\u00e9 mapuj\u00ed bezbari\u00e9rovost v jednotliv\u00fdch regionech. Av\u0161ak doposud chyb\u011bly lidem s pohybov\u00fdm posti\u017een\u00edm dostupn\u00e9 informace na jednom port\u00e1le. To nab\u00edz\u00ed webov\u00e9 rozhran\u00ed <A href=http:\/\/www.vozejkmap.cz\/vozejkmap<\/A><\/p>\n<p>Projekt vznikl za finan\u010dn\u00ed podpory Nadace Vodafone a provozuje ho \u010cesk\u00e1 asociace paraplegik\u016f \u2013 CZEPA.<br \/>\n&#8222;Architektonick\u00e9 bari\u00e9ry psychicky paralyzuj\u00ed voz\u00ed\u010dk\u00e1\u0159e v ka\u017ed\u00e9m m\u011bst\u011b, je pro n\u011b frustruj\u00edc\u00ed hled\u00e1n\u00ed nov\u00fdch za\u0159\u00edzen\u00ed a zkou\u0161en\u00ed (bez)bari\u00e9rovosti,&#8220; uvedla Alena Jan\u010d\u00edkov\u00e1, \u0159editelka \u010cesk\u00e9 asociace paraplegik\u016f \u2013 CZEPA, sama je po\u00farazov\u00e1 voz\u00ed\u010dk\u00e1\u0159ka.<\/p>\n<p>&#8222;Nyn\u00ed datab\u00e1zi pln\u00edme daty, je v\u0161ak d\u016fle\u017eit\u00e1 spolupr\u00e1ce a anga\u017eovanost vkl\u00e1d\u00e1n\u00ed dat handicapovan\u00fdmi. V\u011b\u0159\u00edm, \u017ee aplikace bude pro n\u011b velk\u00fdm p\u0159\u00ednosem a brzy jejich ned\u00edlnou sou\u010d\u00e1st\u00ed.&#8220;<br \/>\nAplikace je snadno ovladateln\u00e1, dopln\u011bn\u00e1 o fotografie, m\u00e1 atributy d\u016fle\u017eit\u00e9 pro rychlou orientaci &#8211; p\u0159\u00edstup, zdali m\u00e1 objekt bezbari\u00e9rov\u00e9 WC a parkovac\u00ed m\u00edsto pro invalidn\u00ed osoby.<\/p>\n<p>Pokud informace o za\u0159\u00edzen\u00ed nejsou dosta\u010duj\u00edc\u00ed, sta\u010d\u00ed kliknout na webov\u00fd odkaz s podrobn\u011bj\u0161\u00edmi informacemi. Vyhled\u00e1v\u00e1n\u00ed se d\u00e1 filtrovat do mnoha kategori\u00ed a ke ka\u017ed\u00e9mu objektu se krom\u011b fotografie d\u00e1 p\u0159idat i koment\u00e1\u0159.<\/p>\n<p>K v\u011bt\u0161\u00ed p\u0159ehlednosti mus\u00ed vlo\u017een\u00e1 data proj\u00edt schv\u00e1len\u00edm administr\u00e1tora, kter\u00fd zkontroluje, zda u\u017e tam dan\u00e1 data vlo\u017een\u00e1 nejsou apod. Cel\u00e1 aplikace je pro voz\u00ed\u010dk\u00e1\u0159e zdarma a nen\u00ed pot\u0159eba ani \u017e\u00e1dn\u00e1 registrace.<\/p>\n<p>&#8222;Inspirac\u00ed n\u00e1m byly naviga\u010dn\u00ed aplikace ze zahrani\u010d\u00ed, kter\u00e9 tamn\u00ed voz\u00ed\u010dk\u00e1\u0159i aktivn\u011b pou\u017e\u00edvaj\u00ed. Douf\u00e1me, \u017ee i \u010ce\u0161i s handicapem budou bezbari\u00e9rovou mapu v mobilu hojn\u011b vyu\u017e\u00edvat a budou zas\u00edlat sv\u00e9 zku\u0161enosti p\u0159\u00edmo z ter\u00e9nu. Sami se tak zapoj\u00ed do neust\u00e1l\u00e9ho vylep\u0161ov\u00e1n\u00ed a zapl\u0148ov\u00e1n\u00ed b\u00edl\u00fdch m\u00edst na map\u011b aplikace,&#8220; \u0159ekl \u0159editel Nadace Vodafone Ond\u0159ej Zapletal.<\/p>\n<p>invArena<\/p>\n","protected":false},"excerpt":{"rendered":"<div class=\"mh-excerpt\"><p>Voz\u00ed\u010dk\u00e1\u0159i by se u\u017e m\u011bli m\u00e9n\u011b \u010dasto ocitat v situaci, kdy se n\u011bkam pot\u0159ebuj\u00ed dostat, ale naraz\u00ed na nep\u0159ekonateln\u00e9 bari\u00e9ry. Pom\u016f\u017ee jim v tom toti\u017e <a class=\"mh-excerpt-more\" href=\"https:\/\/www.invarena.cz\/?p=1155\" title=\"Velk\u00e1 pomoc pro voz\u00ed\u010dk\u00e1\u0159e\">[&#8230;]<\/a><\/p>\n<\/div>","protected":false},"author":3,"featured_media":904,"comment_status":"open","ping_status":"open","sticky":false,"template":"","format":"standard","meta":{"footnotes":""},"categories":[7],"tags":[],"class_list":["post-1155","post","type-post","status-publish","format-standard","has-post-thumbnail","hentry","category-spolecnost"],"_links":{"self":[{"href":"https:\/\/www.invarena.cz\/index.php?rest_route=\/wp\/v2\/posts\/1155","targetHints":{"allow":["GET"]}}],"collection":[{"href":"https:\/\/www.invarena.cz\/index.php?rest_route=\/wp\/v2\/posts"}],"about":[{"href":"https:\/\/www.invarena.cz\/index.php?rest_route=\/wp\/v2\/types\/post"}],"author":[{"embeddable":true,"href":"https:\/\/www.invarena.cz\/index.php?rest_route=\/wp\/v2\/users\/3"}],"replies":[{"embeddable":true,"href":"https:\/\/www.invarena.cz\/index.php?rest_route=%2Fwp%2Fv2%2Fcomments&post=1155"}],"version-history":[{"count":0,"href":"https:\/\/www.invarena.cz\/index.php?rest_route=\/wp\/v2\/posts\/1155\/revisions"}],"wp:featuredmedia":[{"embeddable":true,"href":"https:\/\/www.invarena.cz\/index.php?rest_route=\/wp\/v2\/media\/904"}],"wp:attachment":[{"href":"https:\/\/www.invarena.cz\/index.php?rest_route=%2Fwp%2Fv2%2Fmedia&parent=1155"}],"wp:term":[{"taxonomy":"category","embeddable":true,"href":"https:\/\/www.invarena.cz\/index.php?rest_route=%2Fwp%2Fv2%2Fcategories&post=1155"},{"taxonomy":"post_tag","embeddable":true,"href":"https:\/\/www.invarena.cz\/index.php?rest_route=%2Fwp%2Fv2%2Ftags&post=1155"}],"curies":[{"name":"wp","href":"https:\/\/api.w.org\/{rel}","templated":true}]}}