{"id":11582,"date":"2013-10-09T17:33:44","date_gmt":"2013-10-09T15:33:44","guid":{"rendered":"http:\/\/www.invarena.cz\/?p=11582"},"modified":"2013-10-09T17:33:44","modified_gmt":"2013-10-09T15:33:44","slug":"projekt-ozdravneho-pobytu-pro-1500-skolaku-z-prerova-ztroskotal","status":"publish","type":"post","link":"https:\/\/www.invarena.cz\/?p=11582","title":{"rendered":"Projekt ozdravn\u00e9ho pobytu pro 1500 \u0161kol\u00e1k\u016f z P\u0159erova ztroskotal"},"content":{"rendered":"<p><strong>Projekt ozdravn\u00e9ho pobytu pro 1500 \u017e\u00e1k\u016f ze z\u00e1kladn\u00edch \u0161kol z P\u0159erova ztroskotal. M\u011bstu se nepoda\u0159ilo sehnat specializovan\u00e9 lektory na enviroment\u00e1ln\u00ed v\u00fduku, co\u017e bylo podm\u00ednkou dotace. Na projektu p\u0159itom radnice pracovala \u0159adu m\u011bs\u00edc\u016f.<!--more--><\/strong><\/p>\n<p>Ve v\u00fdb\u011brov\u00e9m \u0159\u00edzen\u00ed u\u017e radnice vybrala i hotel v Mal\u00e9 Mor\u00e1vce na Brunt\u00e1lsku. Pro veden\u00ed hotelu je to obrovsk\u00e1 r\u00e1na. Kv\u016fli rekreaci p\u0159erovsk\u00fdch \u0161kol\u00e1k\u016f si toti\u017e blokovali ubytov\u00e1n\u00ed pro n\u00e1sleduj\u00edc\u00edch p\u011bt m\u011bs\u00edc\u016f. P\u0159erov do projektu jako jedin\u00e9 m\u011bsto v Olomouck\u00e9m kraji za\u0159adilo ministerstvo \u017eivotn\u00edho prost\u0159ed\u00ed, d\u016fvodem bylo \u0161patn\u00e9 ovzdu\u0161\u00ed ve m\u011bst\u011b.<\/p>\n<p>&#8222;S politov\u00e1n\u00edm jsme byli nuceni rodi\u010d\u016fm ozn\u00e1mit, \u017ee p\u0159es ve\u0161ker\u00e9 \u00fasil\u00ed se n\u00e1m nepoda\u0159ilo naplnit podm\u00ednky st\u00e1tn\u00edho fondu pro p\u0159id\u011blen\u00ed dotace, a to zejm\u00e9na zajistit \u010dty\u0159i hodiny environment\u00e1ln\u00ed v\u00fduky denn\u011b. Tu m\u011bli odu\u010dit specializovan\u00ed lekto\u0159i,&#8220; uvedla v tiskov\u00e9m prohl\u00e1\u0161en\u00ed vedouc\u00ed odboru soci\u00e1ln\u00edch v\u011bc\u00ed a \u0161kolstv\u00ed Romana Posp\u00ed\u0161ilov\u00e1.<\/p>\n<p>Podle Posp\u00ed\u0161ilov\u00e9 rodi\u010de tuto informaci dostanou prost\u0159ednictv\u00edm \u0161kol b\u011bhem dne\u0161ka. V od\u016fvodn\u011bn\u00ed podle n\u00ed stoj\u00ed, \u017ee m\u011bsto z projektu odstupuje z person\u00e1ln\u00edch a organiza\u010dn\u00edch d\u016fvod\u016f. &#8222;T\u011bch d\u016fvod\u016f byla \u0159ada, lekto\u0159i v\u0161ak byli jedn\u00edm ze st\u011b\u017eejn\u00edch,&#8220; doplnila vedouc\u00ed odboru.<\/p>\n<p>M\u011bsto na projektu pracovalo \u0159adu m\u011bs\u00edc\u016f. Radnice kv\u016fli ozdravn\u00e9mu pobytu d\u011bt\u00ed vyhl\u00e1sila i v\u00fdb\u011brov\u00e9 \u0159\u00edzen\u00ed a vybrala nakonec rekrea\u010dn\u00ed za\u0159\u00edzen\u00ed v Mal\u00e9 Mor\u00e1vce. Tam se m\u011blo v n\u011bkolika turnusech vyst\u0159\u00eddat b\u011bhem topn\u00e9 sezony na 1500 \u017e\u00e1k\u016f. &#8222;Se z\u00e1stupcem za\u0159\u00edzen\u00ed jsme u\u017e jednali a smlouvu jsme ukon\u010dili,&#8220; doplnila Posp\u00ed\u0161ilov\u00e1 s t\u00edm, \u017ee m\u011bstu \u017e\u00e1dn\u00e1 sankce nehroz\u00ed.<\/p>\n<p>Rodi\u010de p\u0159erovsk\u00fdch \u0161kol\u00e1k\u016f jsou z t\u00e9to informace rozlad\u011bn\u00ed, mnoz\u00ed se u\u017e obracej\u00ed na m\u011bsto. U\u017e v\u011bd\u011bli term\u00edn, kdy jejich d\u00edt\u011b na jeden\u00e1ctidenn\u00ed pobyt pojede. Prvn\u00ed z nich m\u011bly nastoupit za t\u0159i t\u00fddny. R\u00e1na je to i pro hotel v Mal\u00e9 Mor\u00e1vce, kter\u00fd s rekreac\u00ed d\u011bt\u00ed po\u010d\u00edtal.<\/p>\n<p>&#8222;P\u0159inejmen\u0161\u00edm od z\u00e1\u0159\u00ed odm\u00edt\u00e1me hosty, odm\u00edtali jsme i podnikov\u00e9 ve\u010d\u00edrky. Ti host\u00e9 se k n\u00e1m u\u017e nevr\u00e1t\u00ed, bude tady pr\u00e1zdno. P\u0159em\u00fd\u0161l\u00edme, jak hledat rozumnou pr\u00e1ci pro lidi,&#8220; \u0159ekla z\u00e1stupkyn\u011b hotelu Linda Mikulenkov\u00e1. Podotkla, \u017ee minul\u00fd t\u00fdden dostali pracovn\u00edci hotelu seznam d\u011bt\u00ed z prvn\u00edho turnusu, kter\u00fd m\u011bly nastoupit 1. listopadu. S ubytov\u00e1n\u00edm stovek d\u011bt\u00ed veden\u00ed hotelu po\u010d\u00edtalo a\u017e do konce dubna.<\/p>\n<p>M\u011bsto bylo do projektu vybr\u00e1no kv\u016fli \u0161patn\u00e9mu ovzdu\u0161\u00ed, kter\u00e9 obyvatele tr\u00e1p\u00ed pravideln\u011b. Pobyt na hor\u00e1ch m\u011bl b\u00fdt kryt\u00fd dotacemi, rodi\u010de m\u011bl vyj\u00edt na 1100 korun; dotace m\u011bla \u010dinit a\u017e 350 korun na den a \u017e\u00e1ka.<\/p>\n","protected":false},"excerpt":{"rendered":"<div class=\"mh-excerpt\"><p>Projekt ozdravn\u00e9ho pobytu pro 1500 \u017e\u00e1k\u016f ze z\u00e1kladn\u00edch \u0161kol z P\u0159erova ztroskotal. M\u011bstu se nepoda\u0159ilo sehnat specializovan\u00e9 lektory na enviroment\u00e1ln\u00ed v\u00fduku, co\u017e bylo podm\u00ednkou dotace. <a class=\"mh-excerpt-more\" href=\"https:\/\/www.invarena.cz\/?p=11582\" title=\"Projekt ozdravn\u00e9ho pobytu pro 1500 \u0161kol\u00e1k\u016f z P\u0159erova ztroskotal\">[&#8230;]<\/a><\/p>\n<\/div>","protected":false},"author":1,"featured_media":3460,"comment_status":"open","ping_status":"open","sticky":false,"template":"","format":"standard","meta":{"footnotes":""},"categories":[7],"tags":[],"class_list":["post-11582","post","type-post","status-publish","format-standard","has-post-thumbnail","hentry","category-spolecnost"],"_links":{"self":[{"href":"https:\/\/www.invarena.cz\/index.php?rest_route=\/wp\/v2\/posts\/11582","targetHints":{"allow":["GET"]}}],"collection":[{"href":"https:\/\/www.invarena.cz\/index.php?rest_route=\/wp\/v2\/posts"}],"about":[{"href":"https:\/\/www.invarena.cz\/index.php?rest_route=\/wp\/v2\/types\/post"}],"author":[{"embeddable":true,"href":"https:\/\/www.invarena.cz\/index.php?rest_route=\/wp\/v2\/users\/1"}],"replies":[{"embeddable":true,"href":"https:\/\/www.invarena.cz\/index.php?rest_route=%2Fwp%2Fv2%2Fcomments&post=11582"}],"version-history":[{"count":0,"href":"https:\/\/www.invarena.cz\/index.php?rest_route=\/wp\/v2\/posts\/11582\/revisions"}],"wp:featuredmedia":[{"embeddable":true,"href":"https:\/\/www.invarena.cz\/index.php?rest_route=\/wp\/v2\/media\/3460"}],"wp:attachment":[{"href":"https:\/\/www.invarena.cz\/index.php?rest_route=%2Fwp%2Fv2%2Fmedia&parent=11582"}],"wp:term":[{"taxonomy":"category","embeddable":true,"href":"https:\/\/www.invarena.cz\/index.php?rest_route=%2Fwp%2Fv2%2Fcategories&post=11582"},{"taxonomy":"post_tag","embeddable":true,"href":"https:\/\/www.invarena.cz\/index.php?rest_route=%2Fwp%2Fv2%2Ftags&post=11582"}],"curies":[{"name":"wp","href":"https:\/\/api.w.org\/{rel}","templated":true}]}}