{"id":11633,"date":"2013-10-10T05:49:17","date_gmt":"2013-10-10T03:49:17","guid":{"rendered":"http:\/\/www.invarena.cz\/?p=11633"},"modified":"2013-10-10T10:53:43","modified_gmt":"2013-10-10T08:53:43","slug":"siemens-ctvrt-milionu-da-neziskovkam-z-jihomoravskeho-kraje","status":"publish","type":"post","link":"https:\/\/www.invarena.cz\/?p=11633","title":{"rendered":"Siemens: \u010ctvrt milionu d\u00e1 neziskovk\u00e1m z Jihomoravsk\u00e9ho kraje"},"content":{"rendered":"<p><strong>Neziskov\u00e9 organizace mohou do 15.11.2013 pos\u00edlat \u017e\u00e1dosti o grant do dal\u0161\u00edho brn\u011bnsk\u00e9ho kola Siemens Fondu pomoci. Siemens nejzaj\u00edmav\u011bj\u0161\u00edm projekt\u016fm v Brn\u011b a nejbli\u017e\u0161\u00edm okol\u00ed, p\u0159\u00edpadn\u011b v Jihomoravsk\u00e9m kraji, v\u011bnuje celkem 250 000 K\u010d. <\/strong><br \/>\n<!--more--><br \/>\n&#8222;Chceme, aby z na\u0161ich \u00fasp\u011bch\u016f m\u011bli u\u017eitek i lid\u00e9 za branou na\u0161eho z\u00e1vodu. Proto jsme se rozhodli vyzvat neziskov\u00e9 organizace, aby p\u0159ich\u00e1zely s projekty na zlep\u0161en\u00ed regionu, ve kter\u00e9m \u017eije v\u011bt\u0161ina ze zhruba 1000 zam\u011bstnanc\u016f Siemens v Brn\u011b, jejich rodiny a p\u0159\u00e1tel\u00e9,&#8220; \u0159\u00edk\u00e1 Vladim\u00edr \u0160t\u011bp\u00e1n, \u0159editel Siemens, s.r.o. od\u0161t\u011bpn\u00fd z\u00e1vod Industrial Turbomachinery.<\/p>\n<p>V minul\u00e9m, jarn\u00edm kole, se komise brn\u011bnsk\u00e9ho kola Siemens Fondu pomoci rozhodla podpo\u0159it v\u00fdstavbu u\u010debny v Otev\u0159en\u00e9 zahrady, podpo\u0159it n\u00e1kup rehabilita\u010dn\u00edch pom\u016fcek do p\u016fj\u010dovny Asociace rodi\u010d\u016f a p\u0159\u00e1tel zdravotn\u011b posti\u017een\u00fdch d\u011bt\u00ed ve Vy\u0161kov\u011b, n\u00e1bytku pro chr\u00e1n\u011bnou d\u00edlnu V r\u016f\u017eov\u00e9m sadu v O\u0159echov\u011b, sprchov\u00e9ho leh\u00e1tka pro brn\u011bnsk\u00fd Domov pro mne nebo n\u00e1kupu parav\u00e1n\u016f pro o\u0161et\u0159ovatelskou jednotku Domova d\u016fstojn\u00e9ho st\u00e1\u0159\u00ed v brn\u011bnsk\u00fdch Malom\u011b\u0159ic\u00edch. &#8222;Krom\u011b urgentn\u00edch \u017e\u00e1dost\u00ed vybrala komise Siemens Fondu pomoci projekty, kter\u00e9 podporuj\u00ed klienty neziskov\u00fdch organizac\u00ed k vlastn\u00ed aktivit\u011b a odpov\u011bdnosti za sv\u016fj \u017eivot,&#8220; dodal Vladim\u00edr \u0160t\u011bp\u00e1n.<\/p>\n<p><strong>O Siemens Fond pomoci<\/strong><\/p>\n<p>Siemens Fond pomoci rozd\u011bluje v brn\u011bnsk\u00e9m kole od roku 2012 dvakr\u00e1t ro\u010dn\u011b \u010d\u00e1stku 250 000 korun. Pro zaji\u0161t\u011bn\u00ed co nejv\u011bt\u0161\u00ed objektivity a transparentnosti p\u0159i rozhodov\u00e1n\u00ed jsou \u010dleny komise nejen z\u00e1stupci Siemens, ale tak\u00e9 nap\u0159\u00edklad neziskov\u00fdch organizac\u00ed, tisku, \u0161kolstv\u00ed nebo st\u00e1tn\u00ed spr\u00e1vy. V\u00edce informac\u00ed o slo\u017een\u00ed komis\u00ed naleznete na www.siemens.cz\/fondpomoci. Mimo to rozd\u011bluje Siemens v celost\u00e1tn\u00edm kole ka\u017ed\u00fd m\u011bs\u00edc finan\u010dn\u00ed granty v celkov\u00e9 v\u00fd\u0161i 100 000 korun na podporu charitativn\u00edch projekt\u016f v \u010cesk\u00e9 republice.<\/p>\n<p>Parlamentnilisty.cz<\/p>\n","protected":false},"excerpt":{"rendered":"<div class=\"mh-excerpt\"><p>Neziskov\u00e9 organizace mohou do 15.11.2013 pos\u00edlat \u017e\u00e1dosti o grant do dal\u0161\u00edho brn\u011bnsk\u00e9ho kola Siemens Fondu pomoci. Siemens nejzaj\u00edmav\u011bj\u0161\u00edm projekt\u016fm v Brn\u011b a nejbli\u017e\u0161\u00edm okol\u00ed, p\u0159\u00edpadn\u011b <a class=\"mh-excerpt-more\" href=\"https:\/\/www.invarena.cz\/?p=11633\" title=\"Siemens: \u010ctvrt milionu d\u00e1 neziskovk\u00e1m z Jihomoravsk\u00e9ho kraje\">[&#8230;]<\/a><\/p>\n<\/div>","protected":false},"author":1,"featured_media":0,"comment_status":"open","ping_status":"open","sticky":false,"template":"","format":"standard","meta":{"footnotes":""},"categories":[7],"tags":[],"class_list":["post-11633","post","type-post","status-publish","format-standard","hentry","category-spolecnost"],"_links":{"self":[{"href":"https:\/\/www.invarena.cz\/index.php?rest_route=\/wp\/v2\/posts\/11633","targetHints":{"allow":["GET"]}}],"collection":[{"href":"https:\/\/www.invarena.cz\/index.php?rest_route=\/wp\/v2\/posts"}],"about":[{"href":"https:\/\/www.invarena.cz\/index.php?rest_route=\/wp\/v2\/types\/post"}],"author":[{"embeddable":true,"href":"https:\/\/www.invarena.cz\/index.php?rest_route=\/wp\/v2\/users\/1"}],"replies":[{"embeddable":true,"href":"https:\/\/www.invarena.cz\/index.php?rest_route=%2Fwp%2Fv2%2Fcomments&post=11633"}],"version-history":[{"count":0,"href":"https:\/\/www.invarena.cz\/index.php?rest_route=\/wp\/v2\/posts\/11633\/revisions"}],"wp:attachment":[{"href":"https:\/\/www.invarena.cz\/index.php?rest_route=%2Fwp%2Fv2%2Fmedia&parent=11633"}],"wp:term":[{"taxonomy":"category","embeddable":true,"href":"https:\/\/www.invarena.cz\/index.php?rest_route=%2Fwp%2Fv2%2Fcategories&post=11633"},{"taxonomy":"post_tag","embeddable":true,"href":"https:\/\/www.invarena.cz\/index.php?rest_route=%2Fwp%2Fv2%2Ftags&post=11633"}],"curies":[{"name":"wp","href":"https:\/\/api.w.org\/{rel}","templated":true}]}}