{"id":11637,"date":"2013-10-10T10:51:39","date_gmt":"2013-10-10T08:51:39","guid":{"rendered":"http:\/\/www.invarena.cz\/?p=11637"},"modified":"2013-10-10T10:52:19","modified_gmt":"2013-10-10T08:52:19","slug":"praha-maji-chranene-dilny-budoucnost","status":"publish","type":"post","link":"https:\/\/www.invarena.cz\/?p=11637","title":{"rendered":"Praha: Maj\u00ed chr\u00e1n\u011bn\u00e9 d\u00edlny budoucnost?"},"content":{"rendered":"<p><strong>Nezam\u011bstnanost je ve\u0159ejnost\u00ed vn\u00edm\u00e1na velmi negativn\u011b, nicm\u00e9n\u011b existuje mnoho n\u00e1vod\u016f, jak m\u00edru nezam\u011bstnanosti sni\u017eovat. Jak ale bojuj\u00ed s nezam\u011bstnanost\u00ed znev\u00fdhodn\u011bn\u00ed ob\u010dan\u00e9? Maj\u00ed v\u016fbec mo\u017enost nal\u00e9zt uplatn\u011bn\u00ed na trhu pr\u00e1ce?<\/strong><br \/>\n<!--more--><br \/>\nV Praze lze podporovat mnoho aktivit, kter\u00e9 maj\u00ed usnadnit vstup na trh pr\u00e1ce i t\u011bmto ob\u010dan\u016fm prost\u0159ednictv\u00edm evropsk\u00fdch fond\u016f. Opera\u010dn\u00ed program Praha Adaptabilita umo\u017e\u0148uje vznik nap\u0159. firemn\u00edch \u0161kolek, chr\u00e1n\u011bn\u00fdch d\u00edlen, tr\u00e9ninkov\u00fdch kav\u00e1ren a mnoho dal\u0161\u00edch. Na tyto aktivity z\u00edsk\u00e1v\u00e1 finan\u010dn\u00ed prost\u0159edky z Evropsk\u00e9ho soci\u00e1ln\u00edho fondu.<\/p>\n<p>&#8222;I s ohledem na ned\u00e1vnou kritiku m\u00e9di\u00ed souvisej\u00edc\u00ed pr\u00e1v\u011b s ru\u0161en\u00edm chr\u00e1n\u011bn\u00fdch d\u00edlen a obdobn\u00fdch pracovi\u0161\u0165 jsem opravdu pot\u011b\u0161ena, \u017ee prost\u0159ednictv\u00edm na\u0161eho opera\u010dn\u00edho programu m\u00e1me mo\u017enost pomoci handicapovan\u00fdm spoluob\u010dan\u016fm nach\u00e1zet pracovn\u00ed uplatn\u011bn\u00ed. V t\u00e9to tradici budeme pokra\u010dovat i nad\u00e1le, nebo\u0165 p\u0159ipravovan\u00fd Opera\u010dn\u00ed program Praha &#8211; p\u00f3l r\u016fstu \u010cR pro obdob\u00ed 2014 &#8211; 2020, na jeho\u017e tvorb\u011b spolupracujeme s \u00datvarem rozvoje hl. m\u011bsta Prahy, pamatuje tak\u00e9 na tuto c\u00edlovou skupinu,&#8220; \u0159\u00edk\u00e1 radn\u00ed Eva Vorl\u00ed\u010dkov\u00e1, kter\u00e1 zodpov\u00edd\u00e1 za agendu evropsk\u00fdch fond\u016f na pra\u017esk\u00e9m magistr\u00e1tu.<\/p>\n<p>Evropsk\u00e9 dotace z\u00edskala tak\u00e9 chr\u00e1n\u011bn\u00e1 A MANO. &#8222;D\u00edky prost\u0159edk\u016fm z OPPA jsme m\u011bli mo\u017enost vytvo\u0159it mal\u00fd tr\u00e9ninkov\u00fd obchod v Mojm\u00edrov\u011b ulici v Nusl\u00edch, kter\u00fd pom\u00e1h\u00e1 hned dvakr\u00e1t. V tomto obchod\u011b jsme vytvo\u0159ili tr\u00e9ninkov\u00e1 i chr\u00e1n\u011bn\u00e1 pracovn\u00ed m\u00edsta pro na\u0161e klienty s ment\u00e1ln\u00edm posti\u017een\u00edm a z\u00e1rove\u0148 prodejem zbo\u017e\u00ed obchod p\u0159isp\u00edv\u00e1 k snaz\u0161\u00ed udr\u017eitelnosti chr\u00e1n\u011bn\u00fdch m\u00edst v na\u0161\u00ed keramick\u00e9 d\u00edln\u011b. Prost\u0159ednictv\u00edm jednoho pracovi\u0161t\u011b tak m\u016f\u017eeme d\u00e1t zam\u011bstn\u00e1n\u00ed n\u011bkolika handicapovan\u00fdm prodava\u010d\u016fm p\u0159\u00edmo a nep\u0159\u00edmo dal\u0161\u00edm 20 zam\u011bstnanc\u016fm, kte\u0159\u00ed vyr\u00e1b\u011bj\u00ed keramick\u00e9 d\u00e1rky,&#8220; \u0159\u00edk\u00e1 Mgr. Daniela Prokopov\u00e1, \u0159editelka chr\u00e1n\u011bn\u00e9 d\u00edlny A MANO a sou\u010dasn\u011b z\u00e1stupce \u0159editelky Odborn\u00e9ho u\u010dili\u0161t\u011b pro \u017e\u00e1ky s v\u00edce vadami.<\/p>\n<p>&#8222;V na\u0161em u\u010dili\u0161ti studuje 70 mlad\u00fdch lid\u00ed s ment\u00e1ln\u00edm nebo s kombinovan\u00fdm posti\u017een\u00edm a ka\u017ed\u00fd rok \u0159e\u0161\u00edme s na\u0161imi absolventy jejich uplatn\u011bn\u00ed po ukon\u010den\u00ed \u0161koly. D\u00edky tomu m\u00e1me velk\u00fd p\u0159ehled o situaci na trhu pr\u00e1ce, kter\u00e1 pro lidi s posti\u017een\u00edm nen\u00ed dobr\u00e1, a tyto ka\u017edoro\u010dn\u00ed nesn\u00e1ze byly hlavn\u00edm impulsem pro vytvo\u0159en\u00ed chr\u00e1n\u011bn\u00e9 d\u00edlny a dal\u0161\u00edch pracovi\u0161\u0165 pro lidi se zdravotn\u00edm posti\u017een\u00edm.&#8220;<\/p>\n<p>Parlamentnilisty.cz<\/p>\n","protected":false},"excerpt":{"rendered":"<div class=\"mh-excerpt\"><p>Nezam\u011bstnanost je ve\u0159ejnost\u00ed vn\u00edm\u00e1na velmi negativn\u011b, nicm\u00e9n\u011b existuje mnoho n\u00e1vod\u016f, jak m\u00edru nezam\u011bstnanosti sni\u017eovat. Jak ale bojuj\u00ed s nezam\u011bstnanost\u00ed znev\u00fdhodn\u011bn\u00ed ob\u010dan\u00e9? Maj\u00ed v\u016fbec mo\u017enost nal\u00e9zt <a class=\"mh-excerpt-more\" href=\"https:\/\/www.invarena.cz\/?p=11637\" title=\"Praha: Maj\u00ed chr\u00e1n\u011bn\u00e9 d\u00edlny budoucnost?\">[&#8230;]<\/a><\/p>\n<\/div>","protected":false},"author":1,"featured_media":5045,"comment_status":"open","ping_status":"open","sticky":false,"template":"","format":"standard","meta":{"footnotes":""},"categories":[7],"tags":[],"class_list":["post-11637","post","type-post","status-publish","format-standard","has-post-thumbnail","hentry","category-spolecnost"],"_links":{"self":[{"href":"https:\/\/www.invarena.cz\/index.php?rest_route=\/wp\/v2\/posts\/11637","targetHints":{"allow":["GET"]}}],"collection":[{"href":"https:\/\/www.invarena.cz\/index.php?rest_route=\/wp\/v2\/posts"}],"about":[{"href":"https:\/\/www.invarena.cz\/index.php?rest_route=\/wp\/v2\/types\/post"}],"author":[{"embeddable":true,"href":"https:\/\/www.invarena.cz\/index.php?rest_route=\/wp\/v2\/users\/1"}],"replies":[{"embeddable":true,"href":"https:\/\/www.invarena.cz\/index.php?rest_route=%2Fwp%2Fv2%2Fcomments&post=11637"}],"version-history":[{"count":0,"href":"https:\/\/www.invarena.cz\/index.php?rest_route=\/wp\/v2\/posts\/11637\/revisions"}],"wp:featuredmedia":[{"embeddable":true,"href":"https:\/\/www.invarena.cz\/index.php?rest_route=\/wp\/v2\/media\/5045"}],"wp:attachment":[{"href":"https:\/\/www.invarena.cz\/index.php?rest_route=%2Fwp%2Fv2%2Fmedia&parent=11637"}],"wp:term":[{"taxonomy":"category","embeddable":true,"href":"https:\/\/www.invarena.cz\/index.php?rest_route=%2Fwp%2Fv2%2Fcategories&post=11637"},{"taxonomy":"post_tag","embeddable":true,"href":"https:\/\/www.invarena.cz\/index.php?rest_route=%2Fwp%2Fv2%2Ftags&post=11637"}],"curies":[{"name":"wp","href":"https:\/\/api.w.org\/{rel}","templated":true}]}}