{"id":11644,"date":"2013-10-17T00:59:12","date_gmt":"2013-10-16T22:59:12","guid":{"rendered":"http:\/\/www.invarena.cz\/?p=11644"},"modified":"2013-10-17T00:59:12","modified_gmt":"2013-10-16T22:59:12","slug":"nemuzu-sehnat-praci","status":"publish","type":"post","link":"https:\/\/www.invarena.cz\/?p=11644","title":{"rendered":"Nem\u016f\u017eu sehnat pr\u00e1ci&#8230;."},"content":{"rendered":"<p><strong>Jsem zdravotn\u011b posti\u017een\u00e1 a m\u00e1m probl\u00e9my se z\u00edsk\u00e1n\u00edm vhodn\u00e9 pr\u00e1ce. V\u017edy mi nab\u00eddnou m\u00edsto, kter\u00e9 nejsem schopn\u00e1 vzhledem ke sv\u00e9mu posti\u017een\u00ed zvl\u00e1dnout, nebo mn\u011b zam\u011bstnavatel d\u00e1v\u00e1 najevo, \u017ee nem\u00e1 z\u00e1jem. R\u00e1da bych v\u011bd\u011bla, jak je to se zam\u011bstn\u00e1v\u00e1n\u00edm zdravotn\u011b posti\u017een\u00fdch a jestli m\u00e1 zam\u011bstnavatel n\u011bjak\u00e9 v\u00fdhody, pokud by m\u011b p\u0159ijal?<!--more--><\/strong><\/p>\n<p><strong>ODPOV\u011a\u010e:<\/strong><\/p>\n<p>V sou\u010dasn\u00e9 dob\u011b je obt\u00ed\u017en\u00e9 pro zdravotn\u011b posti\u017een\u00e9 osoby naj\u00edt vhodn\u00e9 zam\u011bstn\u00e1n\u00ed, a to i p\u0159es to, \u017ee maj\u00ed zv\u00fd\u0161enou ochranu na trhu pr\u00e1ce. P\u0159esto nemus\u00edte podl\u00e9hat depresi. Ur\u010dit\u00e9 mo\u017enosti toti\u017e existuj\u00ed a mo\u017en\u00e1, \u017ee n\u011bkter\u00e1 z nich bude vhodn\u00e1 pr\u00e1v\u011b pro v\u00e1s. M\u016f\u017eete tak\u00e9 vyu\u017e\u00edt nab\u00eddek \u00fa\u0159adu pr\u00e1ce, kter\u00e9 v\u00e1m umo\u017en\u00ed zv\u00fd\u0161it svou \u0161anci k z\u00edsk\u00e1n\u00ed pracovn\u00edho m\u00edsta.<\/p>\n<p><strong>M\u016f\u017eete vyu\u017e\u00edt tyto mo\u017enosti:<\/strong><\/p>\n<p>1) Pracovn\u00ed rehabilitaci \u2013 jde o souvislou \u010dinnost zam\u011b\u0159enou na z\u00edsk\u00e1n\u00ed a udr\u017een\u00ed vhodn\u00e9ho zam\u011bstn\u00e1n\u00ed OZP. \u00daP ve spolupr\u00e1ci s v\u00e1mi sestav\u00ed individu\u00e1ln\u00ed pl\u00e1n pracovn\u00ed rehabilitace. Co proto pot\u0159ebujete ud\u011blat? Mus\u00edte si podat \u017e\u00e1dost na \u00daP. O n\u00e1klady spojen\u00e9 s pracovn\u00ed rehabilitac\u00ed se starat nemus\u00edte, zaplat\u00ed je za v\u00e1s st\u00e1t.<\/p>\n<p>2) P\u0159\u00edpravu k pr\u00e1ci \u2013 jedn\u00e1 se o zapracov\u00e1n\u00ed OZP na vhodn\u00e9 pracovn\u00ed m\u00edsto na z\u00e1klad\u011b dohody s \u00daP. tuto p\u0159\u00edpravu m\u016f\u017eete absolvovat i s podporou asistenta a trv\u00e1 2 roky.<\/p>\n<p>3) Specializovan\u00e9 rekvalifika\u010dn\u00ed kurzy. Jsou pro OZP za stejn\u00fdch podm\u00ednek jako ostatn\u00ed rekvalifikace.<\/p>\n<p>Zam\u011bstnavatel\u00e9 maj\u00ed mo\u017enost vyu\u017e\u00edt p\u0159\u00edsp\u011bvk\u016f na chr\u00e1n\u011bn\u00e9 pracovn\u00ed m\u00edsto. Podm\u00ednkou je, \u017ee chr\u00e1n\u011bn\u00e9 pracovn\u00ed m\u00edsto mus\u00ed zam\u011bstnavatel obsadit po dobu t\u0159\u00ed let. Vymezen\u00edm \u010di z\u0159\u00edzen\u00edm chr\u00e1n\u011bn\u00e9ho pracovn\u00edho m\u00edsta je podm\u00edn\u011bno poskytov\u00e1n\u00ed p\u0159\u00edsp\u011bvku na \u010d\u00e1ste\u010dnou \u00fahradu provozn\u00edch n\u00e1klad\u016f chr\u00e1n\u011bn\u00e9ho pracovn\u00edho m\u00edsta a p\u0159\u00edsp\u011bvku na podporu zam\u011bstn\u00e1v\u00e1n\u00ed osob se zdravotn\u00edm posti\u017een\u00edm.<\/p>\n<p>Zam\u011bstnavatel, kter\u00fd takto zam\u011bstn\u00e1v\u00e1 v\u00edce ne\u017e 50% oZP z celkov\u00e9ho po\u010dtu zam\u011bstnanc\u016f, dostane od st\u00e1tu a\u017e 75% skute\u010dn\u011b vynalo\u017een\u00fdch prost\u0159edk\u016f na jejich mzdy nebo platy. tato \u010d\u00e1stka m\u016f\u017ee dos\u00e1hnout nejv\u00fd\u0161e na 8 000 korun m\u011bs\u00ed\u010dn\u011b.<\/p>\n","protected":false},"excerpt":{"rendered":"<div class=\"mh-excerpt\"><p>Jsem zdravotn\u011b posti\u017een\u00e1 a m\u00e1m probl\u00e9my se z\u00edsk\u00e1n\u00edm vhodn\u00e9 pr\u00e1ce. V\u017edy mi nab\u00eddnou m\u00edsto, kter\u00e9 nejsem schopn\u00e1 vzhledem ke sv\u00e9mu posti\u017een\u00ed zvl\u00e1dnout, nebo mn\u011b zam\u011bstnavatel <a class=\"mh-excerpt-more\" href=\"https:\/\/www.invarena.cz\/?p=11644\" title=\"Nem\u016f\u017eu sehnat pr\u00e1ci&#8230;.\">[&#8230;]<\/a><\/p>\n<\/div>","protected":false},"author":1,"featured_media":0,"comment_status":"open","ping_status":"open","sticky":false,"template":"","format":"standard","meta":{"footnotes":""},"categories":[18],"tags":[],"class_list":["post-11644","post","type-post","status-publish","format-standard","hentry","category-poradna"],"_links":{"self":[{"href":"https:\/\/www.invarena.cz\/index.php?rest_route=\/wp\/v2\/posts\/11644","targetHints":{"allow":["GET"]}}],"collection":[{"href":"https:\/\/www.invarena.cz\/index.php?rest_route=\/wp\/v2\/posts"}],"about":[{"href":"https:\/\/www.invarena.cz\/index.php?rest_route=\/wp\/v2\/types\/post"}],"author":[{"embeddable":true,"href":"https:\/\/www.invarena.cz\/index.php?rest_route=\/wp\/v2\/users\/1"}],"replies":[{"embeddable":true,"href":"https:\/\/www.invarena.cz\/index.php?rest_route=%2Fwp%2Fv2%2Fcomments&post=11644"}],"version-history":[{"count":0,"href":"https:\/\/www.invarena.cz\/index.php?rest_route=\/wp\/v2\/posts\/11644\/revisions"}],"wp:attachment":[{"href":"https:\/\/www.invarena.cz\/index.php?rest_route=%2Fwp%2Fv2%2Fmedia&parent=11644"}],"wp:term":[{"taxonomy":"category","embeddable":true,"href":"https:\/\/www.invarena.cz\/index.php?rest_route=%2Fwp%2Fv2%2Fcategories&post=11644"},{"taxonomy":"post_tag","embeddable":true,"href":"https:\/\/www.invarena.cz\/index.php?rest_route=%2Fwp%2Fv2%2Ftags&post=11644"}],"curies":[{"name":"wp","href":"https:\/\/api.w.org\/{rel}","templated":true}]}}