{"id":11670,"date":"2013-10-11T08:16:31","date_gmt":"2013-10-11T06:16:31","guid":{"rendered":"http:\/\/www.invarena.cz\/?p=11670"},"modified":"2014-10-20T20:06:19","modified_gmt":"2014-10-20T18:06:19","slug":"za-mesic-v-domove-s-peci-zaplatite-az-20-tisic","status":"publish","type":"post","link":"https:\/\/www.invarena.cz\/?p=11670","title":{"rendered":"Za m\u011bs\u00edc v domov\u011b s p\u00e9\u010d\u00ed zaplat\u00edte a\u017e 20 tis\u00edc"},"content":{"rendered":"<p><strong> St\u00e1tn\u00ed za\u0159\u00edzen\u00ed jsou levn\u011bj\u0161\u00ed, ale na m\u00edsto v nich se dlouho \u010dek\u00e1, a to a\u017e n\u011bkolik let. Soukrom\u00e9 domy pro seniory nebo priv\u00e1tn\u00ed stacion\u00e1\u0159e jsou v\u0161ak mnohdy o dost dra\u017e\u0161\u00ed.\u00a0<\/strong> <!--more--><\/p>\n<p>Kdy\u017e Milerovi za\u010dali p\u0159ed \u010dasem sh\u00e1n\u011bt za\u0159\u00edzen\u00ed, kam by mohli d\u00e1t teti\u010dku, kter\u00e1 p\u0159est\u00e1vala b\u00fdt sob\u011bsta\u010dn\u00e1, zjistili na vlastn\u00ed k\u016f\u017ei, co je zn\u00e1m\u00e9. Obecn\u00ed domov s pe\u010dovatelskou slu\u017ebou byl beznad\u011bjn\u011b pln\u00fd. A m\u00edsta obsazen\u00e1 a\u017e na n\u011bkolik let dop\u0159edu.<\/p>\n<p>&#8222;Nakonec jsme sehnali soukrom\u00e9 za\u0159\u00edzen\u00ed za patn\u00e1ct tis\u00edc korun m\u011bs\u00ed\u010dn\u011b pobl\u00ed\u017e Prahy. \u010c\u00e1st n\u00e1klad\u016f se na\u0161t\u011bst\u00ed dala uhradit z p\u0159\u00edsp\u011bvku na p\u00e9\u010di, kter\u00fd teti\u010dka z\u00edskala. Dost n\u00e1s ale p\u0159ekvapilo, \u017ee soukrom\u00e9 za\u0159\u00edzen\u00ed nenab\u00edzelo vlastn\u011b nic nav\u00edc ve srovn\u00e1n\u00ed s t\u00edm obecn\u00edm, mnohem levn\u011bj\u0161\u00edm,&#8220; popsala rodina. Tak tomu skute\u010dn\u011b m\u016f\u017ee b\u00fdt &#8211; soukrom\u00e9 domy s pe\u010dovatelskou slu\u017ebou zareagovaly na nedostatek m\u00edst v podobn\u00fdch instituc\u00edch a ani za vy\u0161\u0161\u00ed cenu nenab\u00edzej\u00ed lep\u0161\u00ed slu\u017eby. Mnohdy v\u0161ak ani nemohou, proto\u017ee n\u00e1klady na provoz jsou tu vysok\u00e9 a a\u017e na v\u00fdjimky jim nikdo na rozd\u00edl od obecn\u00edch \u010di krajsk\u00fdch za\u0159\u00edzen\u00ed na provoz nep\u0159isp\u00edv\u00e1.<\/p>\n<p><strong>Ptejte se, co v\u0161echno soukromn\u00edci nab\u00edzej\u00ed<\/strong><\/p>\n<p>I za obecn\u00ed a krajsk\u00e9 pe\u010dovatelsk\u00e9 domy se nicm\u00e9n\u011b plat\u00ed, ov\u0161em pouze do v\u00fd\u0161e d\u016fchodu a tak, aby senior\u016fm zbylo kapesn\u00e9. Priv\u00e1tn\u00ed za\u0159\u00edzen\u00ed si mohou cenu ur\u010dit samy a ta se tak m\u016f\u017ee vy\u0161plhat na deset, patn\u00e1ct i dvacet tis\u00edc korun m\u011bs\u00ed\u010dn\u011b.<\/p>\n<p>Pokud takov\u00e9 za\u0159\u00edzen\u00ed se\u017eenete, ov\u011b\u0159te si nap\u0159\u00edklad, zda je dostate\u010dn\u011b bezbari\u00e9rov\u00e9, zda se seniory n\u011bkdo chod\u00ed ven \u010di jak\u00fd tu maj\u00ed denn\u00ed program. Jestli nab\u00edzej\u00ed rehabilitaci, z\u00e1jmov\u00e9 kurzy \u010di krou\u017eky.<\/p>\n<p>D\u016fle\u017eit\u00fd je tak\u00e9 po\u010det zdravotn\u00edho person\u00e1lu \u2013 zaj\u00edmejte se nap\u0159\u00edklad o to, jak by si poradili se zdravotn\u00edmi probl\u00e9my, kter\u00fdmi v\u00e1\u0161 senior trp\u00ed.<\/p>\n<p>Nejlevn\u011bj\u0161\u00ed variantou z\u016fst\u00e1v\u00e1 l\u00e9\u010debna dlouhodob\u011b nemocn\u00fdch, ale to je de facto nemocni\u010dn\u00ed za\u0159\u00edzen\u00ed, kde nav\u00edc m\u016f\u017ee \u010dlov\u011bk z\u016fstat pouze t\u0159i m\u011bs\u00edce, pak u\u017e jeho pobyt zdravotn\u00ed poji\u0161\u0165ovny neplat\u00ed. Velk\u00fdm nedostatkem LDN je i nedostatek soukrom\u00ed nebo nap\u0159\u00edklad omezen\u00e9 n\u00e1v\u0161t\u011bvy.<\/p>\n<p><strong>N\u011bkdy m\u016f\u017ee pomoci hospic<\/strong><\/p>\n<p>Za\u0159\u00edzen\u00ed pro ty, kte\u0159\u00ed pot\u0159ebuj\u00ed skute\u010dn\u011b celodenn\u00ed p\u00e9\u010d\u00ed, proto\u017ee maj\u00ed nap\u0159\u00edklad Alzheimerovu chorobu nebo jsou v\u00e1\u017en\u011b nemocn\u00ed, jsou v\u011bt\u0161inou soukrom\u00e1 a pat\u0159\u00ed k nejdra\u017e\u0161\u00edm. P\u0159i p\u00e9\u010di o lidi um\u00edraj\u00edc\u00ed nap\u0159\u00edklad na rakovinu v\u00e1m mohou pomoci hospice, mnoh\u00e9 nab\u00edzej\u00ed i dom\u00e1c\u00ed p\u00e9\u010di nebo slu\u017eby takzvan\u00e9ho mobiln\u00edho hospice, kdy ve\u0161kerou pot\u0159ebnou p\u00e9\u010di zajist\u00ed u nemocn\u00e9ho v jeho domov\u011b.<\/p>\n<p>Slu\u017eby hospic\u016f p\u0159itom b\u00fdvaj\u00ed finan\u010dn\u011b p\u0159ijateln\u00e9, proto\u017ee na n\u011b lze pou\u017e\u00edt p\u0159\u00edsp\u011bvek na p\u00e9\u010di a z\u00e1rove\u0148 v mnoh\u00fdch z nich pacient p\u0159isp\u00edv\u00e1 na pobyt dle sv\u00fdch finan\u010dn\u00edch mo\u017enost\u00ed. Zbytek n\u00e1klad\u016f na l\u016f\u017eko hrad\u00ed zdravotn\u00ed poji\u0161\u0165ovny, dal\u0161\u00ed finance z\u00edsk\u00e1vaj\u00ed z dotac\u00ed, dar\u016f a od sponzor\u016f.<\/p>\n<p><strong>Kdy\u017e se m\u016f\u017eete starat doma <\/strong><\/p>\n<p>Pokud nepot\u0159ebujete za\u0159\u00edzen\u00ed s celodenn\u00ed p\u00e9\u010d\u00ed, m\u016f\u017eete vyu\u017e\u00edvat o\u0161et\u0159ovatelsk\u00fdch a don\u00e1\u0161kov\u00fdch slu\u017eeb \u010di agentur dom\u00e1c\u00ed p\u00e9\u010de, jejich\u017e pracovn\u00edci p\u0159ijdou za seniorem dom\u016f, nebo stacion\u00e1\u0159\u016f, kam je mo\u017en\u00e9 star\u0161\u00edho \u010dlov\u011bka p\u0159iv\u00e9zt dle pot\u0159eby nebo ka\u017ed\u00fd den na n\u011bkolik hodin.<\/p>\n<p>Hledejte je nap\u0159\u00edklad pod n\u00e1zvem Centrum denn\u00edch slu\u017eeb, Denn\u00ed stacion\u00e1\u0159 a podobn\u011b. Dobr\u00fdm tipem jsou tak\u00e9 p\u016fj\u010dovny kompenza\u010dn\u00edch pom\u016fcek, provozovan\u00e9 hospici, stacion\u00e1\u0159i nebo charitou, kter\u00e9 v\u00e1m za p\u0159ijateln\u00e9 pen\u00edze mohou p\u016fj\u010dit nap\u0159\u00edklad chod\u00edtka, polohovac\u00ed postele<\/p>\n<p><strong>Kde hledat radu? Obra\u0165te se na soci\u00e1ln\u00ed odbor<\/strong><\/p>\n<p>Poradit v\u00e1m mohou nap\u0159\u00edklad na na soci\u00e1ln\u00edm odboru m\u011bstsk\u00e9ho \u00fa\u0159adu nebo m\u011bstsk\u00e9 \u010d\u00e1sti, v p\u0159\u00edpad\u011b mal\u00fdch obc\u00ed na obecn\u00edm \u00fa\u0159ad\u011b. P\u0159ehled v\u0161ech poskytovatel\u016f soci\u00e1ln\u00edch slu\u017eeb p\u016fsob\u00edc\u00edch na \u00fazem\u00ed kraje maj\u00ed tak\u00e9 soci\u00e1ln\u00ed, v p\u0159\u00edpad\u011b l\u00e9\u010deben dlouhodob\u011b nemocn\u00fdch a hospic\u016f zdravotn\u00ed odbory krajsk\u00fdch \u00fa\u0159ad\u016f. Poradit by v\u00e1m m\u011bli i na \u00fa\u0159adech pr\u00e1ce, proto\u017ee se zab\u00fdvaj\u00ed posuzov\u00e1n\u00edm n\u00e1roku na p\u0159\u00edsp\u011bvek na p\u00e9\u010di.<\/p>\n<p>Dobr\u00fd p\u0159ehled o agentur\u00e1ch dom\u00e1c\u00ed p\u00e9\u010de a o\u0161et\u0159ovatelsk\u00fdch slu\u017eb\u00e1ch m\u00edvaj\u00ed prakti\u010dt\u00ed l\u00e9ka\u0159i. Informace by m\u011bla poskytnout tak\u00e9 nemocnice nebo l\u00e9\u010debna dlouhodob\u011b nemocn\u00fdch.<\/p>\n<p>Mlad\u00e1 fronta Dnes<\/p>\n<p>Radka Wallerov\u00e1<\/p>\n","protected":false},"excerpt":{"rendered":"<div class=\"mh-excerpt\"><p>St\u00e1tn\u00ed za\u0159\u00edzen\u00ed jsou levn\u011bj\u0161\u00ed, ale na m\u00edsto v nich se dlouho \u010dek\u00e1, a to a\u017e n\u011bkolik let. Soukrom\u00e9 domy pro seniory nebo priv\u00e1tn\u00ed stacion\u00e1\u0159e jsou <a class=\"mh-excerpt-more\" href=\"https:\/\/www.invarena.cz\/?p=11670\" title=\"Za m\u011bs\u00edc v domov\u011b s p\u00e9\u010d\u00ed zaplat\u00edte a\u017e 20 tis\u00edc\">[&#8230;]<\/a><\/p>\n<\/div>","protected":false},"author":1,"featured_media":0,"comment_status":"open","ping_status":"open","sticky":false,"template":"","format":"standard","meta":{"footnotes":""},"categories":[1],"tags":[],"class_list":["post-11670","post","type-post","status-publish","format-standard","hentry","category-nezarazene"],"_links":{"self":[{"href":"https:\/\/www.invarena.cz\/index.php?rest_route=\/wp\/v2\/posts\/11670","targetHints":{"allow":["GET"]}}],"collection":[{"href":"https:\/\/www.invarena.cz\/index.php?rest_route=\/wp\/v2\/posts"}],"about":[{"href":"https:\/\/www.invarena.cz\/index.php?rest_route=\/wp\/v2\/types\/post"}],"author":[{"embeddable":true,"href":"https:\/\/www.invarena.cz\/index.php?rest_route=\/wp\/v2\/users\/1"}],"replies":[{"embeddable":true,"href":"https:\/\/www.invarena.cz\/index.php?rest_route=%2Fwp%2Fv2%2Fcomments&post=11670"}],"version-history":[{"count":0,"href":"https:\/\/www.invarena.cz\/index.php?rest_route=\/wp\/v2\/posts\/11670\/revisions"}],"wp:attachment":[{"href":"https:\/\/www.invarena.cz\/index.php?rest_route=%2Fwp%2Fv2%2Fmedia&parent=11670"}],"wp:term":[{"taxonomy":"category","embeddable":true,"href":"https:\/\/www.invarena.cz\/index.php?rest_route=%2Fwp%2Fv2%2Fcategories&post=11670"},{"taxonomy":"post_tag","embeddable":true,"href":"https:\/\/www.invarena.cz\/index.php?rest_route=%2Fwp%2Fv2%2Ftags&post=11670"}],"curies":[{"name":"wp","href":"https:\/\/api.w.org\/{rel}","templated":true}]}}