{"id":11777,"date":"2013-10-12T20:01:36","date_gmt":"2013-10-12T18:01:36","guid":{"rendered":"http:\/\/www.invarena.cz\/?p=11777"},"modified":"2013-10-12T20:09:58","modified_gmt":"2013-10-12T18:09:58","slug":"dnes-nevynecham-avatara","status":"publish","type":"post","link":"https:\/\/www.invarena.cz\/?p=11777","title":{"rendered":"Dnes nevynech\u00e1m Avatara"},"content":{"rendered":"<p><strong>Tento v\u00fdpravn\u00fd americko-bristk\u00fd velkofilm nen\u00ed pro mne jen poh\u00e1dkou pro dosp\u011bl\u00e9 \u010di ak\u010dn\u00edm filmem se st\u0159\u00edle\u010dkou na konci. Pro mne m\u00e1 je\u0161t\u011b jeden rozm\u011br, o kter\u00e9m zdrav\u00ed lid\u00e9 mo\u017en\u00e1 ani netu\u0161\u00ed&#8230; , p\u00ed\u0161e ve sv\u00e9m p\u0159\u00edsp\u011bvku \u010dten\u00e1\u0159.<\/strong><!--more--><\/p>\n<p>Pro mne je to prvn\u00ed film, kde je hlavn\u00ed hrdinou voz\u00ed\u010dk\u00e1\u0159. Film o mo\u017enostech, je\u017e se \u010dlov\u011bku otev\u00edraj\u00ed, kdy\u017e se zbav\u00ed pout sv\u00e9ho hendikepu.<\/p>\n<p>Nepopsateln\u00fd je pro mne okam\u017eik, kdy se Worlington p\u0159enese do podoby genetick\u00e9ho dvojn\u00edka &#8211; avatara. Ten n\u00e1hl\u00fd p\u0159\u00edval pocitu \u0161t\u011bst\u00ed, svobody a radosti ze \u017eivota, kdy\u017e se poprv\u00e9 po zran\u011bn\u00ed, kter\u00e9 ho upoutalo na invalidn\u00ed voz\u00edk, postav\u00ed na nohy &#8211; b\u011b\u017e\u00ed ze v\u0161ech sil, ni\u010deho nedbaje, u\u017e\u00edv\u00e1 si to a\u017e do morku kost\u00ed &#8211; tak vypad\u00e1 opravdov\u00e1 radost.<\/p>\n<p>V tom je ten film p\u0159edzv\u011bst\u00ed nedalek\u00e9 budoucnosti, kdy lidstvo ji\u017e bude nejen um\u011bt stav\u011bt ochrnut\u00e9 na nohy, ale tak\u00e9 vracet zrak slep\u00fdm a sluch hluch\u00fdm a podobn\u011b.<\/p>\n<p>Vezmu-li si, jak\u00fd pokrok ud\u011blal medic\u00edna za posledn\u00edch sto let, nepochybuji o tom, \u017ee tyto &#8222;z\u00e1zraky&#8220; se budou d\u00edt v pr\u016fb\u011bhu dal\u0161\u00edch sto let. Mo\u017en\u00e1, \u017ee dne\u0161n\u00ed\u00a0 d\u011bti se toho ji\u017e do\u017eij\u00ed, mo\u017en\u00e1 i dne\u0161n\u00ed mlad\u00ed lid\u00e9. Moc bych jim to p\u0159\u00e1l.<\/p>\n<p>Nediv\u00edm se Worlingtonovi, \u017ee se ji\u017e necht\u011bl vr\u00e1tit zp\u011bt mezi lidi, tam, kde \u017eil jako invalidn\u00ed d\u016fchodce, bez mo\u017enosti dal\u0161\u00ed kari\u00e9ry, bez osobnostn\u00edho rozvoje. Mezi Avatary &#8211; nespoutan\u00fd sv\u00fdm handicapem &#8211; na\u0161el nejen l\u00e1sku, ale tak\u00e9 se stal uzn\u00e1van\u00fdm \u010dlenem spole\u010denstv\u00ed.<\/p>\n<p>Pokud se nebudete moci pod\u00edvat dnes ve\u010der, film pob\u011b\u017e\u00ed na televizi Prima je\u0161t\u011b z\u00edtra v ned\u011bli od 10.50. Tuto kr\u00e1snou pod\u00edvanou si nenechte uj\u00edt &#8211; je to vlastn\u011b o na\u0161\u00ed budoucnosti&#8230;<\/p>\n<p>Jan Pavl\u00ed\u010dek<\/p>\n<p>&nbsp;<\/p>\n<p>&nbsp;<\/p>\n<p>&nbsp;<\/p>\n","protected":false},"excerpt":{"rendered":"<div class=\"mh-excerpt\"><p>Tento v\u00fdpravn\u00fd americko-bristk\u00fd velkofilm nen\u00ed pro mne jen poh\u00e1dkou pro dosp\u011bl\u00e9 \u010di ak\u010dn\u00edm filmem se st\u0159\u00edle\u010dkou na konci. Pro mne m\u00e1 je\u0161t\u011b jeden rozm\u011br, o <a class=\"mh-excerpt-more\" href=\"https:\/\/www.invarena.cz\/?p=11777\" title=\"Dnes nevynech\u00e1m Avatara\">[&#8230;]<\/a><\/p>\n<\/div>","protected":false},"author":1,"featured_media":11780,"comment_status":"open","ping_status":"open","sticky":false,"template":"","format":"standard","meta":{"footnotes":""},"categories":[4],"tags":[],"class_list":["post-11777","post","type-post","status-publish","format-standard","has-post-thumbnail","hentry","category-nazory"],"_links":{"self":[{"href":"https:\/\/www.invarena.cz\/index.php?rest_route=\/wp\/v2\/posts\/11777","targetHints":{"allow":["GET"]}}],"collection":[{"href":"https:\/\/www.invarena.cz\/index.php?rest_route=\/wp\/v2\/posts"}],"about":[{"href":"https:\/\/www.invarena.cz\/index.php?rest_route=\/wp\/v2\/types\/post"}],"author":[{"embeddable":true,"href":"https:\/\/www.invarena.cz\/index.php?rest_route=\/wp\/v2\/users\/1"}],"replies":[{"embeddable":true,"href":"https:\/\/www.invarena.cz\/index.php?rest_route=%2Fwp%2Fv2%2Fcomments&post=11777"}],"version-history":[{"count":0,"href":"https:\/\/www.invarena.cz\/index.php?rest_route=\/wp\/v2\/posts\/11777\/revisions"}],"wp:featuredmedia":[{"embeddable":true,"href":"https:\/\/www.invarena.cz\/index.php?rest_route=\/wp\/v2\/media\/11780"}],"wp:attachment":[{"href":"https:\/\/www.invarena.cz\/index.php?rest_route=%2Fwp%2Fv2%2Fmedia&parent=11777"}],"wp:term":[{"taxonomy":"category","embeddable":true,"href":"https:\/\/www.invarena.cz\/index.php?rest_route=%2Fwp%2Fv2%2Fcategories&post=11777"},{"taxonomy":"post_tag","embeddable":true,"href":"https:\/\/www.invarena.cz\/index.php?rest_route=%2Fwp%2Fv2%2Ftags&post=11777"}],"curies":[{"name":"wp","href":"https:\/\/api.w.org\/{rel}","templated":true}]}}