{"id":11818,"date":"2013-10-13T00:39:13","date_gmt":"2013-10-12T22:39:13","guid":{"rendered":"http:\/\/www.invarena.cz\/?p=11818"},"modified":"2013-10-14T11:26:53","modified_gmt":"2013-10-14T09:26:53","slug":"kazdy-desaty-cech-je-ohrozen-chudobou","status":"publish","type":"post","link":"https:\/\/www.invarena.cz\/?p=11818","title":{"rendered":"Ka\u017ed\u00fd des\u00e1t\u00fd \u010cech je ohro\u017een chudobou"},"content":{"rendered":"<p><strong>Ka\u017ed\u00fd des\u00e1t\u00fd obyvatel \u010ceska je ohro\u017een\u00fd chudobou. V sou\u010dasnosti s nedostatkem pen\u011bz z\u00e1pas\u00ed 990 tis\u00edc lid\u00ed. Na d\u00e1vky v hmotn\u00e9 nouzi jde letos ze st\u00e1tn\u00ed pokladny skoro o polovinu v\u00edc pen\u011bz ne\u017e vloni.<\/strong><\/p>\n<p><!--more--><\/p>\n<p>&nbsp;<\/p>\n<p>Vypl\u00fdv\u00e1 to z aktu\u00e1ln\u00edch \u010d\u00edsel evropsk\u00fdch statistik\u016f. Eurostat ale taky dod\u00e1v\u00e1, \u017ee jinde v Unii je situace je\u0161t\u011b hor\u0161\u00ed. Rostouc\u00ed po\u010det chud\u00fdch znamen\u00e1 i velk\u00e9 v\u00fddaje pro \u010desk\u00fd st\u00e1t. Pouze na d\u00e1vky v hmotn\u00e9 nouzi jde letos ze st\u00e1tn\u00ed pokladny skoro o polovinu v\u00edc pen\u011bz ne\u017e vloni.<\/p>\n<p>Mal\u00e1 Kate\u0159ina sice nezn\u00e1 vzorec, podle kter\u00e9ho statistici vypo\u010d\u00edt\u00e1vaj\u00ed hranici chudoby, nebo\u0165 je j\u00ed teprve 6 let, co ale ohro\u017een\u00ed chudobou znamen\u00e1, v\u00ed.<\/p>\n<p>T\u0159eba to, \u017ee ka\u017ed\u00fd den nem\u016f\u017ee j\u00edst maso, proto\u017ee jej\u00ed matka na n\u011bj nem\u00e1 pen\u00edze. Hana Rokosov\u00e1 se sama star\u00e1 o sv\u00e9 4 d\u011bti a na konci m\u011bs\u00edce d\u00e1 skoro v\u0161echny pen\u00edze na n\u00e1jem, aby s Kate\u0159inou a jej\u00edmi sourozenci nep\u0159i\u0161la o st\u0159echu nad hlavou.<\/p>\n<p>Hana ROKOSOV\u00c1, samo\u017eivitelka, Praha:&#8220;N\u00e1jem je 12 tis\u00edc, 2 tis\u00edce elektriku a 2 tis\u00edce plyn. Pak se d\u011btem mus\u00ed topit a vy\u00fa\u010dtov\u00e1n\u00ed plynu a elektriky je jednou za rok. To bude asi hust\u00fd&#8230;.&#8220;<\/p>\n<p>P\u0159esto\u017ee si p\u0159ivyd\u011bl\u00e1v\u00e1, zb\u00fdv\u00e1 Han\u011b ka\u017ed\u00fd m\u011bs\u00edc na j\u00eddlo, oble\u010den\u00ed, ale t\u0159eba i na d\u011btsk\u00e9 hra\u010dky 3 tis\u00edce 100 korun. Takhle vypad\u00e1 ohro\u017een\u00ed chudobou u t\u011bch nejzraniteln\u011bj\u0161\u00edch. Matek samo\u017eivitelek. V \u010cesku je jich asi 200 tis\u00edc.<\/p>\n<p>Jan Franti\u0161ek KRUPKA, n\u00e1rodn\u00ed \u0159editel soci\u00e1ln\u00edch slu\u017eeb, Arm\u00e1da sp\u00e1sy: &#8222;Ztr\u00e1ta zam\u011bstn\u00e1n\u00ed m\u016f\u017ee b\u00fdt velik\u00fdm probl\u00e9mem, u samo\u017eivitelek daleko v\u011bt\u0161\u00edm ne\u017e, ne\u017e u n\u011bkoho ze dvojice, kdy\u017e jsou dva \u017eivitel\u00e9 v rodin\u011b. &#8220;<\/p>\n<p>Soci\u00e1ln\u00ed podpora, pomoc v hmotn\u00e9 nouzi, p\u0159\u00edsp\u011bvek na p\u00e9\u010di, d\u00e1vky pro zdravotn\u011b posti\u017een\u00e9. Lidem v nesn\u00e1z\u00edch st\u00e1t loni pomohl v\u00edce ne\u017e 60 miliardami korun.<\/p>\n<p>Lid\u00e9 v chudob\u011b se bez soci\u00e1ln\u00edch d\u00e1vek neobejdou. Ani pen\u00edze od st\u00e1tu ale na jejich probl\u00e9my nesta\u010d\u00ed. Denisa sice leze po \u010dty\u0159ech, postavit se na vlastn\u00ed nohy ale um\u00ed. Jej\u00ed matka zat\u00edm ne. Od man\u017eela, kter\u00fd je t\u00fdral, utekla s dcerou do azylov\u00e9ho domu v Ostrav\u011b. Ob\u011b jsou odk\u00e1zan\u00e9 na pen\u00edze, kter\u00e9 jim d\u00e1v\u00e1 st\u00e1t.<\/p>\n<p>Monika KOUTN\u00c1, samo\u017eivitelka, Ostrava: &#8222;Kdy\u017e to rozpo\u010d\u00edt\u00e1m, tak mi z\u016fst\u00e1v\u00e1 1500 na j\u00eddlo m\u011bs\u00ed\u010dn\u011b. No, nen\u00ed to moc, ale d\u00e1 se to. &#8220;<\/p>\n<p>Monika Koutn\u00e1 p\u0159i\u0161la do domova pro matky s d\u011btmi v \u00fanoru. Zpravidla tady \u017eeny z\u016fst\u00e1vaj\u00ed rok ne\u017e si najdou nov\u00e9 bydlen\u00ed. \u0158ekn\u011bte mi, vy nem\u00e1te v rodin\u011b kam j\u00edt, jako nem\u00e1te n\u011bkoho, tetu, str\u00fdce?<\/p>\n<p>Monika KOUTN\u00c1, samo\u017eivitelka, Ostrava:&#8220;Ne, nem\u00e1m kam j\u00edt.&#8220;<\/p>\n<p>I kdy\u017e chudoba v \u010cesku ohro\u017euje m\u00e9n\u011b lid\u00ed ne\u017e t\u0159eba v roce 2005, st\u00e1le s n\u00ed z\u00e1pas\u00ed zhruba ka\u017ed\u00fd des\u00e1t\u00fd \u010cech.<\/p>\n<p><strong>A jak rostou v\u00fddaje st\u00e1tu na soci\u00e1ln\u00ed podporu?<\/strong><\/p>\n<p>Zat\u00edmco kolem lo\u0148sk\u00e9ho srpna bylo bez pr\u00e1ce necel\u00fdch p\u016fl milionu lid\u00ed, za rok jich p\u0159ibylo 65 tis\u00edc. Od za\u010d\u00e1tku roku dostali nezam\u011bstnan\u00ed na podpo\u0159e 6 miliard a 700 milion\u016f korun. Tedy zhruba o desetinu v\u00edc ne\u017e v roce lo\u0148sk\u00e9m.<\/p>\n<p>A p\u0159ibylo i \u010cech\u016f, kte\u0159\u00ed pob\u00edraj\u00ed pomoc v hmotn\u00e9 nouzi. Ta zahrnuje p\u0159\u00edsp\u011bvek na \u017eivobyt\u00ed, doplatek na bydlen\u00ed a tak\u00e9 mimo\u0159\u00e1dnou pomoc. A tyto platby vzrostly oproti lo\u0148sku o 40 procent. Loni st\u00e1ly bezm\u00e1la 5 miliard, letos skoro 7.<\/p>\n<p>A kdo m\u016f\u017ee o podporu v hmotn\u00e9 nouzi po\u017e\u00e1dat? Ka\u017ed\u00fd, kdo m\u00e1 tak n\u00edzk\u00e9 p\u0159\u00edjmy, \u017ee z nich po ode\u010dten\u00ed n\u00e1klad\u016f na bydlen\u00ed nevy\u017eije. V\u00fd\u0161e podpory se odv\u00edj\u00ed od \u017eivotn\u00edho minima. To je aktu\u00e1ln\u011b 3 tis\u00edce 400 korun m\u011bs\u00ed\u010dn\u011b. Pro rodinu se dv\u011bma d\u011btmi pak zhruba 10,5 tis\u00edce.<\/p>\n<p>podle report\u00e1\u017ee \u010cesk\u00e9 televize zaznamenala invArena<\/p>\n","protected":false},"excerpt":{"rendered":"<div class=\"mh-excerpt\"><p>Ka\u017ed\u00fd des\u00e1t\u00fd obyvatel \u010ceska je ohro\u017een\u00fd chudobou. V sou\u010dasnosti s nedostatkem pen\u011bz z\u00e1pas\u00ed 990 tis\u00edc lid\u00ed. Na d\u00e1vky v hmotn\u00e9 nouzi jde letos ze st\u00e1tn\u00ed <a class=\"mh-excerpt-more\" href=\"https:\/\/www.invarena.cz\/?p=11818\" title=\"Ka\u017ed\u00fd des\u00e1t\u00fd \u010cech je ohro\u017een chudobou\">[&#8230;]<\/a><\/p>\n<\/div>","protected":false},"author":1,"featured_media":0,"comment_status":"open","ping_status":"open","sticky":false,"template":"","format":"standard","meta":{"footnotes":""},"categories":[7],"tags":[],"class_list":["post-11818","post","type-post","status-publish","format-standard","hentry","category-spolecnost"],"_links":{"self":[{"href":"https:\/\/www.invarena.cz\/index.php?rest_route=\/wp\/v2\/posts\/11818","targetHints":{"allow":["GET"]}}],"collection":[{"href":"https:\/\/www.invarena.cz\/index.php?rest_route=\/wp\/v2\/posts"}],"about":[{"href":"https:\/\/www.invarena.cz\/index.php?rest_route=\/wp\/v2\/types\/post"}],"author":[{"embeddable":true,"href":"https:\/\/www.invarena.cz\/index.php?rest_route=\/wp\/v2\/users\/1"}],"replies":[{"embeddable":true,"href":"https:\/\/www.invarena.cz\/index.php?rest_route=%2Fwp%2Fv2%2Fcomments&post=11818"}],"version-history":[{"count":0,"href":"https:\/\/www.invarena.cz\/index.php?rest_route=\/wp\/v2\/posts\/11818\/revisions"}],"wp:attachment":[{"href":"https:\/\/www.invarena.cz\/index.php?rest_route=%2Fwp%2Fv2%2Fmedia&parent=11818"}],"wp:term":[{"taxonomy":"category","embeddable":true,"href":"https:\/\/www.invarena.cz\/index.php?rest_route=%2Fwp%2Fv2%2Fcategories&post=11818"},{"taxonomy":"post_tag","embeddable":true,"href":"https:\/\/www.invarena.cz\/index.php?rest_route=%2Fwp%2Fv2%2Ftags&post=11818"}],"curies":[{"name":"wp","href":"https:\/\/api.w.org\/{rel}","templated":true}]}}