{"id":11891,"date":"2013-10-15T12:01:38","date_gmt":"2013-10-15T10:01:38","guid":{"rendered":"http:\/\/www.invarena.cz\/?p=11891"},"modified":"2013-10-15T12:01:38","modified_gmt":"2013-10-15T10:01:38","slug":"cely-zivot-jsem-tady-pro-ostatni","status":"publish","type":"post","link":"https:\/\/www.invarena.cz\/?p=11891","title":{"rendered":"\u00bbCel\u00fd \u017eivot jsem tady pro ostatn\u00ed\u00ab"},"content":{"rendered":"<p><strong>Cel\u00fd \u017eivot pom\u00e1hala senior\u016fm, handicapovan\u00fdm i d\u011btem bez domova. Osud j\u00ed v\u0161ak ne\u0161et\u0159il, zkou\u0161el jej\u00ed s\u00edlu b\u011bhem \u017eivota hned n\u011bkolikr\u00e1t. Kdy\u017e j\u00ed seslal vymodlen\u00e9 d\u00edt\u011b, narodila se j\u00ed posti\u017een\u00e1 hol\u010di\u010dka, kter\u00e1 v\u0161ak d\u00edky sv\u00e9 mamince d\u011blala velk\u00e9 pokroky.<\/strong><br \/>\n<!--more--><br \/>\n<strong>&#8211; V\u011bd\u011bla jste odmali\u010dka, \u017ee chcete pracovat pr\u00e1v\u011b v soci\u00e1ln\u00ed oblasti?<\/strong><\/p>\n<p>Vyr\u016fstala jsem se \u0161esti sestrami a jedn\u00edm bratrem \u2013 j\u00e1 byla ta nejstar\u0161\u00ed. Od d\u011btstv\u00ed jsem se musela o sourozence starat, bratr byl nav\u00edc slep\u00fd a n\u00e1\u0161 tat\u00ednek zem\u0159el velmi brzo. Moje maminka by to sama nezvl\u00e1dla, v\u0161ichni jsme se museli pod\u00edlet na chodu dom\u00e1cnosti a starat se o mlad\u0161\u00ed sourozence. Mysl\u00edm si ale, \u017ee takto by to m\u011blo b\u00fdt ve v\u0161ech rodin\u00e1ch, nikdo nikomu nic nevy\u010d\u00edtal ani zp\u011btn\u011b. Naopak, sp\u00ed\u0161e n\u00e1s to jako rodinu p\u0159imklo je\u0161t\u011b v\u00edce k sob\u011b.<\/p>\n<p><strong>&#8211; Kde jste z\u00edskala sv\u00e9 prvn\u00ed zam\u011bstn\u00e1n\u00ed a kam pot\u00e9 sm\u011b\u0159ovaly va\u0161e kroky?<\/strong><\/p>\n<p>Nejd\u0159\u00edve jsem d\u011blala n\u011bjakou dobu \u0161vadlenu, ale st\u00e1le jsem chodila pom\u00e1hat do kostela, kde jsme m\u011bli charitu. Sb\u00edrali jsme star\u00e9 \u0161atstvo, va\u0159ili pol\u00e9vky pro lidi bez domova nebo jsme chodili nakupovat star\u0161\u00edm lidem. D\u011blala jsem to r\u00e1da, ale cht\u011bla jsem za tuto pr\u00e1ci dost\u00e1vat plat. Nakonec mi nab\u00eddli pozici o\u0161et\u0159ovatelky v domov\u011b d\u016fchodc\u016f, kde jsem z\u016fstala a\u017e do narozen\u00ed dcery. Nebyl to v\u0161ak d\u016fm d\u016fchodc\u016f v prav\u00e9m slova smyslu \u2013 sp\u00ed\u0161e l\u00e9\u010debna dlouhodob\u011b nemocn\u00fdch. Byla to vy\u010derp\u00e1vaj\u00edc\u00ed pr\u00e1ce, ale napl\u0148ovala m\u011b.<\/p>\n<p><strong>&#8211; Osud v\u00e1s zkou\u0161el, vy jste ale p\u0159esto z\u016fstala siln\u00e1 a vl\u00eddn\u00e1. Jak jste se d\u00edvala na \u017eivotn\u00ed r\u00e1ny?<\/strong><\/p>\n<p>Jsem \u010dlov\u011bk, kter\u00fd p\u0159ij\u00edm\u00e1 v\u0161e, co mu osud nab\u00edz\u00ed, p\u0159esto\u017ee se to v\u017edy n\u00e1m samotn\u00fdm nel\u00edb\u00ed. M\u00e1 sestra zem\u0159ela v dev\u011btadvaceti letech a z\u016fstaly po n\u00ed dv\u011b dcerky, kter\u00e9 jsem si vzala pod sv\u00e1 k\u0159\u00eddla. Samotn\u00e9 se mi ale neda\u0159ilo m\u00edt d\u00edt\u011b, byla jsem r\u00e1da, \u017ee m\u00e1m v dom\u011b d\u011btsk\u00fd sm\u00edch. Kdy\u017e se mi pak kone\u010dn\u011b narodila dcera Marcela s Downov\u00fdm syndromem, man\u017eela to \u00fapln\u011b polo\u017eilo. M\u011b to v\u0161ak motivovalo s lidmi s t\u00edmto posti\u017een\u00edm pracovat. A tak se tak\u00e9 stalo.<\/p>\n<p><strong>&#8211; Tak\u017ee jste pracovala s handicapovan\u00fdmi d\u011btmi?<\/strong><\/p>\n<p>Ano. Sice to v t\u00e9 dob\u011b nebylo \u00fapln\u011b jednoduch\u00e9, lid\u00e9 se na posti\u017een\u00e9 d\u00edvali skrz prsty a brali je jako &#8222;\u010f\u00e1blovy d\u011bti&#8220;. Nikdo nehledal chybu v genech a v sob\u011b. Nebylo to nejjednodu\u0161\u0161\u00ed obdob\u00ed, ale my, zam\u011bstnanci, jsme se nedali. Moje dcera d\u00edky tomu vystudovala v oboru potravin\u00e1\u0159stv\u00ed a n\u00e1dhern\u011b maluje. Sama je te\u010f pro stejn\u011b posti\u017een\u00e9 vzpruhou a impulsem. Jsem nesm\u00edrn\u011b r\u00e1da, \u017ee ji m\u00e1m. Nicm\u00e9n\u011b si st\u00e1le mysl\u00edm, \u017ee ve\u0159ejnost je, co se t\u00fdk\u00e1 ment\u00e1ln\u00edho posti\u017een\u00ed, hodn\u011b laxn\u00ed a boj\u00ed se. Maj\u00ed strach pomoci, nev\u00ed, co od posti\u017een\u00fdch mohou \u010dekat, a p\u0159itom nejsou o nic hor\u0161\u00ed ne\u017e lid\u00e9 zdrav\u00ed. Mnohdy jsou tedy pr\u00e1v\u011b o dost lep\u0161\u00ed osobnosti s \u010dist\u00fdm charakterem.<\/p>\n<p><strong>&#8211; V sou\u010dasn\u00e9 dob\u011b se ji\u017e pr\u00e1ci v soci\u00e1ln\u00edch slu\u017eb\u00e1ch nev\u011bnujete?<\/strong><\/p>\n<p>Ale ano, dokud budu zdrav\u00e1 a schopn\u00e1 se anga\u017eovat, nep\u0159estanu s t\u00edm. Pravideln\u011b nav\u0161t\u011bvuji seniory v domovech d\u016fchodc\u016f, jednak tam m\u00e1m mnoho zn\u00e1m\u00fdch a jednak se je sna\u017e\u00edm rozptylovat. Dcera se s kamar\u00e1dkou, je\u017e se o ni r\u00e1da star\u00e1, p\u0159est\u011bhovala do Anglie, kde je p\u0159\u00edmo asociace pro takto posti\u017een\u00e9 a jsme neust\u00e1le ve spojen\u00ed. Cel\u00fd \u017eivot jsem tady byla pro ostatn\u00ed a nehodl\u00e1m na tom nic m\u011bnit.<\/p>\n<p>BIBI\u00c1NA BALICKA<\/p>\n<p>Noviny Region Hav\u00ed\u0159ovsko<\/p>\n","protected":false},"excerpt":{"rendered":"<div class=\"mh-excerpt\"><p>Cel\u00fd \u017eivot pom\u00e1hala senior\u016fm, handicapovan\u00fdm i d\u011btem bez domova. Osud j\u00ed v\u0161ak ne\u0161et\u0159il, zkou\u0161el jej\u00ed s\u00edlu b\u011bhem \u017eivota hned n\u011bkolikr\u00e1t. Kdy\u017e j\u00ed seslal vymodlen\u00e9 d\u00edt\u011b, <a class=\"mh-excerpt-more\" href=\"https:\/\/www.invarena.cz\/?p=11891\" title=\"\u00bbCel\u00fd \u017eivot jsem tady pro ostatn\u00ed\u00ab\">[&#8230;]<\/a><\/p>\n<\/div>","protected":false},"author":1,"featured_media":6815,"comment_status":"open","ping_status":"open","sticky":false,"template":"","format":"standard","meta":{"footnotes":""},"categories":[12],"tags":[],"class_list":["post-11891","post","type-post","status-publish","format-standard","has-post-thumbnail","hentry","category-rozhovory"],"_links":{"self":[{"href":"https:\/\/www.invarena.cz\/index.php?rest_route=\/wp\/v2\/posts\/11891","targetHints":{"allow":["GET"]}}],"collection":[{"href":"https:\/\/www.invarena.cz\/index.php?rest_route=\/wp\/v2\/posts"}],"about":[{"href":"https:\/\/www.invarena.cz\/index.php?rest_route=\/wp\/v2\/types\/post"}],"author":[{"embeddable":true,"href":"https:\/\/www.invarena.cz\/index.php?rest_route=\/wp\/v2\/users\/1"}],"replies":[{"embeddable":true,"href":"https:\/\/www.invarena.cz\/index.php?rest_route=%2Fwp%2Fv2%2Fcomments&post=11891"}],"version-history":[{"count":0,"href":"https:\/\/www.invarena.cz\/index.php?rest_route=\/wp\/v2\/posts\/11891\/revisions"}],"wp:featuredmedia":[{"embeddable":true,"href":"https:\/\/www.invarena.cz\/index.php?rest_route=\/wp\/v2\/media\/6815"}],"wp:attachment":[{"href":"https:\/\/www.invarena.cz\/index.php?rest_route=%2Fwp%2Fv2%2Fmedia&parent=11891"}],"wp:term":[{"taxonomy":"category","embeddable":true,"href":"https:\/\/www.invarena.cz\/index.php?rest_route=%2Fwp%2Fv2%2Fcategories&post=11891"},{"taxonomy":"post_tag","embeddable":true,"href":"https:\/\/www.invarena.cz\/index.php?rest_route=%2Fwp%2Fv2%2Ftags&post=11891"}],"curies":[{"name":"wp","href":"https:\/\/api.w.org\/{rel}","templated":true}]}}