{"id":11896,"date":"2013-10-16T11:28:41","date_gmt":"2013-10-16T09:28:41","guid":{"rendered":"http:\/\/www.invarena.cz\/?p=11896"},"modified":"2014-10-20T20:07:43","modified_gmt":"2014-10-20T18:07:43","slug":"jak-z-parlamentu-zabranite-zneuziti-davek","status":"publish","type":"post","link":"https:\/\/www.invarena.cz\/?p=11896","title":{"rendered":"Jak z parlamentu zabr\u00e1n\u00edte zneu\u017eit\u00ed d\u00e1vek?"},"content":{"rendered":"<p><strong>L\u00edd\u0159i siln\u00fdch stran na severu \u010cech odpov\u00eddaj\u00ed na ot\u00e1zky MF DNES : 1) Jak z parlamentu p\u0159isp\u011bjete ke zklidn\u011bn\u00ed napjat\u00e9 soci\u00e1ln\u00ed situace v kraji?\u00a0 2) Jak\u00e9 kroky podniknete, aby se zabr\u00e1nilo zneu\u017e\u00edv\u00e1n\u00ed soci\u00e1ln\u00edch d\u00e1vek?<\/strong> <!--more--><\/p>\n<p><strong>Richard Brabec l\u00eddr ANO<\/strong><\/p>\n<p>Tady st\u00e1t tot\u00e1ln\u011b selhal a \u017e\u00e1dn\u00e9 \u0159e\u0161en\u00ed u\u017e dnes nebude rychl\u00e9, levn\u00e9 a bezbolestn\u00e9. Navzdory miliard\u00e1m utopen\u00fdm v r\u016fzn\u00fdch projektech za\u010dle\u0148ov\u00e1n\u00ed &#8211; kter\u00e9 krom\u011b jejich autor\u016fm nepomohly v\u016fbec nikomu &#8211; neust\u00e1le p\u0159ib\u00fdv\u00e1 vylou\u010den\u00fdch lokalit, ghett. N\u011bkter\u00e9 kroky k n\u00e1prav\u011b lze ud\u011blat relativn\u011b rychle, nap\u0159. sn\u00ed\u017eit st\u00e1tem dotovan\u00e9 n\u00e1jmy soci\u00e1ln\u00edch ubytoven na \u00farove\u0148 b\u011b\u017en\u00e9ho n\u00e1jmu v dan\u00e9 lokalit\u011b a z\u00edskan\u00e9 pen\u00edze pou\u017e\u00edt nap\u0159\u00edklad na v\u00fdrazn\u00e9 pos\u00edlen\u00ed po\u010dtu policist\u016f v ulic\u00edch s c\u00edlem netolerovat ani drobnou kriminalitu a opakovan\u00e9 p\u0159estupky, pos\u00edlit i kontrolu vypl\u00e1cen\u00ed soci\u00e1ln\u00edch d\u00e1vek, jejich podm\u00edn\u011bnosti \u0161koln\u00ed doch\u00e1zkou d\u011bt\u00ed, vykon\u00e1v\u00e1n\u00edm ve\u0159ejn\u011b prosp\u011b\u0161n\u00fdch prac\u00ed a dal\u0161\u00edch podm\u00ednek ze strany \u00fa\u0159adu pr\u00e1ce. Soci\u00e1ln\u00ed d\u00e1vka nesm\u00ed b\u00fdt l\u00e1kav\u011bj\u0161\u00ed alternativou zam\u011bstn\u00e1n\u00ed pro ty, kte\u0159\u00ed pracovat mohou, ale necht\u011bj\u00ed! Na druhou stranu mus\u00ed st\u00e1t ve spolupr\u00e1ci s krajem i dot\u010den\u00fdmi obcemi p\u0159ipravit projekty, kter\u00e9 nab\u00eddnou v\u011bt\u0161\u00ed po\u010det pracovn\u00edch m\u00edst i pro soci\u00e1ln\u011b slab\u00e9 nebo nekvalifikovan\u00e9- nap\u0159. revitalizac\u00ed soci\u00e1ln\u011b vylou\u010den\u00fdch lokalit, kde lze mj. vyu\u017e\u00edt i evropsk\u00e9 fondy.<\/p>\n<p><strong>Jaroslav Foldyna l\u00eddr \u010cSSD<\/strong><\/p>\n<p>Budu opakovat to, co jsme ji\u017e zkou\u0161eli prosadit, ale vl\u00e1da dosud nep\u0159ijala. Je pot\u0159eba obnovit n\u00e1vrhy na redefinaci soci\u00e1ln\u00edho bydlen\u00ed, co\u017e zabr\u00e1n\u00ed tomu, aby se ve\u0159ejn\u00e9 finan\u010dn\u00ed prost\u0159edky na bydlen\u00ed staly p\u0159edm\u011btem spekulace a zisku majitel\u016f nemovitost\u00ed. Osobn\u011b budu podporovat a prosazovat takov\u00e9 n\u00e1vrhy, kter\u00e9 od pasivn\u00ed politiky vypl\u00e1cen\u00ed d\u00e1vek povedou k \u0159e\u0161en\u00ed probl\u00e9m\u016f aktivn\u00ed politikou zam\u011bstnanosti formou vytv\u00e1\u0159en\u00ed masivn\u00edho po\u010dtu ve\u0159ejn\u011b prosp\u011b\u0161n\u00fdch prac\u00ed bez administrativn\u00edch omezen\u00ed doby trv\u00e1n\u00ed tak, aby m\u011bsta mohla vytvo\u0159it pracovn\u00ed m\u00edsta v tzv. soci\u00e1ln\u00ed slu\u017eb\u011b, kde skupiny dlouhodob\u011b nezam\u011bstnan\u00fdch s n\u00edzkou nebo \u017e\u00e1dnou kvalifikac\u00ed dlouhodob\u011b zam\u011bstn\u00e1. Budu podporovat z\u00fa\u017een\u00ed manipula\u010dn\u00edho prostoru mezi p\u0159\u00edjmem soci\u00e1ln\u00edch d\u00e1vek bez pr\u00e1ce a pracovn\u00edmi p\u0159\u00edle\u017eitostmi, tedy takov\u00e9 normy a z\u00e1kony, aby bylo v\u00fdhodn\u011bj\u0161\u00ed pracovat v r\u00e1mci nov\u011b vytvo\u0159en\u00fdch ve\u0159ejn\u011b prosp\u011b\u0161n\u00fdch prac\u00ed, a ne pouze pob\u00edrat d\u00e1vky. Sou\u010dasn\u011b se domn\u00edv\u00e1m, \u017ee je pot\u0159eba se zamyslet a pokusit se legislativn\u011b omezit vypl\u00e1cen\u00ed d\u00e1vek na neomezen\u00fd po\u010det narozen\u00fdch d\u011bt\u00ed v rodin\u011b, nap\u0159. omezen\u00ed vypl\u00e1cen\u00ed d\u00e1vek na maxim\u00e1ln\u011b t\u0159i d\u011bti.<\/p>\n<p><strong>Leo Steiner l\u00eddr KDU-\u010cSL<\/strong><\/p>\n<p>Probl\u00e9m se d\u00e1 d\u00edl\u010d\u00edm zp\u016fsobem \u0159e\u0161it z parlamentu, a to nap\u0159\u00edklad t\u011bmito ov\u011b\u0159en\u00fdmi zp\u016fsoby: 1. Zamezen\u00edm zlod\u011bjsk\u00fdch exekuc\u00ed a lichvy: Zastav\u00edme podivn\u00e9 praktiky v exekuc\u00edch. U\u017e se nejedn\u00e1 o pouh\u00e9 vym\u00e1h\u00e1n\u00ed dluh\u016f, ale o d\u016fmysln\u00fd syst\u00e9m. Zam\u011b\u0159\u00edme se p\u0159edev\u0161\u00edm na zamezen\u00ed exces\u016f v oblasti n\u00e1klad\u016f \u0159\u00edzen\u00ed a odm\u011bn advok\u00e1t\u016f a exekutor\u016f. Zv\u00fd\u0161\u00edme ochranu ob\u010dan\u016f p\u0159ed lichvou &#8211; zak\u00e1\u017eeme p\u016fj\u010dky s \u00farokem nad 20 procent RPSN. 2. \u0158e\u0161en\u00edm problematiky soci\u00e1ln\u011b vylou\u010den\u00fdch lokalit: Podpo\u0159\u00edme projekt soci\u00e1ln\u00edho bydlen\u00ed nav\u00e1zan\u00fd na jasn\u00e1 pravidla jeho p\u0159id\u011blov\u00e1n\u00ed. Prosad\u00edme, aby u dlouhodob\u011b nezam\u011bstnan\u00fdch byla podm\u00ednkou pro v\u00fdplatu soci\u00e1ln\u00edch d\u00e1vek ochota p\u0159ijmout nab\u00edzenou pr\u00e1ci. Osob\u00e1m, kter\u00e9 pr\u00e1ci odm\u00edtnou, bude p\u0159izn\u00e1na pouze podpora na \u00farovni existen\u010dn\u00edho minima. Jako dal\u0161\u00ed podm\u00ednku pro v\u00fdplatu soci\u00e1ln\u00edch d\u00e1vek prosad\u00edme pln\u011bn\u00ed povinnost\u00ed souvisej\u00edc\u00edch se \u0161koln\u00ed doch\u00e1zkou d\u011bt\u00ed.<\/p>\n<p><strong>Gabriela Hub\u00e1\u010dkov\u00e1 l\u00eddr KS\u010cM<\/strong><\/p>\n<p>Toto nen\u00ed jednoduch\u00e1 odpov\u011b\u010f. Soci\u00e1ln\u00ed situace se zde v kraji zhor\u0161uje ji\u017e od roku 1989. Zav\u0159elo se zde mnoho v\u00fdznamn\u00fdch podnik\u016f, kter\u00e9 zam\u011bstn\u00e1valy tis\u00edce lid\u00ed, a pro tyto lidi se ji\u017e nevytvo\u0159ily podm\u00ednky pro jin\u00e9 zam\u011bstn\u00e1n\u00ed. Jako hlavn\u00ed probl\u00e9m je tedy nezam\u011bstnanost, kter\u00e1 je jednozna\u010dn\u011b u n\u00e1s nejv\u011bt\u0161\u00ed. To vede samoz\u0159ejm\u011b k nepokoj\u016fm. Nemysl\u00edm si, \u017ee je spr\u00e1vn\u00e1 formulace, kter\u00e1 odsoud\u00ed v\u0161echny, kte\u0159\u00ed pob\u00edraj\u00ed soci\u00e1ln\u00ed d\u00e1vky. Sama jsem si pro\u0161la tak\u00e9 obdob\u00edm, kdy jsem tyto d\u00e1vky pob\u00edrala. Nap\u0159\u00edklad i nyn\u00ed, kdy jsem od rozpu\u0161t\u011bn\u00ed Sn\u011bmovny nezam\u011bstnan\u00e1. A nedomn\u00edv\u00e1m se, \u017ee bych toto jakkoliv zneu\u017e\u00edvala. Tak\u017ee postupovat p\u0159\u00edpad od p\u0159\u00edpadu. Nap\u0159\u00edklad pos\u00edlen\u00edm soci\u00e1ln\u00edch odbor\u016f m\u011bst a obc\u00ed a prov\u00e1d\u011bt d\u016fslednou kontrolu polici\u00ed.<\/p>\n<p><strong>Radim Hole\u010dek l\u00eddr ODS<\/strong><\/p>\n<p>V prvn\u00ed \u0159ad\u011b mus\u00edme zastavit nehor\u00e1zn\u00fd obchod s chudobou. Dnes je syst\u00e9m nastaven\u00fd tak, \u017ee umo\u017e\u0148uje majitel\u016fm ubytoven a spekulant\u016fm po\u017eadovat nehor\u00e1zn\u00e9 \u010d\u00e1stky d\u00edky doplatk\u016fm na bydlen\u00ed t\u00edm, \u017ee je v jednom byt\u011b nebo m\u00edstnosti dost\u00e1v\u00e1 hned n\u011bkolik lid\u00ed. V\u00fdjimkou tak nejsou v\u00edc ne\u017e desetitis\u00edcov\u00e9 n\u00e1jmy za jednu m\u00edstnost, p\u0159itom za takov\u00e9 pen\u00edze se\u017eenete pron\u00e1jem velk\u00e9ho bytu na lukrativn\u00ed adrese. M\u00e1me p\u0159ipraven\u00fd z\u00e1kon, kter\u00fd syst\u00e9m doplatk\u016f zm\u011bn\u00ed tak, \u017ee tuto soci\u00e1ln\u00ed d\u00e1vku bude mo\u017en\u00e9 \u010derpat jen jednou, na byt nebo m\u00edstnost. T\u00edm p\u0159\u00ed\u0161ern\u00e1 praxe pro majitele ubytoven skon\u010d\u00ed.<br \/>\nRuku v ruce s t\u00edm ale mus\u00ed p\u0159ij\u00edt i dal\u0161\u00ed zm\u011bny. Chceme v poupraven\u00e9 verzi znovu zav\u00e9st ve\u0159ejnou slu\u017ebu, kter\u00e1 by byla povinn\u00e1 pro nezam\u011bstnan\u00e9, kte\u0159\u00ed jsou v\u00edc ne\u017e p\u016fl roku v evidenci \u00fa\u0159adu pr\u00e1ce. Museli by odpracovat pro obec alespo\u0148 20 hodin t\u00fddn\u011b, jinak by p\u0159i\u0161li o \u010d\u00e1st d\u00e1vek a z\u016fstalo by jim jen existen\u010dn\u00ed minimum. Nem\u016f\u017eeme p\u0159eci z dan\u00ed, co\u017e jsou pen\u00edze n\u00e1s v\u0161ech, po\u0159\u00e1d \u017eivit lidi, kte\u0159\u00ed se pr\u00e1ci nebo vzd\u011bl\u00e1v\u00e1n\u00ed roky vyh\u00fdbaj\u00ed.<br \/>\nMus\u00edme ochr\u00e1nit slu\u0161n\u00e9 obyvatele a jejich majetek p\u0159ed n\u00e1jezdy sb\u011bra\u010d\u016f kov\u016f a dal\u0161\u00edch zlod\u011bj\u016f. Te\u010f tyto kr\u00e1de\u017ee kon\u010d\u00ed v drtiv\u00e9 v\u011bt\u0161in\u011b jako p\u0159estupek. Takov\u00fd zlod\u011bj nikdy nezaplat\u00ed pokutu a vesele krade d\u00e1l, proto\u017ee si mysl\u00ed, \u017ee se mu nic nem\u016f\u017ee st\u00e1t. Raz\u00edme heslo &#8222;T\u0159ikr\u00e1t a dost&#8220; &#8211; t\u0159i takov\u00e9 kr\u00e1de\u017ee u\u017e by byly trestn\u00fdm \u010dinem. Z\u00e1rove\u0148 m\u00e1me p\u0159ichystan\u00fd z\u00e1kon, kter\u00fd d\u00e1 obc\u00edm pravomoc regulovat sb\u011brny surovin.<\/p>\n<p><strong>Michal Ku\u010dera l\u00eddr TOP 09<\/strong><\/p>\n<p>Rozhodn\u011b budu trvat na tom, aby n\u00e1jemn\u00e9 v ubytovn\u00e1ch bylo za cenu v m\u00edst\u011b obvyklou. Mus\u00edme ov\u0161em \u0159e\u0161it p\u0159edev\u0161\u00edm p\u0159\u00ed\u010diny. Chceme zjednodu\u0161it z\u00e1kon\u00edk pr\u00e1ce a umo\u017enit tak snadn\u011bj\u0161\u00ed zam\u011bstn\u00e1v\u00e1n\u00ed m\u00e9n\u011b kvalifikovan\u00fdch lid\u00ed. T\u00edm odpadne d\u016fvod zam\u011bstn\u00e1vat lidi na \u010derno. Budu d\u016fsledn\u011b trvat na tom, \u017ee v\u0161ichni maj\u00ed stejn\u00e1 pr\u00e1va, ale i povinnosti, a to p\u0159edev\u0161\u00edm ve skupin\u00e1ch soci\u00e1ln\u011b vylou\u010den\u00fdch lid\u00ed. Budu pro obnoven\u00ed ve\u0159ejn\u00e9 slu\u017eby proti zneu\u017e\u00edv\u00e1n\u00ed d\u00e1vek.<\/p>\n<p><strong>Miroslav Toman l\u00eddr SPOZ<\/strong><\/p>\n<p>Napjat\u00e1 soci\u00e1ln\u00ed situace velmi \u00fazce souvis\u00ed s velkou nezam\u011bstnanost\u00ed. Zde nab\u00edz\u00edm \u0159e\u0161en\u00ed ve zv\u00fd\u0161en\u00ed po\u010dtu pracovn\u00edch m\u00edst, a to zcela konkr\u00e9tn\u00edm zp\u016fsobem. Zat\u00edmco ostatn\u00ed politici v p\u0159edvolebn\u00edm boji zdej\u0161\u00edm lidem slibuj\u00ed, co rozhodn\u011b nemohou v sou\u010dasn\u00e9 dob\u011b splnit, j\u00e1 jako ministr zem\u011bd\u011blstv\u00ed nab\u00edz\u00edm vytvo\u0159en\u00ed minim\u00e1ln\u011b 1000 pracovn\u00edch m\u00edst p\u0159i p\u011bstebn\u00edch prac\u00edch a obnov\u011b les\u016f v Kru\u0161n\u00fdch hor\u00e1ch, kdy Lesy \u010cR zakl\u00e1daj\u00ed p\u0159\u00edmo nov\u00fd lesn\u00ed z\u00e1vod v Teplic\u00edch, kter\u00fd bude nab\u00edrat pracovn\u00edky z kraje. Dal\u0161\u00ed mo\u017enosti ze sv\u00e9ho oboru vid\u00edm u st\u00e1tn\u00edho podniku Povod\u00ed Labe, kter\u00fd m\u016f\u017ee nab\u00eddnout pracovn\u00ed m\u00edsta p\u0159i budov\u00e1n\u00ed protipovod\u0148ov\u00fdch opat\u0159en\u00ed a odstra\u0148ov\u00e1n\u00ed povod\u0148ov\u00fdch \u0161kod.<br \/>\nOsobn\u011b budu podporovat v\u0161echny iniciativy, kter\u00e9 povedou k odleh\u010den\u00ed st\u00e1tn\u00edho rozpo\u010dtu od zneu\u017e\u00edvan\u00fdch v\u00fdplat soci\u00e1ln\u00edch d\u00e1vek. Ve volebn\u00edm programu Zemanovc\u016f je jednou z priorit legislativn\u011b zabr\u00e1nit tomu, aby na soci\u00e1ln\u00edm syst\u00e9mu parazitovali n\u011bkte\u0159\u00ed sobe\u010dt\u00ed jedinci, a vytvo\u0159it tak rovnov\u00e1hu mezi soci\u00e1ln\u00edmi pr\u00e1vy a soci\u00e1ln\u00ed odpov\u011bdnost\u00ed. Dal\u0161\u00ed prioritou, s pot\u0159ebou legislativn\u00edch \u00faprav, je tak\u00e9 v\u00e1z\u00e1n\u00ed v\u00fdplat soci\u00e1ln\u00edch d\u00e1vek na pracovn\u00ed za\u010dlen\u011bn\u00ed p\u0159\u00edjemc\u016f t\u011bchto d\u00e1vek, nap\u0159\u00edklad formou ve\u0159ejn\u011b prosp\u011b\u0161n\u00fdch prac\u00ed, co\u017e by se ale net\u00fdkalo osob zdravotn\u011b posti\u017een\u00fdch. Zamezen\u00ed zneu\u017e\u00edv\u00e1n\u00ed v\u00fdplaty soci\u00e1ln\u00edch d\u00e1vek majiteli ubytoven, ale i byt\u016f v osobn\u00edm vlastnictv\u00ed, vid\u00edm v ur\u010den\u00ed maxim\u00e1ln\u00ed \u010d\u00e1stky, kterou majitel m\u016f\u017ee obdr\u017eet bez ohledu na j\u00edm p\u0159ipravenou n\u00e1jemn\u00ed smlouvu.<\/p>\n<p><strong>Ji\u0159\u00ed \u0160koda l\u00eddr Strany zelen\u00fdch<\/strong><\/p>\n<p>Z\u00e1sadn\u00edm probl\u00e9mem je, \u017ee \u010cR vynakl\u00e1d\u00e1 naprostou v\u011bt\u0161inu finan\u010dn\u00edch prost\u0159edk\u016f na sanov\u00e1n\u00ed negativn\u00edch d\u016fsledk\u016f sou\u010dasn\u00e9ho stavu m\u00edsto na c\u00edlenou a masivn\u00ed prevenci probl\u00e9m\u016f spojen\u00fdch se soci\u00e1ln\u00edm vylou\u010den\u00edm. Efektivn\u00ed cesta k \u0159e\u0161en\u00ed soci\u00e1ln\u00edho vylou\u010den\u00ed p\u0159itom nevede skrze represi, ale p\u0159edev\u0161\u00edm prost\u0159ednictv\u00edm \u0161ance na kvalitn\u00ed vzd\u011bl\u00e1n\u00ed a v\u010dasnou soci\u00e1ln\u00ed pomoc. Obce dr\u017e\u00ed kl\u00ed\u010d k nastaven\u00ed zodpov\u011bdn\u00e9 soci\u00e1ln\u00ed politiky, av\u0161ak st\u00e1t dnes nen\u00ed pro obce ani neziskov\u00e9 organizace spolehlivou oporou. Proto pos\u00edl\u00edme roli Agentury pro soci\u00e1ln\u00ed za\u010dle\u0148ov\u00e1n\u00ed a vytvo\u0159\u00edme podm\u00ednky pro zv\u00fd\u0161en\u00ed participace Rom\u016f na hled\u00e1n\u00ed \u0159e\u0161en\u00ed a jejich realizaci. Prosad\u00edme z\u00e1kon o soci\u00e1ln\u00edm bydlen\u00ed, kter\u00fd zv\u00fd\u0161\u00ed dostupnost d\u016fstojn\u00e9ho bydlen\u00ed pro pot\u0159ebn\u00e9, pro mlad\u00e9 rodiny, soci\u00e1ln\u011b slab\u00e9, lidi s posti\u017een\u00edm nebo seniory. V\u00fdstavbu ubytoven nepodporujeme, jejich roli mohou zcela jist\u011b zaujmout obecn\u00ed soci\u00e1ln\u00ed byty.<\/p>\n<p><strong>Filip U\u0161\u00e1k l\u00eddr Zm\u011bny<\/strong><\/p>\n<p>Mysl\u00edm, \u017ee kraj p\u0159ed dv\u011bma lety katastrof\u00e1ln\u011b podcenil situaci ve \u0160luknovsk\u00e9m v\u00fdb\u011b\u017eku, kterou se pak na posledn\u00ed chv\u00edli s bl\u00ed\u017e\u00edc\u00edmi se volbami sna\u017eil &#8222;politicky&#8220; zachr\u00e1nit hejtman\u010din\u00fdm bal\u00ed\u010dkem. Starostov\u00e9 ze \u0160luknovska pot\u0159ebuj\u00ed pomoc a je t\u0159eba jim naslouchat. Rozhodn\u011b je nutn\u00e9 legislativn\u00edmi \u00fapravami stanovit hygienick\u00e9 normy pro ubytovny, zabr\u00e1nit lichv\u00e1\u0159sk\u00e9mu vys\u00e1v\u00e1n\u00ed st\u00e1tu p\u0159es neskute\u010dn\u00e9 n\u00e1jmy na ubytovn\u00e1ch a d\u00e1t lidem ve vylou\u010den\u00fdch lokalit\u00e1ch perspektivu pr\u00e1ce nap\u0159\u00edklad i prost\u0159ednictv\u00edm ve\u0159ejn\u00e9 slu\u017eby. Hnut\u00ed Zm\u011bna m\u00e1 ve sv\u00e9m programu rovn\u011b\u017e podporu programu prevence kriminality nap\u0159\u00edklad v\u011bt\u0161\u00edm zapojen\u00ed romsk\u00fdch asistent\u016f.<\/p>\n<p>Mlad\u00e1 fronta DNES<\/p>\n","protected":false},"excerpt":{"rendered":"<div class=\"mh-excerpt\"><p>L\u00edd\u0159i siln\u00fdch stran na severu \u010cech odpov\u00eddaj\u00ed na ot\u00e1zky MF DNES : 1) Jak z parlamentu p\u0159isp\u011bjete ke zklidn\u011bn\u00ed napjat\u00e9 soci\u00e1ln\u00ed situace v kraji?\u00a0 2) <a class=\"mh-excerpt-more\" href=\"https:\/\/www.invarena.cz\/?p=11896\" title=\"Jak z parlamentu zabr\u00e1n\u00edte zneu\u017eit\u00ed d\u00e1vek?\">[&#8230;]<\/a><\/p>\n<\/div>","protected":false},"author":1,"featured_media":915,"comment_status":"open","ping_status":"open","sticky":false,"template":"","format":"standard","meta":{"footnotes":""},"categories":[6],"tags":[],"class_list":["post-11896","post","type-post","status-publish","format-standard","has-post-thumbnail","hentry","category-politika"],"_links":{"self":[{"href":"https:\/\/www.invarena.cz\/index.php?rest_route=\/wp\/v2\/posts\/11896","targetHints":{"allow":["GET"]}}],"collection":[{"href":"https:\/\/www.invarena.cz\/index.php?rest_route=\/wp\/v2\/posts"}],"about":[{"href":"https:\/\/www.invarena.cz\/index.php?rest_route=\/wp\/v2\/types\/post"}],"author":[{"embeddable":true,"href":"https:\/\/www.invarena.cz\/index.php?rest_route=\/wp\/v2\/users\/1"}],"replies":[{"embeddable":true,"href":"https:\/\/www.invarena.cz\/index.php?rest_route=%2Fwp%2Fv2%2Fcomments&post=11896"}],"version-history":[{"count":0,"href":"https:\/\/www.invarena.cz\/index.php?rest_route=\/wp\/v2\/posts\/11896\/revisions"}],"wp:featuredmedia":[{"embeddable":true,"href":"https:\/\/www.invarena.cz\/index.php?rest_route=\/wp\/v2\/media\/915"}],"wp:attachment":[{"href":"https:\/\/www.invarena.cz\/index.php?rest_route=%2Fwp%2Fv2%2Fmedia&parent=11896"}],"wp:term":[{"taxonomy":"category","embeddable":true,"href":"https:\/\/www.invarena.cz\/index.php?rest_route=%2Fwp%2Fv2%2Fcategories&post=11896"},{"taxonomy":"post_tag","embeddable":true,"href":"https:\/\/www.invarena.cz\/index.php?rest_route=%2Fwp%2Fv2%2Ftags&post=11896"}],"curies":[{"name":"wp","href":"https:\/\/api.w.org\/{rel}","templated":true}]}}