{"id":12057,"date":"2013-10-18T15:41:41","date_gmt":"2013-10-18T13:41:41","guid":{"rendered":"http:\/\/www.invarena.cz\/?p=12057"},"modified":"2013-10-18T15:41:41","modified_gmt":"2013-10-18T13:41:41","slug":"ombudsman-varvarovsky-o-drabkovi","status":"publish","type":"post","link":"https:\/\/www.invarena.cz\/?p=12057","title":{"rendered":"Ombudsman Varva\u0159ovsk\u00fd o Dr\u00e1bkovi"},"content":{"rendered":"<p><strong>V Interview Daniely Drtinov\u00e9 hovo\u0159il ve\u0159ejn\u00fd ochr\u00e1nce pr\u00e1v Pavel Varva\u0159ovsk\u00fd (foto) o exministru Dr\u00e1bkovi, o platech v kancel\u00e1\u0159i ombudsmana i o nedostate\u010dn\u00e9 psychiatrick\u00e9 p\u00e9\u010di o d\u011bti.<\/strong> <!--more--><\/p>\n<p>Daniela DRTINOV\u00c1, moder\u00e1torka:<br \/>\n<strong>Vy jste to u\u017e \u0159ekl, s minul\u00fdmi ministry byla t\u011b\u017ek\u00e1 domluva, aspo\u0148 tedy ob\u010das, taky jste to u\u017e nazna\u010dil, n\u011bkdej\u0161\u00ed ministr Dr\u00e1bek byl podle va\u0161ich slov korektn\u00ed, ale neshodli jste se. Na druhou stranu pravda je, \u017ee dva z kritizovan\u00fdch projekt\u016f, sKarty a DONEZ, tedy takov\u00e9 to doch\u00e1zen\u00ed nezam\u011bstnan\u00fdch na po\u0161tu, ty skon\u010dily. Do jak\u00e9 m\u00edry podle v\u00e1s skon\u010dily i d\u00edky v\u00e1m? D\u00edky tomu va\u0161emu apelu a doporu\u010den\u00edm sm\u011brem k t\u011bmto dv\u011bma projekt\u016fm?<\/strong><\/p>\n<p>Pavel VARVA\u0158OVSK\u00dd, ve\u0159ejn\u00fd ochr\u00e1nce pr\u00e1v:<br \/>\nTak j\u00e1 bych to rozd\u011blil. Ten DONEZ byla podle m\u00e9ho n\u00e1zoru \u00fapln\u00e1, odpus\u0165te mi ten v\u00fdraz, zhovadilost, nem\u011blo to nic spole\u010dn\u00e9ho s bojem proti neleg\u00e1ln\u00edmu zam\u011bstn\u00e1v\u00e1n\u00ed a skon\u010dilo to t\u00edm, \u017ee byly spot\u0159ebov\u00e1ny prost\u0159edky, kter\u00e9 jsme dostali z evropsk\u00fdch, z evropsk\u00fdch zdroj\u016f. A mysl\u00edm si, \u017ee i ta moje polemika s t\u00edm a v\u00fdhrady, \u017ee tam sehr\u00e1ly svoji roli. Bylo to prezentov\u00e1no jako, \u017ee to byl projekt do\u010dasn\u00fd a pen\u00edze byly vy\u010derp\u00e1ny. T\u011bm lidem, kte\u0159\u00ed tam ned\u016fstojn\u011b se museli hl\u00e1sit, je to jedno, jak to skon\u010dilo, jestli se o to zaslou\u017eil ombudsman nebo nedostatek nebo vy\u010derp\u00e1n\u00ed pen\u011bz. J\u00e1 bych \u0159ekl zapla\u0165p\u00e1nb\u016fh za to. Pokud jde o sKarty, to je jin\u00e1 z\u00e1le\u017eitost. Tam j\u00e1 jsem nikdy jaksi se nenav\u00e1\u017eel do toho, jestli se t\u00edm u\u0161et\u0159\u00ed, nebo neu\u0161et\u0159\u00ed.<\/p>\n<p><strong>V\u00e1m vadila jen povinn\u00e1 slu\u017eba, takov\u00e9 to ve stylu: budete se m\u00edt l\u00e9pe, a\u0165 se v\u00e1m to l\u00edb\u00ed, nebo ne.<\/strong><\/p>\n<p>ve\u0159ejn\u00fd ochr\u00e1nce pr\u00e1v:<br \/>\nNo, j\u00e1 jsem, j\u00e1 jsem m\u011bl jedinou v\u00fdhradu na za\u010d\u00e1tku, \u017ee jsem \u0159\u00edkal: pane minist\u0159e, nenu\u0165te to lidem, kte\u0159\u00ed z d\u016fvodu lidsky pochopiteln\u00fdch ty karty nebudou cht\u00edt, proto\u017ee jsou sta\u0159\u00ed, maj\u00ed ned\u016fv\u011bru k t\u011bmto platebn\u00edm instrument\u016fm, maj\u00ed to k nejbli\u017e\u0161\u00edmu bankomatu 30 kilometr\u016f, pojedou tam za sv\u00fd pen\u00edze a zp\u00e1tky a tak d\u00e1le. Necht\u011bl jsem nic jin\u00e9ho, ne\u017e aby k t\u011bm lidem panovala ur\u010dit\u00e1, ur\u010dit\u00fd klientsk\u00fd p\u0159\u00edstup. Aby k nim byl ten st\u00e1t slu\u0161n\u00fd a nenutil jim n\u011bco. Byl jsem, byl jsem toho n\u00e1zoru, \u017ee to bude velmi mal\u00e9 procento, \u0159\u00edkal jsem: dob\u0159e, tak bude to 3 procenta lid\u00ed, 5. Tak\u017ee ten projekt podle m\u00e9ho nemusel v\u016fbec padnout pod st\u016fl p\u0159i tro\u0161e velkorys\u00e9ho p\u0159\u00edstupu st\u00e1tu k lidem, kte\u0159\u00ed to z r\u016fzn\u00fdch d\u016fvod\u016f necht\u011bli. Mohl ur\u010dit\u011b vydr\u017eet, tak\u017ee to je takov\u00e1 kapitola sama pro sebe. Ot\u00e1zka je, co to bude st\u00e1t a tak d\u00e1l.<\/p>\n<p><strong>Pane doktore, sKarta je jedna v\u011bc, nicm\u00e9n\u011b ten DONEZ skute\u010dn\u011b byl placen, alespo\u0148 podle ministerstva soci\u00e1ln\u00edch v\u011bc\u00ed z evropsk\u00fdch pen\u011bz a byl zam\u00fd\u0161len jako n\u00e1stroj proti \u010dern\u00e9 pr\u00e1ci. Nebyla zp\u011btn\u011b vzato va\u0161e kritika ve vztahu t\u0159eba k ob\u011bma t\u011bmto projekt\u016fm, ale zvl\u00e1\u0161t\u011b k DONEZ, zbyte\u010dn\u011b ostr\u00e1?<\/strong><\/p>\n<p>J\u00e1 si mysl\u00edm, \u017ee ne. J\u00e1 ji pova\u017euji za zcela p\u0159il\u00e9havou. V\u017edycky mus\u00ed b\u00fdt n\u011bkdo, j\u00e1 nebo ta funkce ombudsmana je postavena tak, \u017ee ji m\u00e1 vykon\u00e1vat nez\u00e1visle, nestrann\u011b, m\u00e1 \u0159\u00edkat, co si mysl\u00ed. Nemus\u00ed se mnou ka\u017ed\u00fd souhlasit. J\u00e1 to nevykon\u00e1v\u00e1m pro to, abych byl je\u0161t\u011b jednou nebo abych byl co nejd\u00e9le. Byl to m\u016fj n\u00e1zor, j\u00e1 jsem si za n\u00edm st\u00e1l, byl to n\u00e1zor i mnoha jin\u00fdch a j\u00e1 jsem to v podstat\u011b tlumo\u010dil. A jsem pevn\u011b p\u0159esv\u011bd\u010den, \u017ee jsem m\u011bl pravdu. A u t\u011bch sKaret je to tak, jak jsem \u0159\u00edkal, tam je o to jin\u00e9m. Tam se pak na to nabalila spousta dal\u0161\u00edch a dal\u0161\u00edch a dal\u0161\u00edch polemik, kter\u00e9 na za\u010d\u00e1tku nebyly. Na za\u010d\u00e1tku skute\u010dn\u011b byla moje p\u0159edstava, \u017ee kdyby ten st\u00e1t byl, byl tolerantn\u011bj\u0161\u00ed k t\u011bm, kte\u0159\u00ed to z r\u016fzn\u00fdch d\u016fvod\u016f pochopiteln\u00fdch lidsky necht\u011bli, \u017ee ten projekt mohl existovat a nemuselo to dopadnout takhle. Tak\u017ee tam j\u00e1 se nec\u00edt\u00edm b\u00fdt \u017e\u00e1dn\u00fdm ostr\u00fdm kritikem, cht\u011bl jsem pouze slu\u0161n\u00e9 zach\u00e1zen\u00ed.<\/p>\n<p><strong>Novinky.cz v \u010dervnu napsaly: Na mrtv\u00e9 du\u0161e fasuje pen\u00edze od st\u00e1tu v\u011bt\u0161ina \u00fa\u0159ad\u016f. Jde o to, \u017ee l\u00e9ta funguje praxe, kdy tedy v\u011bt\u0161ina st\u00e1tn\u00edch \u00fa\u0159ad\u016f fasuje ze st\u00e1tn\u00edho rozpo\u010dtu pen\u00edze na mzdy pro v\u00edc lid\u00ed, ne\u017e kolik jich skute\u010dn\u011b zam\u011bstn\u00e1vaj\u00ed. T\u00edm si vylep\u0161uj\u00ed tedy platy. Funguje tato praxe i u v\u00e1s? V kancel\u00e1\u0159i ve\u0159ejn\u00e9ho ochr\u00e1nce pr\u00e1v?<\/strong><\/p>\n<p>Nikoli.<\/p>\n<p><strong>Vy jste toti\u017e v \u010dervnu \u017e\u00e1dal sn\u011bmovnu, aby v\u00e1m p\u0159idala 9 milion\u016f na zv\u00fd\u0161en\u00ed plat\u016f zhruba o 3 tis\u00edce m\u011bs\u00ed\u010dn\u011b, aby v\u00e1m neut\u00edkali kvalifikovan\u00ed pr\u00e1vn\u00edci. Pak jste dostal jen necel\u00e9 4 miliony. Pt\u00e1m se na to cel\u00e9 proto, jestli v\u00e1m ode\u0161li kv\u016fli financ\u00edm n\u011bjac\u00ed pr\u00e1vn\u00edci a jestli jich m\u00e1 dost t\u011bch kvalifikovan\u00fdch v\u00e1\u0161 \u00fa\u0159ad?<\/strong><\/p>\n<p>Tady je to t\u0159eba rozd\u011blit. St\u00e1t n\u00e1m p\u0159id\u00e1v\u00e1 pomalu r\u016fzn\u00e9 agendy, kter\u00e9 typicky ombudsman\u016fm nepat\u0159\u00ed. Te\u010f se mluv\u00ed o dal\u0161\u00edch, kter\u00e9 by n\u00e1m cht\u011bli p\u0159idat. A samoz\u0159ejm\u011b ty agendy pot\u0159ebuj\u00ed tak\u00e9 lidi a ti lid\u00e9 pot\u0159ebuj\u00ed pen\u00edze. To, co jste zm\u00ednila, to nebylo ani o nav\u00fd\u0161en\u00ed po\u010dtu pracovn\u00edk\u016f, to bylo o tom, \u017ee n\u00e1m na rozd\u00edl od jin\u00fdch podobn\u00fdch instituc\u00ed, jako je t\u0159eba kancel\u00e1\u0159 Poslaneck\u00e9 sn\u011bmovny, kancel\u00e1\u0159 Sen\u00e1tu, se od toho zmra\u017een\u00ed plat\u016f vych\u00e1z\u00ed z pr\u016fm\u011brn\u00e9ho platu asi 31 tis\u00edc zat\u00edm, proto\u017ee ti lid\u00e9 u n\u00e1s byli tehdy velmi mlad\u00ed a byli v t\u011bch ni\u017e\u0161\u00edch t\u0159\u00edd\u00e1ch, kdy\u017e za\u010d\u00ednali. Zat\u00edmco u t\u011bch jin\u00fdch org\u00e1n\u016f je to 36, 37, 38 a my jsme cht\u011bli, aby ta platov\u00e1 z\u00e1kladna, ze kter\u00e9 se to v\u0161echno odv\u00edj\u00ed, aby byla d\u00e1na&#8230;<\/p>\n<p><strong>Pane doktore, odch\u00e1zej\u00ed, odch\u00e1zej\u00ed v\u00e1m n\u011bkte\u0159\u00ed kvalifikovan\u00ed pr\u00e1vn\u00edci kv\u016fli tomu, \u017ee maj\u00ed u v\u00e1s m\u00e1lo pen\u011bz? Ode\u0161li n\u011bkte\u0159\u00ed, pros\u00edm stru\u010dn\u011b?<\/strong><\/p>\n<p>Ode\u0161li mi n\u011bkte\u0159\u00ed, ale ne\u0159ekl bych, \u017ee kv\u016fli pen\u011bz\u016fm. Mysl\u00edm si, \u017ee n\u011bkte\u0159\u00ed ode\u0161li proto, \u017ee tam t\u0159eba byli 10 let, je jim dneska 35, 36 a hledali nebo ta jejich p\u0159edstava, \u017ee tohle by d\u011blali do penze, asi je neuspokojovala. Ka\u017ed\u00fd \u010dlov\u011bk za sv\u016fj profesn\u00ed \u017eivot by m\u011bl vyst\u0159\u00eddat v\u00edce zam\u011bstn\u00e1n\u00ed. Tak\u017ee j\u00e1 se na n\u011b nezlob\u00edm, j\u00e1 ka\u017ed\u00e9ho, kdo chce odej\u00edt, pust\u00edm, jak se \u0159\u00edk\u00e1, na dohodu, a zat\u00edm jsme v situaci dobr\u00e9, m\u00e1me kvalifikovan\u00e9 lidi. A mus\u00edm \u0159\u00edct, \u017ee pr\u00e1vn\u00edk\u016f je asi mnoho, pon\u011bvad\u017e kdy\u017e n\u011bkoho hled\u00e1me a vyp\u00ed\u0161eme v\u00fdb\u011brov\u00e9 \u0159\u00edzen\u00ed na 4 m\u00edsta, tak se n\u00e1m p\u0159ihl\u00e1s\u00ed 160 lid\u00ed.<\/p>\n<p><strong>&#8230;..A v\u011bc druh\u00e1, podle v\u00e1s nen\u00ed psychiatrick\u00e1 p\u00e9\u010de o d\u011bti v \u010cesk\u00e9 republice dostate\u010dn\u00e1. Cht\u011bla jsem se zeptat, do jak\u00e9 m\u00edry je to skute\u010dn\u011b z\u00e1va\u017en\u00fd probl\u00e9m, a jestli by nest\u00e1lo za to z\u0159\u00eddit v \u010cesk\u00e9 republice \u00fa\u0159ad d\u011btsk\u00e9ho ombudsmana? Tyto n\u00e1vrhy se objevuj\u00ed v posledn\u00ed dob\u011b. Proto\u017ee vy n\u011bjakou agendu tohoto typu m\u00e1te, ale jestli zvl\u00e1dnete v\u0161echno?<\/strong><\/p>\n<p>Pod\u00edvejte, ten, za prv\u00e9, ten, te\u010f za\u010dala jste t\u00edm, \u017ee do p\u00e9\u010de o d\u011bti s t\u011bmito diagn\u00f3zami nen\u00ed dostate\u010dn\u00e1, tak to nen\u00ed. To byl titulek, kter\u00fd vytrhl jaksi ze zpr\u00e1vy, kter\u00e1 m\u00e1 velmi mnoho str\u00e1nek, jednu takovou pas\u00e1\u017e. My m\u00e1me nebo moje kancel\u00e1\u0159 a 10 lid\u00ed tam maj\u00ed agendu, \u017ee dohl\u00ed\u017eej\u00ed na m\u00edsta, kde jsou lid\u00e9 ne zcela svobodn\u00ed a vyb\u00edraj\u00ed si v\u017edycky t\u00e9maticky. Tak\u017ee nav\u0161t\u011bvovali i d\u011btsk\u00e9 psychiatrick\u00e9 l\u00e9\u010debny, kde zji\u0161\u0165ovali podm\u00ednky, ve kter\u00fdch ty d\u011bti \u017eij\u00ed, pohybuj\u00ed se. \u010cili tam jde sp\u00ed\u0161 o to, zdali je s nimi zach\u00e1zeno d\u016fstojn\u011b a tak d\u00e1l. Tam nebyly&#8230;<\/p>\n<p><strong>Tak\u017ee, pane doktore, je, nebo nen\u00ed dostate\u010dn\u00e1 ta p\u00e9\u010de psychiatrick\u00e1 o d\u011bti?\u00a0<\/strong><\/p>\n<p>J\u00e1 to domluv\u00edm. Tam nebyly zji\u0161t\u011bny \u017e\u00e1dn\u00e9 proh\u0159e\u0161ky proti, \u0159ekl bych, lidsk\u00fdm pr\u00e1v\u016fm. Ale samoz\u0159ejm\u011b kdy\u017e se t\u00edmhle t\u00edm zab\u00fdv\u00e1te, tak tam jaksi hodnot\u00ed ti lid\u00e9 a tak\u00e9 ti pracovn\u00edci se k tomu vyjad\u0159uj\u00ed a ty jejich, ty jejich v\u00fdhrady nebo p\u0159ipom\u00ednky ta zpr\u00e1va vyjad\u0159uje.<\/p>\n<p>A jejich vyj\u00e1d\u0159en\u00ed bylo: je n\u00e1s, je n\u00e1s m\u00e1lo, pot\u0159ebovali bychom v\u00edce, aby nemusely d\u011bti do l\u00e9\u010deben, aby bylo t\u0159eba v\u00edce ter\u00e9nn\u00edch psychiatr\u016f a d\u011bti se nemusely d\u00e1vat do \u00fastavn\u00ed p\u00e9\u010de. To byl smysl.<\/p>\n<p><strong>D\u011bkuji v\u00e1m, na shledanou.<\/strong><\/p>\n","protected":false},"excerpt":{"rendered":"<div class=\"mh-excerpt\"><p>V Interview Daniely Drtinov\u00e9 hovo\u0159il ve\u0159ejn\u00fd ochr\u00e1nce pr\u00e1v Pavel Varva\u0159ovsk\u00fd (foto) o exministru Dr\u00e1bkovi, o platech v kancel\u00e1\u0159i ombudsmana i o nedostate\u010dn\u00e9 psychiatrick\u00e9 p\u00e9\u010di o <a class=\"mh-excerpt-more\" href=\"https:\/\/www.invarena.cz\/?p=12057\" title=\"Ombudsman Varva\u0159ovsk\u00fd o Dr\u00e1bkovi\">[&#8230;]<\/a><\/p>\n<\/div>","protected":false},"author":1,"featured_media":382,"comment_status":"open","ping_status":"open","sticky":false,"template":"","format":"standard","meta":{"footnotes":""},"categories":[12],"tags":[],"class_list":["post-12057","post","type-post","status-publish","format-standard","has-post-thumbnail","hentry","category-rozhovory"],"_links":{"self":[{"href":"https:\/\/www.invarena.cz\/index.php?rest_route=\/wp\/v2\/posts\/12057","targetHints":{"allow":["GET"]}}],"collection":[{"href":"https:\/\/www.invarena.cz\/index.php?rest_route=\/wp\/v2\/posts"}],"about":[{"href":"https:\/\/www.invarena.cz\/index.php?rest_route=\/wp\/v2\/types\/post"}],"author":[{"embeddable":true,"href":"https:\/\/www.invarena.cz\/index.php?rest_route=\/wp\/v2\/users\/1"}],"replies":[{"embeddable":true,"href":"https:\/\/www.invarena.cz\/index.php?rest_route=%2Fwp%2Fv2%2Fcomments&post=12057"}],"version-history":[{"count":0,"href":"https:\/\/www.invarena.cz\/index.php?rest_route=\/wp\/v2\/posts\/12057\/revisions"}],"wp:featuredmedia":[{"embeddable":true,"href":"https:\/\/www.invarena.cz\/index.php?rest_route=\/wp\/v2\/media\/382"}],"wp:attachment":[{"href":"https:\/\/www.invarena.cz\/index.php?rest_route=%2Fwp%2Fv2%2Fmedia&parent=12057"}],"wp:term":[{"taxonomy":"category","embeddable":true,"href":"https:\/\/www.invarena.cz\/index.php?rest_route=%2Fwp%2Fv2%2Fcategories&post=12057"},{"taxonomy":"post_tag","embeddable":true,"href":"https:\/\/www.invarena.cz\/index.php?rest_route=%2Fwp%2Fv2%2Ftags&post=12057"}],"curies":[{"name":"wp","href":"https:\/\/api.w.org\/{rel}","templated":true}]}}