{"id":12165,"date":"2013-10-22T23:07:08","date_gmt":"2013-10-22T21:07:08","guid":{"rendered":"http:\/\/www.invarena.cz\/?p=12165"},"modified":"2013-10-22T23:11:14","modified_gmt":"2013-10-22T21:11:14","slug":"aby-se-pracoviti-lide-nemuseli-bat-nouze","status":"publish","type":"post","link":"https:\/\/www.invarena.cz\/?p=12165","title":{"rendered":"Aby se pracovit\u00ed lid\u00e9 nemuseli b\u00e1t nouze"},"content":{"rendered":"<p><strong>Alena Ko\u0161\u0165\u00e1kov\u00e1, kandid\u00e1tka do sn\u011bmovn\u00edch voleb za KS\u010cM, \u017eije v Turnov\u011b. Vzdala se zam\u011bstn\u00e1n\u00ed a pe\u010duje doma o hendikepovan\u00e9ho bratra a nemocn\u00e9ho otce.\u00a0<\/strong> <!--more--><\/p>\n<p><strong>&#8211; Co o sob\u011b prozrad\u00edte?<\/strong><\/p>\n<p>Pracovala jsem v apar\u00e1tu Krajsk\u00e9ho v\u00fdboru Socialistick\u00e9ho svazu ml\u00e1de\u017ee v Hradci Kr\u00e1lov\u00e9, byla jsem tak\u00e9 poslankyn\u00ed ONV Semily. Postupem \u010dasu, kdy se zkomplikovala rodinn\u00e1 situace, mlad\u0161\u00ed bratr onemocn\u011bl roztrou\u0161enou skler\u00f3zou a matka tak\u00e9 nebyla zdrav\u00e1, jsem p\u0159e\u0161la pracovat bl\u00ed\u017ee sv\u00e9mu bydli\u0161ti. Pracovala jsem na Vysok\u00e9 \u0161kole strojn\u00ed a textiln\u00ed v Liberci, kde jsem zodpov\u00eddala za \u00fasek v\u00fdchovy a vzd\u011bl\u00e1v\u00e1n\u00ed, a ve V\u00fdzkumn\u00e9m a v\u00fdvojov\u00e9m \u00fastavu stavebn\u00edm v Liberci, kde jsem m\u011bla na starosti tot\u00e9\u017e. Posl\u00e9ze jsem vykon\u00e1vala funkci podnikov\u00e9 kontrolorky. Jsem \u010dlenkou Turnovsk\u00e9 m\u011bstsk\u00e9 rady KS\u010cM, pl\u00e9na a V\u00fdkonn\u00e9ho v\u00fdboru OV KS\u010cM Semily. Od ledna tohoto roku pracuji ve v\u00fdboru pro hospod\u00e1\u0159stv\u00ed a region\u00e1ln\u00ed rozvoj Zastupitelstva Libereck\u00e9ho kraje.<\/p>\n<p><strong>&#8211; S jak\u00fdmi probl\u00e9my se dnes musej\u00ed pot\u00fdkat ob\u010dan\u00e9 a ob\u010danky Semilska a Turnovska?<\/strong><\/p>\n<p>V prvn\u00ed \u0159ad\u011b je to nezam\u011bstnanost. V okrese Semily p\u0159ipad\u00e1 na jedno voln\u00e9 pracovn\u00ed m\u00edsto \u0161estn\u00e1ct uchaze\u010d\u016f a podle v\u0161eho se situace bude zhor\u0161ovat. Zdej\u0161\u00ed okres m\u011bl renom\u00e9 a byl zn\u00e1m\u00fd sv\u00fdm textiln\u00edm pr\u016fmyslem, \u0161perka\u0159stv\u00edm a zpracov\u00e1n\u00edm drahokam\u016f. V Turnov\u011b sice st\u00e1le V\u00fdrobn\u00ed dru\u017estvo Gran\u00e1t existuje, ale u\u017e ztratilo sv\u016fj v\u011bhlas. Mnoh\u00e9 dal\u0161\u00ed podniky zm\u011bnily po roce 1989 vlastnickou strukturu, v\u00fdrobu omezily a do\u0161lo k \u00fatlumu. A kdy\u017e si vezmeme cel\u00fd n\u00e1\u0161 okres &#8211; kde jsou firmy jako Kolora, Seba, Kovoz\u00e1vody? Nejsou, zni\u010dil je kapitalismus. Dnes nen\u00ed v\u00fdjimkou, \u017ee t\u0159eba pades\u00e1tilet\u00fd textiln\u00ed in\u017een\u00fdr je r\u00e1d, kdy\u017e se\u017eene jakoukoliv pr\u00e1ci, t\u0159eba i v hodn\u011b pod\u0159adn\u00e9m oboru. Nakonec se m\u016f\u017ee st\u00e1t, \u017ee vysoko\u0161kol\u00e1k skon\u010d\u00ed u pokladny v supermarketu nebo na vr\u00e1tnici, pokud v\u016fbec n\u011bjak\u00e9 m\u00edsto se\u017eene. Nen\u00ed mo\u017en\u00e9 si z lid\u00ed d\u011blat ovce, i proto jsem si zvolila volebn\u00ed motto: Aby se pracovit\u00ed lid\u00e9 nemuseli b\u00e1t nouze. Dal\u0161\u00edm probl\u00e9mem je osud turnovsk\u00e9 nemocnice, kter\u00e1 m\u00edvala dobrou pov\u011bst. Nyn\u00ed mus\u00ed bojovat o hol\u00e9 p\u0159e\u017eit\u00ed. Nejhor\u0161\u00ed je nejistota \u2013 ob\u010dan\u016f i person\u00e1lu. Je smutn\u00e9, \u017ee se v kapitalismu stalo ze zdrav\u00ed pouh\u00e9 zbo\u017e\u00ed a ze zdravotnictv\u00ed byznys.<\/p>\n<p><strong>&#8211; Kdybyste dostala od ob\u010dan\u016f d\u016fv\u011bru, co by bylo ve sn\u011bmovn\u011b va\u0161\u00ed prioritou?<\/strong><\/p>\n<p>Hlavn\u011b bych se zam\u011b\u0159ila na soci\u00e1ln\u00ed oblast a zdravotnictv\u00ed. Moj\u00ed prioritou by byli handicapovan\u00ed, nemocn\u00ed a sta\u0159\u00ed ob\u010dan\u00e9. V\u00edte, kdy\u017e se bratrova nemoc dostala do stadia, kdy byl upout\u00e1n na invalidn\u00ed voz\u00edk s nejvy\u0161\u0161\u00edm stupn\u011bm bezmocnosti, a matka byla z d\u016fvodu inoperabiln\u00ed zlomeniny stehenn\u00edho kr\u010dku rovn\u011b\u017e imobiln\u00ed, ukon\u010dila jsem pracovn\u00ed pom\u011br a za\u010dala se v\u011bnovat p\u00e9\u010di o osoby bl\u00edzk\u00e9. Do dom\u00e1c\u00ed nemocnice mi bohu\u017eel potom p\u0159ibyl i otec. Po t\u011bchto zku\u0161enostech tedy v\u00edm, jak d\u016fle\u017eit\u00e9 je zajistit handicapovan\u00fdm spoluob\u010dan\u016fm d\u016fstojn\u00fd \u017eivot.<\/p>\n<p><strong>&#8211; Jak\u00e9 m\u00e1te kon\u00ed\u010dky? <\/strong><\/p>\n<p>Ji\u017e od d\u011btstv\u00ed m\u00e1m r\u00e1da zv\u00ed\u0159ata. M\u016fj mlad\u0161\u00ed bratr Petr, o kter\u00e9m jsem ji\u017e mluvila, zem\u0159el p\u0159edloni a mn\u011b po n\u011bm zbyl jeho asisten\u010dn\u00ed pes n\u011bmeck\u00fd ov\u010d\u00e1k Madla. Je velice hodn\u00e1 a p\u0159\u00e1telsk\u00e1, skoro pudl\u00edk p\u0159evle\u010den\u00fd za ov\u010d\u00e1ka. Jde j\u00ed na 13. rok, tak\u017ee ob\u010das m\u00edv\u00e1 n\u011bjak\u00e9 zdravotn\u00ed probl\u00e9my, ale zat\u00edm to zvl\u00e1d\u00e1me. Pom\u011brn\u011b dob\u0159e na ni p\u016fsob\u00ed, \u017ee do na\u0161\u00ed sme\u010dky p\u0159ibylo \u0161t\u011bn\u011b moskevsk\u00e9ho str\u00e1\u017en\u00edho psa Nata\u0161a, kterou vychov\u00e1v\u00e1. Ostatn\u011b u\u017e i Karel \u010capek tvrdil, \u017ee kdo nem\u00e1 r\u00e1d psy, nem\u016f\u017ee m\u00edt r\u00e1d lidi. Do na\u0161\u00ed \u00bbzoo\u00ab d\u00e1le pat\u0159\u00ed dva papou\u0161ci.<\/p>\n","protected":false},"excerpt":{"rendered":"<div class=\"mh-excerpt\"><p>Alena Ko\u0161\u0165\u00e1kov\u00e1, kandid\u00e1tka do sn\u011bmovn\u00edch voleb za KS\u010cM, \u017eije v Turnov\u011b. Vzdala se zam\u011bstn\u00e1n\u00ed a pe\u010duje doma o hendikepovan\u00e9ho bratra a nemocn\u00e9ho otce.\u00a0<\/p>\n<\/div>","protected":false},"author":1,"featured_media":12166,"comment_status":"open","ping_status":"open","sticky":false,"template":"","format":"standard","meta":{"footnotes":""},"categories":[6,12],"tags":[],"class_list":["post-12165","post","type-post","status-publish","format-standard","has-post-thumbnail","hentry","category-politika","category-rozhovory"],"_links":{"self":[{"href":"https:\/\/www.invarena.cz\/index.php?rest_route=\/wp\/v2\/posts\/12165","targetHints":{"allow":["GET"]}}],"collection":[{"href":"https:\/\/www.invarena.cz\/index.php?rest_route=\/wp\/v2\/posts"}],"about":[{"href":"https:\/\/www.invarena.cz\/index.php?rest_route=\/wp\/v2\/types\/post"}],"author":[{"embeddable":true,"href":"https:\/\/www.invarena.cz\/index.php?rest_route=\/wp\/v2\/users\/1"}],"replies":[{"embeddable":true,"href":"https:\/\/www.invarena.cz\/index.php?rest_route=%2Fwp%2Fv2%2Fcomments&post=12165"}],"version-history":[{"count":0,"href":"https:\/\/www.invarena.cz\/index.php?rest_route=\/wp\/v2\/posts\/12165\/revisions"}],"wp:featuredmedia":[{"embeddable":true,"href":"https:\/\/www.invarena.cz\/index.php?rest_route=\/wp\/v2\/media\/12166"}],"wp:attachment":[{"href":"https:\/\/www.invarena.cz\/index.php?rest_route=%2Fwp%2Fv2%2Fmedia&parent=12165"}],"wp:term":[{"taxonomy":"category","embeddable":true,"href":"https:\/\/www.invarena.cz\/index.php?rest_route=%2Fwp%2Fv2%2Fcategories&post=12165"},{"taxonomy":"post_tag","embeddable":true,"href":"https:\/\/www.invarena.cz\/index.php?rest_route=%2Fwp%2Fv2%2Ftags&post=12165"}],"curies":[{"name":"wp","href":"https:\/\/api.w.org\/{rel}","templated":true}]}}