{"id":12175,"date":"2013-10-22T23:23:49","date_gmt":"2013-10-22T21:23:49","guid":{"rendered":"http:\/\/www.invarena.cz\/?p=12175"},"modified":"2013-10-22T23:23:49","modified_gmt":"2013-10-22T21:23:49","slug":"zharsky-utok-na-chranenou-dilnu","status":"publish","type":"post","link":"https:\/\/www.invarena.cz\/?p=12175","title":{"rendered":"\u017dh\u00e1\u0159sk\u00fd \u00fatok na chr\u00e1n\u011bnou d\u00edlnu"},"content":{"rendered":"<p><strong>Chr\u00e1n\u011bnou d\u00edlnu v P\u0159\u00ed\u0161ovic\u00edch u Turnova se nejsp\u00ed\u0161 pokusil zap\u00e1lit \u017eh\u00e1\u0159. Vypl\u00fdv\u00e1 to z \u0161et\u0159en\u00ed hasi\u010d\u016f. Podle veden\u00ed d\u00edlny zdravotn\u011b posti\u017een\u00ed zam\u011bstnanci z\u0159ejm\u011b p\u0159ijdou o \u010d\u00e1st v\u00fdd\u011blku.<\/strong> \/ilustra\u010dn\u00ed sn\u00edmek\/ <!--more--><\/p>\n<p>V\u011bnuj\u00ed se \u00faprav\u011b d\u00edl\u016f pro n\u011bkolik firem, balen\u00ed z\u00e1silek nebo v\u00fdrob\u011b obal\u016f z plastu. D\u00edlnou za 6 let pro\u0161lo asi 80 lid\u00ed a spolupr\u00e1ce s m\u00edstn\u00edmi byla v\u017edy bezprobl\u00e9mov\u00e1. Pro\u010d n\u011bkdo v noci na \u010dtvrtek rozbil okno a halu se pokusil zap\u00e1lit, proto nikdo z obecn\u011b prosp\u011b\u0161n\u00e9 spole\u010dnosti nech\u00e1pe.<\/p>\n<p>B\u0159etislav JANSA, vedouc\u00ed chr\u00e1n\u011bn\u00e9 d\u00edlny: &#8222;Policie tady objevila zbytek plastov\u00e9ho kanystru a pejsek pak identifikoval ho\u0159lavinu, kter\u00e1 tady byla rozlit\u00e1. &#8220;<\/p>\n<p>Veden\u00ed d\u00edlny je p\u0159esv\u011bd\u010deno, \u017ee pachatel musel \u00fatok pe\u010dliv\u011b pl\u00e1novat. Vybral si toti\u017e jedin\u00e9 m\u00edsto, kde byly uskladn\u011bn\u00e9 vysoce ho\u0159lav\u00e9 plastov\u00e9 obaly. Po\u017e\u00e1rn\u00ed \u010didlo a rychl\u00fd z\u00e1sah hasi\u010d\u016f zamezily tomu, aby se ohe\u0148 roz\u0161\u00ed\u0159il na celou budovu. \u0160kody ale nebudou mal\u00e9. \u010c\u00e1st zbo\u017e\u00ed po\u017e\u00e1r zni\u010dil a provoz v hale stoj\u00ed.<\/p>\n<p>Franti\u0161ek STILLER, p\u0159edseda sdru\u017een\u00ed 1. turnovsk\u00e1 chr\u00e1n\u011bn\u00e1 d\u00edlna: &#8222;M\u00e1me dojednan\u00e9 zak\u00e1zky, kter\u00e9 mus\u00edme splnit. Pokud je neud\u011bl\u00e1me, tak o tuto v\u00fdrobu klidn\u011b m\u016f\u017eeme p\u0159ij\u00edt. &#8220;<\/p>\n<p>D\u00edlna zam\u011bstn\u00e1v\u00e1 t\u0159icet lid\u00ed z Liberecka i ze st\u0159edn\u00edch \u010cech. Pavl\u00edna Sk\u00e1lov\u00e1 z Jeni\u0161ovic v n\u00ed pracuje 3 roky a v\u00ed, \u017ee kdyby hala vyho\u0159ela, ona ani nikdo z koleg\u016f by jinou pr\u00e1ci nena\u0161el.<\/p>\n<p>Pavl\u00edna SK\u00c1LOV\u00c1, pracovnice chr\u00e1n\u011bn\u00e9 d\u00edlny: &#8222;Skon\u010dili bychom na pracovn\u00edm \u00fa\u0159adu. Nic jin\u00e9ho by n\u00e1m nezb\u00fdvalo.<\/p>\n<p>Veden\u00ed d\u00edlny o \u017eh\u00e1\u0159sk\u00e9m \u00fatoku nepochybuje. Vy\u0161et\u0159ov\u00e1n\u00ed ale je\u0161t\u011b n\u011bjak\u00fd \u010das potrv\u00e1.<\/p>\n<p>Zdenka \u0160TRAUCHOV\u00c1, mluv\u010d\u00ed HZS Libereck\u00e9ho kraje: &#8222;M\u00edsto bylo p\u0159ed\u00e1no policii pro podez\u0159en\u00ed z \u00famysln\u00e9ho zap\u00e1len\u00ed.&#8220;<\/p>\n<p>Vladim\u00edra \u0160R\u00ddTROV\u00c1, mluv\u010d\u00ed libereck\u00e9 policie:&#8220;Nen\u00ed zah\u00e1jeno trestn\u00ed st\u00edh\u00e1n\u00ed proti konkr\u00e9tn\u00ed osob\u011b.<\/p>\n<p>Okna v poni\u010den\u00e9 hale chce nechat veden\u00ed d\u00edlny rad\u011bji zazd\u00edt. Budovu st\u00e1le spl\u00e1c\u00ed, a proto mu nezb\u00fdv\u00e1 ne\u017e doufat, \u017ee se pachatel nevr\u00e1t\u00ed.<\/p>\n<p>\u010cesk\u00e1 televize<\/p>\n","protected":false},"excerpt":{"rendered":"<div class=\"mh-excerpt\"><p>Chr\u00e1n\u011bnou d\u00edlnu v P\u0159\u00ed\u0161ovic\u00edch u Turnova se nejsp\u00ed\u0161 pokusil zap\u00e1lit \u017eh\u00e1\u0159. Vypl\u00fdv\u00e1 to z \u0161et\u0159en\u00ed hasi\u010d\u016f. Podle veden\u00ed d\u00edlny zdravotn\u011b posti\u017een\u00ed zam\u011bstnanci z\u0159ejm\u011b p\u0159ijdou o <a class=\"mh-excerpt-more\" href=\"https:\/\/www.invarena.cz\/?p=12175\" title=\"\u017dh\u00e1\u0159sk\u00fd \u00fatok na chr\u00e1n\u011bnou d\u00edlnu\">[&#8230;]<\/a><\/p>\n<\/div>","protected":false},"author":1,"featured_media":0,"comment_status":"open","ping_status":"open","sticky":false,"template":"","format":"standard","meta":{"footnotes":""},"categories":[7],"tags":[],"class_list":["post-12175","post","type-post","status-publish","format-standard","hentry","category-spolecnost"],"_links":{"self":[{"href":"https:\/\/www.invarena.cz\/index.php?rest_route=\/wp\/v2\/posts\/12175","targetHints":{"allow":["GET"]}}],"collection":[{"href":"https:\/\/www.invarena.cz\/index.php?rest_route=\/wp\/v2\/posts"}],"about":[{"href":"https:\/\/www.invarena.cz\/index.php?rest_route=\/wp\/v2\/types\/post"}],"author":[{"embeddable":true,"href":"https:\/\/www.invarena.cz\/index.php?rest_route=\/wp\/v2\/users\/1"}],"replies":[{"embeddable":true,"href":"https:\/\/www.invarena.cz\/index.php?rest_route=%2Fwp%2Fv2%2Fcomments&post=12175"}],"version-history":[{"count":0,"href":"https:\/\/www.invarena.cz\/index.php?rest_route=\/wp\/v2\/posts\/12175\/revisions"}],"wp:attachment":[{"href":"https:\/\/www.invarena.cz\/index.php?rest_route=%2Fwp%2Fv2%2Fmedia&parent=12175"}],"wp:term":[{"taxonomy":"category","embeddable":true,"href":"https:\/\/www.invarena.cz\/index.php?rest_route=%2Fwp%2Fv2%2Fcategories&post=12175"},{"taxonomy":"post_tag","embeddable":true,"href":"https:\/\/www.invarena.cz\/index.php?rest_route=%2Fwp%2Fv2%2Ftags&post=12175"}],"curies":[{"name":"wp","href":"https:\/\/api.w.org\/{rel}","templated":true}]}}