{"id":12231,"date":"2013-10-25T09:40:36","date_gmt":"2013-10-25T07:40:36","guid":{"rendered":"http:\/\/www.invarena.cz\/?p=12231"},"modified":"2013-10-25T09:40:36","modified_gmt":"2013-10-25T07:40:36","slug":"absurdni-predpisy","status":"publish","type":"post","link":"https:\/\/www.invarena.cz\/?p=12231","title":{"rendered":"Absurdn\u00ed p\u0159edpisy"},"content":{"rendered":"<p><strong>Tak\u00e9 v\u00e1s ob\u010das zaraz\u00ed absurdita n\u011bkter\u00fdch z\u00e1kon\u016f? P\u0159\u00edkladem m\u016f\u017ee b\u00fdt p\u0159\u00edb\u011bh pana Vlastimila. Je voz\u00ed\u010dk\u00e1\u0159, ale nem\u00e1 pr\u00e1vo parkovat na m\u00edstech pro invalidy. Nem\u00e1 toti\u017e pr\u016fkaz ZTP a podle posudkov\u00e9 komise spr\u00e1vy soci\u00e1ln\u00edho zabezpe\u010den\u00ed na ni nem\u00e1 n\u00e1rok.<!--more--><\/strong><\/p>\n<p>&nbsp;<\/p>\n<p>Pan Vlastimil z\u016fstal po nehod\u011b odk\u00e1zan\u00fd na invalidn\u00ed voz\u00edk. U\u017e dvakr\u00e1t na \u00fa\u0159adu pr\u00e1ce \u017e\u00e1dal o pr\u016fkazku ZTP, dvakr\u00e1t jeho \u017e\u00e1dost zam\u00edtli. Pan Vlastimil se odvolal proto na ministerstvo pr\u00e1ce a soci\u00e1ln\u00edch v\u011bc\u00ed. Cht\u011bl zjistit, jak to s jeho odvol\u00e1n\u00edm vypad\u00e1, a proto na posudkovou komisi ministerstva zavolal.<\/p>\n<p>Vlastimil S\u00c1DL\u00cdK :&#8220;Bylo mi \u0159e\u010deno do telefonu, \u017ee m\u011b stejn\u011b chce vid\u011bt jejich neurolog, \u017ee &#8230; Pochopil jsem to tak, \u017ee nebude br\u00e1n z\u0159etel na neurologa, kter\u00e9ho m\u00e1m j\u00e1.&#8220;<\/p>\n<p>Pan Vlastimil se tak mus\u00ed obrnit trp\u011blivost\u00ed. Dolo\u017een\u00e9 l\u00e9ka\u0159sk\u00e9 zpr\u00e1vy posudkov\u00e9 komisi nesta\u010d\u00ed a pan Vlastimil tak asi bude muset p\u0159ijet do Prahy osobn\u011b. Je to tak pro n\u011bj dal\u0161\u00ed komplikace.<\/p>\n<p>l\u00e9ka\u0159ka posudkov\u00e9 komise:&#8220;.. j\u00e1 ch\u00e1pu, \u017ee ned\u00e1 schody. J\u00e1 v\u00e1m vysv\u011btluju, \u017ee tady nejsou \u017e\u00e1dn\u00fd schody, po kter\u00fdch by musel j\u00edt. Ale j\u00e1 ani nev\u00edm, pro\u010d by on nebyl schopnej po t\u011bch schodech j\u00edt, proto\u017ee k tomu nem\u00e1m \u017e\u00e1dn\u00fd objektivn\u00ed podklady, ze kter\u00fdch by vypl\u00fdvalo, \u017ee on nen\u00ed schopnej ch\u016fze po schodech.<\/p>\n<p>Pro\u010d ale voz\u00ed\u010dk\u00e1\u0159 nem\u00e1 n\u00e1rok na pr\u016fkazku osoby se zdravotn\u00edm posti\u017een\u00edm?<\/p>\n<p>Jana BURA\u0147OV\u00c1, mluv\u010d\u00ed \u010cSSZ \/16. \u0159\u00edjna 2013\/:&#8220;N\u00e1rok na pr\u016fkazku osoby se zdravotn\u00edm posti\u017een\u00edm se hodnot\u00ed z\u00e1kladn\u00ed \u017eivotn\u00ed pot\u0159eby v oblasti mobility a orientace.&#8220;<\/p>\n<p>Vlastimil S\u00c1DL\u00cdK, \/16. \u0159\u00edjna 2013\/:&#8220;Hlavn\u00ed d\u016fvod byl v tom, \u017ee j\u00e1 prost\u011b se obejdu bez pomoci druh\u00e9 osoby, \u017ee sta\u010d\u00ed, \u017ee jsem orientovanej m\u00edstem a zvl\u00e1d\u00e1m l\u00e9ka\u0159e.&#8220;<\/p>\n<p>V\u00e1clav KR\u00c1SA, p\u0159edseda NRZP \u010cR:&#8220;P\u0159eci \u010dlov\u011bk, kter\u00fd je na voz\u00edku, se nem\u016f\u017ee nikam dostat a je jedno, \u017ee si doma um\u00ed uva\u0159it \u010daj. To je prost\u011b blbost. Ti \u00fa\u0159edn\u00edci tohleto velmi dob\u0159e v\u011bd\u00ed a je pot\u0159eba s t\u00edm je\u0161t\u011b do konce roku bojovat.&#8220;<\/p>\n<p>Od Nov\u00e9ho roku bude toti\u017e platit \u00fapln\u00e1 zm\u011bna posuzov\u00e1n\u00ed osob se zdravotn\u00edm posti\u017een\u00edm a lidem na voz\u00edku tak snad vznikne n\u00e1rok na tolik pot\u0159ebn\u00e9 pr\u016fkazky.<\/p>\n<p>V\u00e1clav KR\u00c1SA, p\u0159edseda NRZP \u010cR:&#8220;P\u0159ipad\u00e1 mi jako v Kocourkov\u011b, jako n\u011bkde \u00fapln\u011b na Marsu, \u017ee \u00fa\u0159edn\u00edk, kter\u00fd v\u00ed, \u017ee to je \u0161patn\u011b, tak\u017ee tomu \u010dlov\u011bku neporad\u00ed, jak to ud\u011blat, aby pr\u016fkaz dostal.&#8220;<\/p>\n<p>Odborn\u00edci se shoduj\u00ed, \u017ee pokud by pan Vlastimil byl nucen podat spr\u00e1vn\u00ed \u017ealobu, tak by pr\u00fd nepochybn\u011b vyhr\u00e1l. L\u00e9ka\u0159sk\u00e1 posudkov\u00e1 komise se toti\u017e nem\u00e1 striktn\u011b dr\u017eet jen legislativy, ale vz\u00edt v potaz v\u0161echny okolnosti posuzovan\u00e9ho.<\/p>\n<p>podlem report\u00e1\u017ee Prima FTV zaznamenala invArena.<\/p>\n","protected":false},"excerpt":{"rendered":"<div class=\"mh-excerpt\"><p>Tak\u00e9 v\u00e1s ob\u010das zaraz\u00ed absurdita n\u011bkter\u00fdch z\u00e1kon\u016f? P\u0159\u00edkladem m\u016f\u017ee b\u00fdt p\u0159\u00edb\u011bh pana Vlastimila. Je voz\u00ed\u010dk\u00e1\u0159, ale nem\u00e1 pr\u00e1vo parkovat na m\u00edstech pro invalidy. Nem\u00e1 toti\u017e <a class=\"mh-excerpt-more\" href=\"https:\/\/www.invarena.cz\/?p=12231\" title=\"Absurdn\u00ed p\u0159edpisy\">[&#8230;]<\/a><\/p>\n<\/div>","protected":false},"author":1,"featured_media":11993,"comment_status":"open","ping_status":"open","sticky":false,"template":"","format":"standard","meta":{"footnotes":""},"categories":[7],"tags":[],"class_list":["post-12231","post","type-post","status-publish","format-standard","has-post-thumbnail","hentry","category-spolecnost"],"_links":{"self":[{"href":"https:\/\/www.invarena.cz\/index.php?rest_route=\/wp\/v2\/posts\/12231","targetHints":{"allow":["GET"]}}],"collection":[{"href":"https:\/\/www.invarena.cz\/index.php?rest_route=\/wp\/v2\/posts"}],"about":[{"href":"https:\/\/www.invarena.cz\/index.php?rest_route=\/wp\/v2\/types\/post"}],"author":[{"embeddable":true,"href":"https:\/\/www.invarena.cz\/index.php?rest_route=\/wp\/v2\/users\/1"}],"replies":[{"embeddable":true,"href":"https:\/\/www.invarena.cz\/index.php?rest_route=%2Fwp%2Fv2%2Fcomments&post=12231"}],"version-history":[{"count":0,"href":"https:\/\/www.invarena.cz\/index.php?rest_route=\/wp\/v2\/posts\/12231\/revisions"}],"wp:featuredmedia":[{"embeddable":true,"href":"https:\/\/www.invarena.cz\/index.php?rest_route=\/wp\/v2\/media\/11993"}],"wp:attachment":[{"href":"https:\/\/www.invarena.cz\/index.php?rest_route=%2Fwp%2Fv2%2Fmedia&parent=12231"}],"wp:term":[{"taxonomy":"category","embeddable":true,"href":"https:\/\/www.invarena.cz\/index.php?rest_route=%2Fwp%2Fv2%2Fcategories&post=12231"},{"taxonomy":"post_tag","embeddable":true,"href":"https:\/\/www.invarena.cz\/index.php?rest_route=%2Fwp%2Fv2%2Ftags&post=12231"}],"curies":[{"name":"wp","href":"https:\/\/api.w.org\/{rel}","templated":true}]}}