{"id":12232,"date":"2013-10-24T19:16:51","date_gmt":"2013-10-24T17:16:51","guid":{"rendered":"http:\/\/www.invarena.cz\/?p=12232"},"modified":"2013-10-24T19:17:02","modified_gmt":"2013-10-24T17:17:02","slug":"nevidomeho-se-pokusili-okrast-v-baru","status":"publish","type":"post","link":"https:\/\/www.invarena.cz\/?p=12232","title":{"rendered":"Nevidom\u00e9ho se pokusili okr\u00e1st v baru"},"content":{"rendered":"<p><strong>Do m\u00e9di\u00ed se dostal dal\u0161\u00ed p\u0159\u00edpad, kdy n\u011bkdo okradl v\u00e1\u017en\u011b posti\u017een\u00e9ho \u010dlov\u011bka. Tentokr\u00e1t se stal ob\u011bt\u00ed slep\u00fd mu\u017e z Kol\u00edna. V baru ho podle report\u00e1\u017ee TV Nova okradli o pen\u011b\u017eenku.<\/strong> <!--more--><br \/>\nV kol\u00ednsk\u00e9m nonstop baru ukradla dvojice pachatel\u016f nevidom\u00e9mu mu\u017ei pen\u011b\u017eenku z jeho kalhot. Pan K. p\u0159i\u0161el kv\u016fli vrozen\u00e9 vad\u011b o zrak v 19 letech, ale jak s\u00e1m \u0159\u00edk\u00e1, jsou na tom jin\u00ed lid\u00e9 i mnohem h\u016f\u0159. P\u0159ed p\u00e1r dny se rozhodl, \u017ee zajde se sv\u00fdm p\u0159\u00edbuzn\u00fdm na pivo do jednoho z kol\u00ednsk\u00fdch nonstop bar\u016f. Tam se k nim po chv\u00edli p\u0159ipojil nezn\u00e1m\u00fd mu\u017e se \u017eenou. Kdy\u017e nevidom\u00fd mu\u017e z podniku odch\u00e1zel, \u017eena se s n\u00edm velmi srde\u010dn\u011b lou\u010dila. Objala ho a v tom okam\u017eiku p\u0159i\u0161el o pen\u011b\u017eenku.<\/p>\n<p>pan K.:&#8220;Jsme se lou\u010dili a \u0159\u00edk\u00e1m, jdeme, a najednou cejt\u00edm, jak n\u011bkdo tah\u00e1 pen\u011b\u017eenku. Necel\u00fd 2 tis\u00edce.&#8220;<\/p>\n<p>D\u00edky tomu, \u017ee pan K. uc\u00edtil, jak ho n\u011bkdo okr\u00e1d\u00e1, zalarmoval mu\u017ee, kter\u00fd v podniku obsluhoval.<\/p>\n<p>pan K.:&#8220; Ten zav\u0159el a \u0159\u00edk\u00e1: tak zavol\u00e1me policajty a nikdo nep\u016fjde ven. Oni to tam hodili na zem n\u011bkam.&#8220;<\/p>\n<p>Policii se d\u00edky duchap\u0159\u00edtomn\u00e9mu barmanovi poda\u0159ilo brzy zlod\u011bjku polapit. A hroz\u00ed j\u00ed te\u010f 3 roky v\u011bzen\u00ed.<\/p>\n<p>V\u011bra \u017d\u00cdDKOV\u00c1, tiskov\u00e1 mluv\u010d\u00ed Policie Kol\u00edn:&#8220;Kriminalist\u00e9 sd\u011blili podez\u0159en\u00ed \u0161estadvacetilet\u00e9 \u017een\u011b z p\u0159e\u010dinu kr\u00e1de\u017e. Je to pro policii zn\u00e1m\u00e1 osoba.&#8220;<\/p>\n<p>A bohu\u017eel se nejednalo o v\u00fdjime\u010dn\u00fd p\u0159\u00edpad. Za posledn\u00ed dobu je podle tv Nova z\u0159ejm\u011b \u010d\u00edm d\u00e1l v\u00edce p\u0159epaden\u00fdch nebo okraden\u00fdch zdravotn\u011b posti\u017een\u00fdch lid\u00ed. Nap\u0159. p\u0159\u00edpad voz\u00ed\u010dk\u00e1\u0159e, kter\u00e9mu zlod\u011bj ukradl z batohu drahou baterii, kter\u00e1 poh\u00e1n\u011bla jeho invalidn\u00ed voz\u00edk. A p\u0159ed p\u00e1r dny dal\u0161\u00ed zlod\u011bj ukradl invalidovi jeho hlin\u00edkov\u00e9 berle a do sb\u011brny je prodal za 20 korun.<\/p>\n<p>podle televize Nova zaznamenala invArena<\/p>\n","protected":false},"excerpt":{"rendered":"<div class=\"mh-excerpt\"><p>Do m\u00e9di\u00ed se dostal dal\u0161\u00ed p\u0159\u00edpad, kdy n\u011bkdo okradl v\u00e1\u017en\u011b posti\u017een\u00e9ho \u010dlov\u011bka. Tentokr\u00e1t se stal ob\u011bt\u00ed slep\u00fd mu\u017e z Kol\u00edna. V baru ho podle report\u00e1\u017ee <a class=\"mh-excerpt-more\" href=\"https:\/\/www.invarena.cz\/?p=12232\" title=\"Nevidom\u00e9ho se pokusili okr\u00e1st v baru\">[&#8230;]<\/a><\/p>\n<\/div>","protected":false},"author":1,"featured_media":0,"comment_status":"open","ping_status":"open","sticky":false,"template":"","format":"standard","meta":{"footnotes":""},"categories":[7],"tags":[],"class_list":["post-12232","post","type-post","status-publish","format-standard","hentry","category-spolecnost"],"_links":{"self":[{"href":"https:\/\/www.invarena.cz\/index.php?rest_route=\/wp\/v2\/posts\/12232","targetHints":{"allow":["GET"]}}],"collection":[{"href":"https:\/\/www.invarena.cz\/index.php?rest_route=\/wp\/v2\/posts"}],"about":[{"href":"https:\/\/www.invarena.cz\/index.php?rest_route=\/wp\/v2\/types\/post"}],"author":[{"embeddable":true,"href":"https:\/\/www.invarena.cz\/index.php?rest_route=\/wp\/v2\/users\/1"}],"replies":[{"embeddable":true,"href":"https:\/\/www.invarena.cz\/index.php?rest_route=%2Fwp%2Fv2%2Fcomments&post=12232"}],"version-history":[{"count":0,"href":"https:\/\/www.invarena.cz\/index.php?rest_route=\/wp\/v2\/posts\/12232\/revisions"}],"wp:attachment":[{"href":"https:\/\/www.invarena.cz\/index.php?rest_route=%2Fwp%2Fv2%2Fmedia&parent=12232"}],"wp:term":[{"taxonomy":"category","embeddable":true,"href":"https:\/\/www.invarena.cz\/index.php?rest_route=%2Fwp%2Fv2%2Fcategories&post=12232"},{"taxonomy":"post_tag","embeddable":true,"href":"https:\/\/www.invarena.cz\/index.php?rest_route=%2Fwp%2Fv2%2Ftags&post=12232"}],"curies":[{"name":"wp","href":"https:\/\/api.w.org\/{rel}","templated":true}]}}