{"id":12235,"date":"2013-10-24T13:00:18","date_gmt":"2013-10-24T11:00:18","guid":{"rendered":"http:\/\/www.invarena.cz\/?p=12235"},"modified":"2013-10-24T13:00:18","modified_gmt":"2013-10-24T11:00:18","slug":"babis-s-nemcovou-se-shodli-ze-socialni-system-nefunguje-reseni-ale-maji-rozdilna","status":"publish","type":"post","link":"https:\/\/www.invarena.cz\/?p=12235","title":{"rendered":"Babi\u0161 s N\u011bmcovou se shodli, \u017ee soci\u00e1ln\u00ed syst\u00e9m nefunguje. \u0158e\u0161en\u00ed ale maj\u00ed rozd\u00edln\u00e1"},"content":{"rendered":"<p><strong>Andrej Babi\u0161 (ANO) a Miroslava N\u011bmcov\u00e1 (foto, ODS) se utkali v p\u0159edvolebn\u00ed debat\u011b televize Nova. Hovo\u0159ili tak\u00e9 o probl\u00e9mech v soci\u00e1ln\u00edm syst\u00e9mu, kdy pro posti\u017een\u00e9 d\u011bti nejsou pen\u00edze na drahou l\u00e9\u010dbu a mus\u00ed tak prosit d\u00e1rce. P\u0159e\u010dt\u011bte si, jak by situaci cht\u011bli \u0159e\u0161it.<\/strong><br \/>\n<!--more--><\/p>\n<p>Za posledn\u00ed t\u0159i m\u011bs\u00edce Televize Nova zve\u0159ejnila osmn\u00e1ct p\u0159\u00edpad\u016f d\u011bt\u00ed, kter\u00e9 nemaj\u00ed pen\u00edze na n\u00e1kladnou l\u00e9\u010dbu, kter\u00e1 by jim mohla pomoci a nebo na nadstandardn\u00ed kompenza\u010dn\u00ed pom\u016fcky. Rodi\u010de jsou tak zoufal\u00ed, \u017ee mus\u00ed prost\u0159ednictv\u00edm televize \u017e\u00e1dat lidi o pomoc. Ti na\u0161t\u011bst\u00ed v\u017edy pomohou. V\u0161ichni se ale shoduj\u00ed, \u017ee by m\u011bl pom\u00e1hat hlavn\u011b st\u00e1t a poji\u0161\u0165ovny, ne ob\u010dan\u00e9, kte\u0159\u00ed nav\u00edc \u010dasto maj\u00ed tak\u00e9 hluboko do kapes.<\/p>\n<p>Redaktorka:<br \/>\n<strong>Pane Babi\u0161i, nemysl\u00edte si, \u017ee tady st\u00e1t hrub\u011b selh\u00e1v\u00e1?<\/strong><\/p>\n<p>Andrej Babi\u0161, l\u00eddr hnut\u00ed ANO:<br \/>\nUr\u010dit\u011b selh\u00e1v\u00e1. J\u00e1 jsem zalo\u017eil nadaci, kde jsme dali sto milion\u016f korun pr\u00e1v\u011b na tyto organizace. Dali jsme na Paraple, do \u0161kol, na \u0160luknovsko.<br \/>\nSt\u00e1t mus\u00ed vybrat pen\u00edze a spravedliv\u011b je p\u0159erozd\u011blit, ale to tady te\u010f nefunguje tak\u017ee st\u00e1t nem\u00e1 pen\u00edze.<br \/>\nMy tedy chceme, aby st\u00e1t vybral pen\u00edze a fungoval racion\u00e1ln\u011b, tedy aby vybran\u00e9 pen\u00edze byly spravedliv\u011b p\u0159erozd\u011bleny.<\/p>\n<p>Miroslava N\u011bmcov\u00e1 l\u00eddr ODS:<br \/>\nTy p\u0159\u00edb\u011bhy posti\u017een\u00fdch d\u011bt\u00ed vedou k ot\u00e1zce, zda zdravotn\u00ed syst\u00e9m funguje tak jak m\u00e1? J\u00e1 si mysl\u00edm, \u017ee funguje na velice vysok\u00e9 profesion\u00e1ln\u00ed \u00farovni. Medic\u00edna se neust\u00e1le vyv\u00edj\u00ed a na\u0161i odborn\u00edci maj\u00ed spoustu \u00fasp\u011bch\u016f.<br \/>\nNa druhou stranu je evidentn\u00ed, \u017ee tady n\u011bco hapruje.<br \/>\nPro\u010d je mo\u017en\u00e9, \u017ee kdy\u017e p\u0159ijdete do n\u011bkter\u00fdch nemocnic, tak prosperuj\u00ed, maj\u00ed ty nejlep\u0161\u00ed odborn\u00edky a odd\u011blen\u00ed a n\u011bkter\u00fdm se prost\u011b neda\u0159\u00ed. Mysl\u00edm si, \u017ee je to \u0161patn\u00fdm veden\u00edm nemocnic.<br \/>\nMy budeme pr\u00e1v\u011b prosazovat, aby vznikala skute\u010dn\u011b specializovan\u00e1 odd\u011blen\u00ed s t\u011bmi nejlep\u0161\u00edmi odborn\u00edky, ale ne aby byla v ka\u017ed\u00e9 nemocnici, na to jednodu\u0161e nejsou v syst\u00e9mu pen\u00edze. Pen\u00edze prost\u011b mus\u00ed j\u00edt p\u0159\u00edmo hlavn\u011b na ta specializovan\u00e1 odd\u011blen\u00ed.<\/p>\n<p>Redaktorka:<br \/>\n<strong>Jak je mo\u017en\u00e9, \u017ee kdy\u017e si lid\u00e9 plat\u00ed zdravotn\u00ed poji\u0161t\u011bn\u00ed, tak i p\u0159esto nemaj\u00ed zaru\u010denou zdravotn\u00ed p\u00e9\u010di, nemocnice jsou v dluz\u00edch? Nebylo tady n\u011bco zanedb\u00e1no a jak z toho ven?<\/strong><\/p>\n<p>Miroslava N\u011bmcov\u00e1:<br \/>\nJ\u00e1 jsem p\u0159esv\u011bd\u010dena, \u017ee je to v\u0161e hlavn\u011b o schopn\u00e9m managementu jednotliv\u00fdch nemocnic, proto\u017ee jak u\u017e jsem \u0159ekla, n\u011bkter\u00fdm nemocnic\u00edm se da\u0159\u00ed a n\u011bkter\u00fdm ne. Je tedy pot\u0159eba se na ty hor\u0161\u00ed pod\u00edvat a zm\u011bnit management, aby se jim tak\u00e9 da\u0159ilo.<\/p>\n<p><strong>Nem\u011bl by na to b\u00fdt tlak politik\u016f?<\/strong><\/p>\n<p>Miroslava N\u011bmcov\u00e1:<br \/>\nJ\u00e1 jsem p\u0159esv\u011bd\u010dena, \u017ee je to hlavn\u011b ot\u00e1zka zdravotn\u00edch poji\u0161\u0165oven a jednotliv\u00fdch nemocnic. Tlak politik\u016f m\u016f\u017ee b\u00fdt, ale le\u017e\u00ed to stejn\u011b v\u0161e na poji\u0161\u0165ovn\u00e1ch.<\/p>\n<p>Andrej Babi\u0161:<br \/>\nJ\u00e1 si mysl\u00edm, \u017ee nejd\u016fle\u017eit\u011bj\u0161\u00ed je odpolitizovat VZP. Tam se nejv\u00edce pl\u00fdtv\u00e1. Na poji\u0161t\u011bn\u00ed se ro\u010dn\u011b vybere 260 miliard, ale pak se s nimi \u0161patn\u011b nakl\u00e1d\u00e1, tak\u017ee pen\u00edze tam jsou, ale je pot\u0159eba s nimi racion\u00e1ln\u011b nakl\u00e1dat. VZP by m\u011bli v\u00e9st odborn\u00edci a ne politici.<\/p>\n<p>invArena<\/p>\n","protected":false},"excerpt":{"rendered":"<div class=\"mh-excerpt\"><p>Andrej Babi\u0161 (ANO) a Miroslava N\u011bmcov\u00e1 (foto, ODS) se utkali v p\u0159edvolebn\u00ed debat\u011b televize Nova. Hovo\u0159ili tak\u00e9 o probl\u00e9mech v soci\u00e1ln\u00edm syst\u00e9mu, kdy pro posti\u017een\u00e9 <a class=\"mh-excerpt-more\" href=\"https:\/\/www.invarena.cz\/?p=12235\" title=\"Babi\u0161 s N\u011bmcovou se shodli, \u017ee soci\u00e1ln\u00ed syst\u00e9m nefunguje. \u0158e\u0161en\u00ed ale maj\u00ed rozd\u00edln\u00e1\">[&#8230;]<\/a><\/p>\n<\/div>","protected":false},"author":1,"featured_media":12238,"comment_status":"open","ping_status":"open","sticky":false,"template":"","format":"standard","meta":{"footnotes":""},"categories":[6,12,9],"tags":[],"class_list":["post-12235","post","type-post","status-publish","format-standard","has-post-thumbnail","hentry","category-politika","category-rozhovory","category-zpravy"],"_links":{"self":[{"href":"https:\/\/www.invarena.cz\/index.php?rest_route=\/wp\/v2\/posts\/12235","targetHints":{"allow":["GET"]}}],"collection":[{"href":"https:\/\/www.invarena.cz\/index.php?rest_route=\/wp\/v2\/posts"}],"about":[{"href":"https:\/\/www.invarena.cz\/index.php?rest_route=\/wp\/v2\/types\/post"}],"author":[{"embeddable":true,"href":"https:\/\/www.invarena.cz\/index.php?rest_route=\/wp\/v2\/users\/1"}],"replies":[{"embeddable":true,"href":"https:\/\/www.invarena.cz\/index.php?rest_route=%2Fwp%2Fv2%2Fcomments&post=12235"}],"version-history":[{"count":0,"href":"https:\/\/www.invarena.cz\/index.php?rest_route=\/wp\/v2\/posts\/12235\/revisions"}],"wp:featuredmedia":[{"embeddable":true,"href":"https:\/\/www.invarena.cz\/index.php?rest_route=\/wp\/v2\/media\/12238"}],"wp:attachment":[{"href":"https:\/\/www.invarena.cz\/index.php?rest_route=%2Fwp%2Fv2%2Fmedia&parent=12235"}],"wp:term":[{"taxonomy":"category","embeddable":true,"href":"https:\/\/www.invarena.cz\/index.php?rest_route=%2Fwp%2Fv2%2Fcategories&post=12235"},{"taxonomy":"post_tag","embeddable":true,"href":"https:\/\/www.invarena.cz\/index.php?rest_route=%2Fwp%2Fv2%2Ftags&post=12235"}],"curies":[{"name":"wp","href":"https:\/\/api.w.org\/{rel}","templated":true}]}}